{"id":10181,"date":"2020-02-09T19:54:57","date_gmt":"2020-02-09T19:54:57","guid":{"rendered":"https:\/\/www.tonyelumelufoundation.org\/?p=10181"},"modified":"2020-02-09T19:55:02","modified_gmt":"2020-02-09T19:55:02","slug":"la-fondation-tony-elumelu-decaisse-la-premiere-tranche-de-lengagement-de-partenariat-de-5-millions-de-la-banque-africaine-de-developpement","status":"publish","type":"post","link":"https:\/\/www.tonyelumelufoundation.org\/fr\/news\/tony-elumelu-foundation-disburses-first-tranche-of-5m-partnership-commitment-from-african-development-bank","title":{"rendered":"La Fondation Tony Elumelu d\u00e9caisse la premi\u00e8re tranche de l&#039;engagement de partenariat $5m de la Banque africaine de d\u00e9veloppement"},"content":{"rendered":"<p class=\"has-text-align-center\"><em>De droite \u00e0 gauche : Tony O. Elumelu, CON, fondateur de la Fondation Tony Elumelu et Akinwunmi Adesina, pr\u00e9sident de la Banque africaine de d\u00e9veloppement (BAD) lors du Forum sur l&#039;entrepreneuriat de la Fondation Tony Elumelu 2019 \u2013 la plus grande conf\u00e9rence sur l&#039;entrepreneuriat en Afrique.<\/em><\/p>\n\n\n\n<p><strong>La BAD rejoint le programme TEF pour catalyser l\u2019entrepreneuriat en Afrique<\/strong><\/p>\n\n\n\n<p>Tony O. Elumelu, CON, a f\u00e9licit\u00e9 la Banque africaine de d\u00e9veloppement (BAD) et le pr\u00e9sident de la BAD, Akinwumi Adesina, pour leur engagement en faveur de l&#039;entrepreneuriat africain, avec le d\u00e9caissement d&#039;un capital d&#039;amor\u00e7age de $2,5millions aux b\u00e9n\u00e9ficiaires parrain\u00e9s par la BAD du TEF Entrepreneurship 2019. Programme. $2,5 millions ont \u00e9t\u00e9 d\u00e9bloqu\u00e9s aujourd&#039;hui, le reste devant \u00eatre d\u00e9caiss\u00e9 aux entrepreneurs au premier trimestre 2020.<\/p>\n\n\n\n<p>L&#039;engagement de la BAD fait suite au r\u00e9cent d\u00e9caissement de $8,5 millions du Programme des Nations Unies pour le d\u00e9veloppement (PNUD) en faveur de 2 648 entrepreneurs dans la r\u00e9gion du Sahel et en Afrique plus largement, et acc\u00e9l\u00e8re encore l&#039;autonomisation \u00e9conomique g\u00e9n\u00e9r\u00e9e par la Fondation Tony Elumelu. En 2019, la Fondation a consid\u00e9rablement accru l&#039;ampleur et la port\u00e9e de son impact, le nombre de b\u00e9n\u00e9ficiaires de son programme phare d&#039;entrepreneuriat passant de son engagement annuel de 1\u00a0000 \u00e0 5\u00a0150, en collaboration avec des partenaires mondiaux et africains.<\/p>\n\n\n\n<p>&nbsp;Forte de son engagement \u00e0 renforcer les petites et moyennes entreprises et \u00e0 d\u00e9velopper les jeunes entrepreneurs, la BAD a rejoint la liste croissante des institutions de d\u00e9veloppement mondiales b\u00e9n\u00e9ficiant du mod\u00e8le unique de la Fondation Tony Elumelu en mati\u00e8re d&#039;identification, de formation, de mentorat et de financement d&#039;entrepreneurs et de start-ups \u00e0 travers l&#039;Afrique. Ce partenariat d\u00e9montre la mise en \u0153uvre de la strat\u00e9gie d\u00e9cennale \u00ab Des emplois pour les jeunes en Afrique \u00bb de la BAD, lanc\u00e9e en 2016, pour soutenir la cr\u00e9ation de 25 millions d&#039;emplois significatifs \u00e0 travers le continent.<\/p>\n\n\n\n<p>Le partenariat illustre la volont\u00e9 de TEF de partager son infrastructure et son savoir-faire, avec d&#039;autres qui partagent la mission d&#039;autonomiser les jeunes entrepreneurs africains et l&#039;objectif de TEF de cr\u00e9er des millions d&#039;emplois, ainsi que de g\u00e9n\u00e9rer<\/p>\n\n\n\n<p>&nbsp;des milliards de dollars de revenus, pour catalyser la croissance \u00e9conomique \u00e0 travers le continent.<\/p>\n\n\n\n<p>La Fondation accepte actuellement les candidatures pour la cohorte 2020 de son programme phare d&#039;entrepreneuriat sur TEFConnect.com, le centre num\u00e9rique africain pour les entrepreneurs.<\/p>","protected":false},"excerpt":{"rendered":"<p>De droite \u00e0 gauche : Tony O. Elumelu, CON, fondateur de la Fondation Tony Elumelu et Akinwunmi Adesina, pr\u00e9sident de la Banque africaine de d\u00e9veloppement (BAD) lors du Forum sur l&#039;entrepreneuriat de la Fondation Tony Elumelu 2019 \u2013 la plus grande conf\u00e9rence sur l&#039;entrepreneuriat en Afrique. La BAD rejoint le programme TEF pour catalyser l&#039;entrepreneuriat \u00e0 travers l&#039;Afrique Tony O. Elumelu, CON, a f\u00e9licit\u00e9 la Banque africaine de d\u00e9veloppement (BAD) et le pr\u00e9sident de la BAD\u2026<\/p>","protected":false},"author":21,"featured_media":10182,"comment_status":"open","ping_status":"open","sticky":false,"template":"","format":"standard","meta":{"_exactmetrics_skip_tracking":false,"_exactmetrics_sitenote_active":false,"_exactmetrics_sitenote_note":"","_exactmetrics_sitenote_category":0,"cybocfi_hide_featured_image":"","footnotes":""},"categories":[20,59,66,18,63],"tags":[133,44,47,79,49],"class_list":["post-10181","post","type-post","status-publish","format-standard","has-post-thumbnail","hentry","category-articles","category-english","category-media-kit","category-news","category-press-releases","tag-afdb","tag-tef","tag-tony-elumelu","tag-tony-elumelu-entrepreneurs","tag-tony-elumelu-foundation"],"_links":{"self":[{"href":"https:\/\/www.tonyelumelufoundation.org\/fr\/wp-json\/wp\/v2\/posts\/10181","targetHints":{"allow":["GET"]}}],"collection":[{"href":"https:\/\/www.tonyelumelufoundation.org\/fr\/wp-json\/wp\/v2\/posts"}],"about":[{"href":"https:\/\/www.tonyelumelufoundation.org\/fr\/wp-json\/wp\/v2\/types\/post"}],"author":[{"embeddable":true,"href":"https:\/\/www.tonyelumelufoundation.org\/fr\/wp-json\/wp\/v2\/users\/21"}],"replies":[{"embeddable":true,"href":"https:\/\/www.tonyelumelufoundation.org\/fr\/wp-json\/wp\/v2\/comments?post=10181"}],"version-history":[{"count":0,"href":"https:\/\/www.tonyelumelufoundation.org\/fr\/wp-json\/wp\/v2\/posts\/10181\/revisions"}],"wp:featuredmedia":[{"embeddable":true,"href":"https:\/\/www.tonyelumelufoundation.org\/fr\/wp-json\/wp\/v2\/media\/10182"}],"wp:attachment":[{"href":"https:\/\/www.tonyelumelufoundation.org\/fr\/wp-json\/wp\/v2\/media?parent=10181"}],"wp:term":[{"taxonomy":"category","embeddable":true,"href":"https:\/\/www.tonyelumelufoundation.org\/fr\/wp-json\/wp\/v2\/categories?post=10181"},{"taxonomy":"post_tag","embeddable":true,"href":"https:\/\/www.tonyelumelufoundation.org\/fr\/wp-json\/wp\/v2\/tags?post=10181"}],"curies":[{"name":"wp","href":"https:\/\/api.w.org\/{rel}","templated":true}]}}