{"id":1117,"date":"2014-05-08T18:59:41","date_gmt":"2014-05-08T17:59:41","guid":{"rendered":"http:\/\/www.tonyelumelufoundation.org\/?post_type=pressrelease&#038;p=1117"},"modified":"2020-07-20T09:38:05","modified_gmt":"2020-07-20T08:38:05","slug":"la-fondation-tony-elumelu-lance-linstitut-de-lafricapitalisme","status":"publish","type":"post","link":"https:\/\/www.tonyelumelufoundation.org\/fr\/news\/tony-elumelu-foundation-launches-africapitalism-institute","title":{"rendered":"La Fondation Tony Elumelu lance l&#039;Institut Africapitalism"},"content":{"rendered":"<h2 align=\"center\"><em>Un groupe de r\u00e9flexion panafricain se concentrera sur le d\u00e9blocage et la promotion <\/em><\/h2>\n<h2 align=\"center\"><em>opportunit\u00e9s \u00e9conomiques \u00e0 travers l\u2019Afrique<\/em><\/h2>\n<p><img fetchpriority=\"high\" decoding=\"async\" class=\"aligncenter size-full wp-image-1119\" src=\"https:\/\/www.tonyelumelufoundation.org\/wp-content\/uploads\/2014\/05\/ai-banner_tef1.jpg\" alt=\"ai banni\u00e8re_tef\" width=\"960\" height=\"339\" \/><\/p>\n<p><b>Abuja, 8 mai 2014 \u2013 <\/b>Tony O. Elumelu, CON, pr\u00e9sident de Heirs Holdings et fondateur de la Fondation Tony Elumelu, a annonc\u00e9 aujourd&#039;hui le lancement de l&#039;Institut Africapitalism au Forum \u00e9conomique mondial sur l&#039;Afrique, \u00e0 Abuja, au Nigeria.<\/p>\n<p>L&#039;Africapitalisme \u2013 la philosophie \u00e9tablie par M. Elumelu \u2013 appelle le secteur priv\u00e9 \u00e0 s&#039;engager \u00e0 r\u00e9aliser des investissements \u00e0 long terme dans toute l&#039;Afrique qui g\u00e9n\u00e8rent \u00e0 la fois prosp\u00e9rit\u00e9 \u00e9conomique et richesse sociale.<\/p>\n<p>\u00ab L&#039;Institut Africapitalism appartient \u00e0 nous tous \u00bb a not\u00e9 M. Elumelu. Il s\u2019agit du premier groupe de r\u00e9flexion panafricain dont le si\u00e8ge est en Afrique, fond\u00e9 et financ\u00e9 par des Africains. Le travail de l&#039;Institut codifiera la philosophie de l&#039;Africapitalisme \u00e0 travers l&#039;Afrique et le monde. En tant que groupe de r\u00e9flexion enti\u00e8rement financ\u00e9 et dirig\u00e9 par des Africains, l\u2019institut se concentrera sur une recherche acad\u00e9mique rigoureuse et applicable dans la pratique et sur un engagement multipartite pour plaider en faveur de politiques publiques et de pratiques commerciales qui ouvriront des opportunit\u00e9s pour tous les Africains.<\/p>\n<p>\u00ab Je suis ici pour saluer une id\u00e9e gagnante \u00bb, a d\u00e9clar\u00e9 le Dr Donald Kaberuka, pr\u00e9sident de la Banque africaine de d\u00e9veloppement, saluant le pouvoir des \u00ab id\u00e9es venant des cr\u00e9ateurs de richesse et des preneurs de risques africains qui servent de mod\u00e8les \u00bb et offrant le plein soutien de la Banque dans ce domaine. faire avancer le programme de l\u2019Africapitalisme.<\/p>\n<p>Le Dr Rajiv Shah, administrateur de l&#039;Agence des \u00c9tats-Unis pour le d\u00e9veloppement international (USAID), a soulign\u00e9 l&#039;engagement du gouvernement des \u00c9tats-Unis \u00e0 faire progresser les principes de l&#039;africapitalisme et a not\u00e9 la reconnaissance par le pr\u00e9sident Barak Obama du r\u00f4le vital jou\u00e9 par les entrepreneurs africains dans la transformation du continent.<\/p>\n<p>Le secr\u00e9taire ex\u00e9cutif de la Commission \u00e9conomique des Nations Unies pour l&#039;Afrique, le Dr Carlos Lopes, a f\u00e9licit\u00e9 Tony Elumelu pour \u00ab avoir fait tout le n\u00e9cessaire \u2013 \u00e0 la fois en termes de r\u00e9flexion qui \u00e9claire l&#039;\u00e9laboration et l&#039;ex\u00e9cution des politiques, pour garantir que les choses se produisent \u00bb, ajoutant \u00ab c&#039;est ce qui rend l\u2019Africapitalisme cr\u00e9dible.<\/p>\n<p>Lors de la conf\u00e9rence de presse de lancement, David Rice, directeur de l&#039;Institut, a pr\u00e9sent\u00e9 un exemple de recherche pr\u00e9liminaire de l&#039;institut d\u00e9montrant que \u00ab toutes les croissances ne sont pas \u00e9gales \u00bb. La recherche initiale met l&#039;accent sur la diff\u00e9rence entre le taux de croissance \u00e9conomique d&#039;un pays et le montant de la croissance issue de la cr\u00e9ation et de la multiplication de la valeur locale. Il explique \u00e9galement bri\u00e8vement certains des indicateurs qui alimentent sa \u00ab Th\u00e9orie du changement \u00bb en tant que catalyseur pour stimuler les investissements africanistes \u00e0 travers l\u2019Afrique.<\/p>\n<p><b>Matthieu \u00e9v\u00eaque<\/b>, r\u00e9dacteur \u00e9conomique am\u00e9ricain et chef du bureau de New York pour <i>L&#039;\u00e9conomiste<\/i> et <b>Kola Karim<\/b>, PDG de Shoreline Energy Group a \u00e9galement f\u00e9licit\u00e9 l&#039;Institut et a r\u00e9affirm\u00e9 son soutien continu.<\/p>\n<p>Le conseil consultatif mondial de l&#039;Institut comprend\u00a0:<\/p>\n<ul>\n<li>Jos\u00e9-Maria Asnar, ancien Premier ministre espagnol<\/li>\n<li>Jim O&#039;Neill, ancien pr\u00e9sident de Goldman Sachs Asset Management<\/li>\n<li>Matthew Bishop, r\u00e9dacteur \u00e9conomique pour les \u00c9tats-Unis et chef du bureau de New York, The Economist<\/li>\n<li>Amir Ben Yahmed, Fondateur et r\u00e9dacteur en chef de Jeune Afrique et pr\u00e9sident de l&#039;Africa CEO Forum<\/li>\n<\/ul>\n<p>Tandeka Nkiwane, Institut de recherche sur le d\u00e9veloppement d&#039;Afrique du Sud et conseiller sp\u00e9cial du directeur g\u00e9n\u00e9ral de l&#039;Agence du NEPAD. L&#039;Africapitalism Institute estime qu&#039;avec la bonne approche d&#039;investissement et un environnement favorable, l&#039;Afrique peut continuer \u00e0 cro\u00eetre \u00e9conomiquement et cr\u00e9er de nouvelles opportunit\u00e9s d&#039;emploi pour les Africains \u00e0 travers le continent. . La mission de l&#039;Institut est d&#039;acc\u00e9l\u00e9rer et d&#039;\u00e9largir la prosp\u00e9rit\u00e9 \u00e9conomique et le progr\u00e8s social dans toute l&#039;Afrique en lib\u00e9rant la capacit\u00e9 du secteur priv\u00e9 \u00e0 prosp\u00e9rer, cr\u00e9er et multiplier la valeur locale.<\/p>","protected":false},"excerpt":{"rendered":"<p>Un groupe de r\u00e9flexion panafricain se concentrera sur l&#039;ouverture et la promotion d&#039;opportunit\u00e9s \u00e9conomiques \u00e0 travers l&#039;Afrique Abuja, le 8 mai 2014 \u2013 Tony O. Elumelu, CON, pr\u00e9sident de Heirs Holdings et fondateur de la Fondation Tony Elumelu, a annonc\u00e9 aujourd&#039;hui le lancement de l&#039;Institut Africapitalism \u00e0 le Forum \u00e9conomique mondial sur l&#039;Afrique, \u00e0 Abuja, au Nig\u00e9ria. Africapitalisme \u2013 le\u2026<\/p>","protected":false},"author":21,"featured_media":1219,"comment_status":"open","ping_status":"closed","sticky":false,"template":"","format":"standard","meta":{"_exactmetrics_skip_tracking":false,"_exactmetrics_sitenote_active":false,"_exactmetrics_sitenote_note":"","_exactmetrics_sitenote_category":0,"cybocfi_hide_featured_image":"","footnotes":""},"categories":[223,18],"tags":[25],"class_list":["post-1117","post","type-post","status-publish","format-standard","has-post-thumbnail","hentry","category-africapitalism","category-news","tag-africapitalism"],"_links":{"self":[{"href":"https:\/\/www.tonyelumelufoundation.org\/fr\/wp-json\/wp\/v2\/posts\/1117","targetHints":{"allow":["GET"]}}],"collection":[{"href":"https:\/\/www.tonyelumelufoundation.org\/fr\/wp-json\/wp\/v2\/posts"}],"about":[{"href":"https:\/\/www.tonyelumelufoundation.org\/fr\/wp-json\/wp\/v2\/types\/post"}],"author":[{"embeddable":true,"href":"https:\/\/www.tonyelumelufoundation.org\/fr\/wp-json\/wp\/v2\/users\/21"}],"replies":[{"embeddable":true,"href":"https:\/\/www.tonyelumelufoundation.org\/fr\/wp-json\/wp\/v2\/comments?post=1117"}],"version-history":[{"count":0,"href":"https:\/\/www.tonyelumelufoundation.org\/fr\/wp-json\/wp\/v2\/posts\/1117\/revisions"}],"wp:featuredmedia":[{"embeddable":true,"href":"https:\/\/www.tonyelumelufoundation.org\/fr\/wp-json\/"}],"wp:attachment":[{"href":"https:\/\/www.tonyelumelufoundation.org\/fr\/wp-json\/wp\/v2\/media?parent=1117"}],"wp:term":[{"taxonomy":"category","embeddable":true,"href":"https:\/\/www.tonyelumelufoundation.org\/fr\/wp-json\/wp\/v2\/categories?post=1117"},{"taxonomy":"post_tag","embeddable":true,"href":"https:\/\/www.tonyelumelufoundation.org\/fr\/wp-json\/wp\/v2\/tags?post=1117"}],"curies":[{"name":"wp","href":"https:\/\/api.w.org\/{rel}","templated":true}]}}