{"id":12775,"date":"2020-09-23T16:46:51","date_gmt":"2020-09-23T15:46:51","guid":{"rendered":"https:\/\/www.tonyelumelufoundation.org\/?p=12775"},"modified":"2020-10-12T10:51:56","modified_gmt":"2020-10-12T09:51:56","slug":"le-president-muhammadu-buhari-felicite-tony-o-elumelu-pour-avoir-ete-nomme-parmi-les-100-personnes-les-plus-influentes-de-2020","status":"publish","type":"post","link":"https:\/\/www.tonyelumelufoundation.org\/fr\/news\/president-muhammadu-buhari-lauds-tony-o-elumelu-on-his-being-named-among-the-time100-most-influential-people-of-2020","title":{"rendered":"Le pr\u00e9sident Muhammadu Buhari f\u00e9licite Tony O. Elumelu pour avoir \u00e9t\u00e9 nomm\u00e9 parmi les 100 personnes les plus influentes du Time en 2020"},"content":{"rendered":"<p><\/p>\n\n\n\n<p><strong>COMMUNIQU\u00c9 DE PRESSE DE LA MAISON DE L&#039;\u00c9TAT\u00a0:<\/strong> Le pr\u00e9sident Muhammadu Buhari f\u00e9licite Tony O. Elumelu pour avoir \u00e9t\u00e9 nomm\u00e9 parmi les 100 personnes les plus influentes du Time en 2020.<\/p>\n\n\n\n<p>Le pr\u00e9sident Muhammadu Buhari salue la vision d&#039;Elumelu de l&#039;africapitalisme, qui soutient que le secteur priv\u00e9 africain doit jouer un r\u00f4le de premier plan dans le d\u00e9veloppement du continent \u00e0 travers des investissements \u00e0 long terme, l&#039;entrepreneuriat et la connectivit\u00e9 r\u00e9gionale, ajoutant que ce n&#039;\u00e9tait qu&#039;une question de temps avant qu&#039;une telle vision ne se produise. a attir\u00e9 l\u2019attention du monde entier.&nbsp;<\/p>\n\n\n\n<p>Le pr\u00e9sident Buhari a d\u00e9clar\u00e9 que l&#039;engagement d&#039;Elumelu en faveur du d\u00e9veloppement de la jeunesse africaine, \u00e0 qui il a donn\u00e9 une voix et une responsabilisation, en investissant 1 400 000 millions de dollars par an dans 1 000 jeunes entrepreneurs dans 54 pays, le consid\u00e8re comme un visionnaire, avec du lait de bont\u00e9 humaine, &quot;et tel , entre autres, doit l\u2019avoir qualifi\u00e9 pour le Time Hall of Fame.&nbsp;<\/p>\n\n\n\n<p>Le pr\u00e9sident souhaite \u00e0 Elumelu de plus grands succ\u00e8s sur tous les fronts et recommande ses progr\u00e8s \u00e0 d&#039;autres personnes fortun\u00e9es. &nbsp;<\/p>\n\n\n\n<p>CR\u00c9DIT:&nbsp;<a href=\"https:\/\/twitter.com\/NGRPresident\/status\/1308767803969806336?s=20\" target=\"_blank\" rel=\"noopener\">https:\/\/twitter.com\/NGRPresident\/status\/1308767803969806336?s=20<\/a>&nbsp;<\/p>\n\n\n\n<p><a href=\"https:\/\/www.tonyelumelufoundation.org\/fr\/tef-at-10\/\">Cliquez ici pour vous inscrire aux 10 ans de la Fondation Tony Elumelu<\/a><\/p>","protected":false},"excerpt":{"rendered":"<p>COMMUNIQU\u00c9 DE PRESSE DE LA STATE HOUSE\u00a0: Le pr\u00e9sident Muhammadu Buhari f\u00e9licite Tony O. Elumelu pour avoir \u00e9t\u00e9 nomm\u00e9 parmi les personnes les plus influentes du Time100 en 2020. Le pr\u00e9sident Muhammadu Buhari f\u00e9licite la vision d&#039;Elumelu de l&#039;africapitalisme, qui soutient que le secteur priv\u00e9 africain doit jouer un r\u00f4le de premier plan dans le d\u00e9veloppement du continent gr\u00e2ce aux investissements \u00e0 long terme, \u00e0 l\u2019entrepreneuriat et \u00e0 la connectivit\u00e9 r\u00e9gionale, \u2026<\/p>","protected":false},"author":21,"featured_media":12776,"comment_status":"closed","ping_status":"open","sticky":false,"template":"","format":"standard","meta":{"_exactmetrics_skip_tracking":false,"_exactmetrics_sitenote_active":false,"_exactmetrics_sitenote_note":"","_exactmetrics_sitenote_category":0,"cybocfi_hide_featured_image":"","footnotes":""},"categories":[18,63,55],"tags":[47,49],"class_list":["post-12775","post","type-post","status-publish","format-standard","has-post-thumbnail","hentry","category-news","category-press-releases","category-west-africa","tag-tony-elumelu","tag-tony-elumelu-foundation"],"_links":{"self":[{"href":"https:\/\/www.tonyelumelufoundation.org\/fr\/wp-json\/wp\/v2\/posts\/12775","targetHints":{"allow":["GET"]}}],"collection":[{"href":"https:\/\/www.tonyelumelufoundation.org\/fr\/wp-json\/wp\/v2\/posts"}],"about":[{"href":"https:\/\/www.tonyelumelufoundation.org\/fr\/wp-json\/wp\/v2\/types\/post"}],"author":[{"embeddable":true,"href":"https:\/\/www.tonyelumelufoundation.org\/fr\/wp-json\/wp\/v2\/users\/21"}],"replies":[{"embeddable":true,"href":"https:\/\/www.tonyelumelufoundation.org\/fr\/wp-json\/wp\/v2\/comments?post=12775"}],"version-history":[{"count":0,"href":"https:\/\/www.tonyelumelufoundation.org\/fr\/wp-json\/wp\/v2\/posts\/12775\/revisions"}],"wp:featuredmedia":[{"embeddable":true,"href":"https:\/\/www.tonyelumelufoundation.org\/fr\/wp-json\/wp\/v2\/media\/12776"}],"wp:attachment":[{"href":"https:\/\/www.tonyelumelufoundation.org\/fr\/wp-json\/wp\/v2\/media?parent=12775"}],"wp:term":[{"taxonomy":"category","embeddable":true,"href":"https:\/\/www.tonyelumelufoundation.org\/fr\/wp-json\/wp\/v2\/categories?post=12775"},{"taxonomy":"post_tag","embeddable":true,"href":"https:\/\/www.tonyelumelufoundation.org\/fr\/wp-json\/wp\/v2\/tags?post=12775"}],"curies":[{"name":"wp","href":"https:\/\/api.w.org\/{rel}","templated":true}]}}