{"id":1397,"date":"2014-08-26T08:44:24","date_gmt":"2014-08-26T08:44:24","guid":{"rendered":"http:\/\/www.tonyelumelufoundation.org\/?post_type=gallery&amp;p=1397"},"modified":"2014-08-26T08:44:24","modified_gmt":"2014-08-26T08:44:24","slug":"africa-exchange-holdings-afex-nigeria-mise-en-service-dun-nouveau-complexe-de-silos-de-100-000-tonnes-territoire-de-la-capitale-federale-de-kwali","status":"publish","type":"post","link":"https:\/\/www.tonyelumelufoundation.org\/fr\/photos\/africa-exchange-holdings-afex-nigeria-commissioning-new-100000-mt-silo-complex-kwali-federal-capital-territory","title":{"rendered":"Africa Exchange Holdings (AFEX) Nigeria lors de la mise en service du nouveau complexe de silos de 100 000 tonnes \u00e0 Kwali, territoire de la capitale f\u00e9d\u00e9rale"},"content":{"rendered":"<div id=\"attachment_1398\" style=\"width: 310px\" class=\"wp-caption alignleft\"><a href=\"https:\/\/www.tonyelumelufoundation.org\/wp-content\/uploads\/2014\/08\/Wiebe-speaking-2_low.jpg\"><img fetchpriority=\"high\" decoding=\"async\" aria-describedby=\"caption-attachment-1398\" class=\"wp-image-1398\" src=\"https:\/\/www.tonyelumelufoundation.org\/wp-content\/uploads\/2014\/08\/Wiebe-speaking-2_low.jpg\" alt=\"Wiebe parle 2_low\" width=\"300\" height=\"200\" \/><\/a><p id=\"caption-attachment-1398\" class=\"wp-caption-text\">Le Dr Wiebe Boer, PDG de la Fondation Tony Elumelu f\u00e9licite le minist\u00e8re de l&#039;Agriculture pour le lancement du complexe c\u00e9r\u00e9alier des silos.<\/p><\/div>\n<div id=\"attachment_1399\" style=\"width: 310px\" class=\"wp-caption alignleft\"><a href=\"https:\/\/www.tonyelumelufoundation.org\/wp-content\/uploads\/2014\/08\/Deji-Wiebe-silos_low.jpg\"><img decoding=\"async\" aria-describedby=\"caption-attachment-1399\" class=\"wp-image-1399\" src=\"https:\/\/www.tonyelumelufoundation.org\/wp-content\/uploads\/2014\/08\/Deji-Wiebe-silos_low.jpg\" alt=\"Deji, Wiebe, silos_low\" width=\"300\" height=\"200\" \/><\/a><p id=\"caption-attachment-1399\" class=\"wp-caption-text\">Ayodeji Balogun, responsable des investissements commerciaux pour l&#039;AFEX et Dr Wiebe Boer, PDG de la Fondation Tony Elumelu au Complexe Silos<\/p><\/div>\n<p>&nbsp;<\/p>\n<p>&nbsp;<\/p>\n<p>&nbsp;<\/p>\n<p>&nbsp;<\/p>\n<p>&nbsp;<\/p>\n<p>&nbsp;<\/p>\n<p>&nbsp;<\/p>\n<div id=\"attachment_1400\" style=\"width: 310px\" class=\"wp-caption alignleft\"><a href=\"https:\/\/www.tonyelumelufoundation.org\/wp-content\/uploads\/2014\/08\/Wiebe-and-Agric-minister-6_low.jpg\"><img decoding=\"async\" aria-describedby=\"caption-attachment-1400\" class=\"wp-image-1400\" src=\"https:\/\/www.tonyelumelufoundation.org\/wp-content\/uploads\/2014\/08\/Wiebe-and-Agric-minister-6_low.jpg\" alt=\"Wiebe et le ministre de l&#039;Agriculture 6_low\" width=\"300\" height=\"200\" \/><\/a><p id=\"caption-attachment-1400\" class=\"wp-caption-text\">Le ministre de l&#039;Agriculture et du D\u00e9veloppement rural, le Dr Akinwunmi Adesina, le Dr Wiebe Boer et Ayodeji Balogun discutent de l&#039;agriculture au Nigeria.<\/p><\/div>\n<div id=\"attachment_1401\" style=\"width: 310px\" class=\"wp-caption alignleft\"><a href=\"https:\/\/www.tonyelumelufoundation.org\/wp-content\/uploads\/2014\/08\/Wiebe-VP-and-Minister-4_low.jpg\"><img loading=\"lazy\" decoding=\"async\" aria-describedby=\"caption-attachment-1401\" class=\"wp-image-1401\" src=\"https:\/\/www.tonyelumelufoundation.org\/wp-content\/uploads\/2014\/08\/Wiebe-VP-and-Minister-4_low.jpg\" alt=\"Wiebe, vice-pr\u00e9sident et ministre 4_low\" width=\"300\" height=\"200\" \/><\/a><p id=\"caption-attachment-1401\" class=\"wp-caption-text\">Le Dr Wiebe Boer, l&#039;honorable ministre Adesina et le vice-pr\u00e9sident Namadi Sambo visitent le complexe des silos.<\/p><\/div>\n<p>&nbsp;<\/p>\n<p>&nbsp;<\/p>\n<p>&nbsp;<\/p>\n<p>&nbsp;<\/p>\n<p>&nbsp;<\/p>\n<p>&nbsp;<\/p>\n<p>&nbsp;<\/p>\n<p>&nbsp;<\/p>\n<p>&nbsp;<\/p>\n<p>&nbsp;<\/p>\n<p>&nbsp;<\/p>\n<div id=\"attachment_1404\" style=\"width: 310px\" class=\"wp-caption alignleft\"><a href=\"https:\/\/www.tonyelumelufoundation.org\/wp-content\/uploads\/2014\/08\/Silos-Complex-Launch.jpg\"><img loading=\"lazy\" decoding=\"async\" aria-describedby=\"caption-attachment-1404\" class=\"wp-image-1404\" src=\"https:\/\/www.tonyelumelufoundation.org\/wp-content\/uploads\/2014\/08\/Silos-Complex-Launch.jpg\" alt=\"Lancement du complexe de silos\" width=\"300\" height=\"200\" \/><\/a><p id=\"caption-attachment-1404\" class=\"wp-caption-text\">Le Dr Wiebe Boer accueille le vice-pr\u00e9sident Namadi Sambo lors de la mise en service du complexe de silos \u00e0 grains.<\/p><\/div>\n<div id=\"attachment_1406\" style=\"width: 310px\" class=\"wp-caption alignleft\"><a href=\"https:\/\/www.tonyelumelufoundation.org\/wp-content\/uploads\/2014\/08\/Wiebe-VP-and-Minister-1_low.jpg\"><img loading=\"lazy\" decoding=\"async\" aria-describedby=\"caption-attachment-1406\" class=\"wp-image-1406\" src=\"https:\/\/www.tonyelumelufoundation.org\/wp-content\/uploads\/2014\/08\/Wiebe-VP-and-Minister-1_low.jpg\" alt=\"Wiebe, vice-pr\u00e9sident et ministre 1_low\" width=\"300\" height=\"200\" \/><\/a><p id=\"caption-attachment-1406\" class=\"wp-caption-text\">Dr Wiebe Boer, l&#039;honorable ministre Adesina et le vice-pr\u00e9sident Sambo au complexe des silos\u00a0<\/p><\/div>\n<p>&nbsp;<\/p>\n<p>&nbsp;<\/p>\n<p>&nbsp;<\/p>\n<p>&nbsp;<\/p>\n<p>&nbsp;<\/p>\n<p>&nbsp;<\/p>\n<p>Mise en service d&#039;un des complexes de silos \u00e0 grains d\u00e9velopp\u00e9s par le minist\u00e8re f\u00e9d\u00e9ral de l&#039;Agriculture du Nigeria. Le complexe de silos \u00e0 c\u00e9r\u00e9ales vise \u00e0 accro\u00eetre la s\u00e9curit\u00e9 alimentaire du Nigeria, \u00e0 am\u00e9liorer les moyens de subsistance de ses petits agriculteurs et \u00e0 construire un secteur agricole avanc\u00e9 et comp\u00e9titif.<\/p>\n<p>&nbsp;<\/p>","protected":false},"excerpt":{"rendered":"<p>&nbsp; &nbsp; &nbsp; &nbsp; &nbsp; &nbsp; &nbsp; &nbsp; &nbsp; &nbsp; &nbsp; &nbsp; &nbsp; &nbsp; &nbsp; &nbsp; &nbsp; &nbsp; &nbsp; &nbsp; &nbsp; &nbsp; &nbsp; &nbsp; Commissioning of one of the grain silo complexes developed by the Federal Ministry of Agriculture of Nigeria. The grain silo complex aims to increase Nigeria\u2019s food security, improve the livelihoods of &hellip;<\/p>","protected":false},"author":21,"featured_media":1398,"comment_status":"open","ping_status":"open","sticky":false,"template":"","format":"standard","meta":{"_exactmetrics_skip_tracking":false,"_exactmetrics_sitenote_active":false,"_exactmetrics_sitenote_note":"","_exactmetrics_sitenote_category":0,"cybocfi_hide_featured_image":"","footnotes":""},"categories":[13],"tags":[],"class_list":["post-1397","post","type-post","status-publish","format-standard","has-post-thumbnail","hentry","category-photos"],"_links":{"self":[{"href":"https:\/\/www.tonyelumelufoundation.org\/fr\/wp-json\/wp\/v2\/posts\/1397","targetHints":{"allow":["GET"]}}],"collection":[{"href":"https:\/\/www.tonyelumelufoundation.org\/fr\/wp-json\/wp\/v2\/posts"}],"about":[{"href":"https:\/\/www.tonyelumelufoundation.org\/fr\/wp-json\/wp\/v2\/types\/post"}],"author":[{"embeddable":true,"href":"https:\/\/www.tonyelumelufoundation.org\/fr\/wp-json\/wp\/v2\/users\/21"}],"replies":[{"embeddable":true,"href":"https:\/\/www.tonyelumelufoundation.org\/fr\/wp-json\/wp\/v2\/comments?post=1397"}],"version-history":[{"count":0,"href":"https:\/\/www.tonyelumelufoundation.org\/fr\/wp-json\/wp\/v2\/posts\/1397\/revisions"}],"wp:featuredmedia":[{"embeddable":true,"href":"https:\/\/www.tonyelumelufoundation.org\/fr\/wp-json\/"}],"wp:attachment":[{"href":"https:\/\/www.tonyelumelufoundation.org\/fr\/wp-json\/wp\/v2\/media?parent=1397"}],"wp:term":[{"taxonomy":"category","embeddable":true,"href":"https:\/\/www.tonyelumelufoundation.org\/fr\/wp-json\/wp\/v2\/categories?post=1397"},{"taxonomy":"post_tag","embeddable":true,"href":"https:\/\/www.tonyelumelufoundation.org\/fr\/wp-json\/wp\/v2\/tags?post=1397"}],"curies":[{"name":"wp","href":"https:\/\/api.w.org\/{rel}","templated":true}]}}