{"id":14413,"date":"2021-03-09T17:48:29","date_gmt":"2021-03-09T16:48:29","guid":{"rendered":"https:\/\/www.tonyelumelufoundation.org\/?p=14413"},"modified":"2021-03-10T08:58:42","modified_gmt":"2021-03-10T07:58:42","slug":"nous-devons-sortir-lafrique-de-la-pauvrete-declare-tony-elumelu-lors-du-sommet-mondial-des-gouvernements-2021","status":"publish","type":"post","link":"https:\/\/www.tonyelumelufoundation.org\/fr\/news\/we-must-power-africa-out-of-poverty-tony-elumelu-says-at-the-world-government-summit-2021","title":{"rendered":"\u00ab Nous devons sortir l&#039;Afrique de la pauvret\u00e9 \u00bb, d\u00e9clare Tony Elumelu lors du Sommet mondial des gouvernements 2021"},"content":{"rendered":"<p>Le mardi 9 mars, le fondateur de la Fondation Tony Elumelu, Tony O. Elumelu, a rejoint la pr\u00e9sentatrice de CNN, Eleni Giokos, lors d&#039;une discussion au coin du feu lors de l&#039;\u00e9dition 2021. <a href=\"https:\/\/www.youtube.com\/watch?v=WUtb4SsYLOA&amp;ab_channel=WorldGovernmentSummit\" target=\"_blank\" rel=\"noopener\">Sommet mondial des gouvernements<\/a> (WGS21), un \u00e9v\u00e9nement annuel organis\u00e9 \u00e0 Duba\u00ef, aux \u00c9mirats arabes unis, r\u00e9unissant des dirigeants gouvernementaux pour un dialogue mondial sur les processus et les politiques gouvernementales.<\/p>\n\n\n\n<p>Lors de l&#039;\u00e9v\u00e9nement organis\u00e9 par SE Cheikh Mohammad Bin Rashid Al Maktoum, Premier ministre des \u00c9mirats arabes unis (EAU), et ayant pour th\u00e8me \u00ab L&#039;avenir de l&#039;Afrique apr\u00e8s 2021 \u00bb, M. Tony<strong> <\/strong>a discut\u00e9 des changements qui ont balay\u00e9 l&#039;Afrique en ce qui concerne l&#039;\u00e9conomie, la g\u00e9opolitique et la gouvernance apr\u00e8s la pand\u00e9mie, et de ce que l&#039;avenir r\u00e9serve au continent.<\/p>\n\n\n\n<p><strong>Voici quelques citations marquantes de l\u2019\u00e9v\u00e9nement\u00a0:<\/strong><\/p>\n\n\n\n<ul class=\"wp-block-list\"><li>Nous ne nous sommes pas pr\u00e9par\u00e9s \u00e0 la pand\u00e9mie, mais tout est question d\u2019agilit\u00e9, d\u2019agilit\u00e9 et de rapidit\u00e9 d\u2019adaptation.<\/li><li>Nous devons faire preuve d\u2019une certaine agilit\u00e9 dans ce que nous faisons afin de pouvoir r\u00e9agir rapidement aux changements.<\/li><li>Il ne s\u2019agit plus d\u2019\u00eatre confin\u00e9, il s\u2019agit de vivre avec cette pand\u00e9mie.<\/li><li>L&#039;entrepreneuriat et le soutien aux petites et moyennes entreprises constituent, \u00e0 mon avis, l&#039;un des moyens par lesquels nous pouvons lutter fondamentalement contre la pauvret\u00e9.<\/li><li>En Afrique, il y a une limite \u00e0 ce qui peut \u00eatre fait pour transformer l\u2019\u00e9conomie si nous n\u2019investissons pas dans l\u2019\u00e9lectricit\u00e9 \u2013 si nous n\u2019am\u00e9liorons pas l\u2019acc\u00e8s \u00e0 l\u2019\u00e9lectricit\u00e9.<\/li><li>Sans acc\u00e8s \u00e0 l\u2019\u00e9lectricit\u00e9, nous ne pouvons pas num\u00e9riser notre \u00e9conomie et nos communaut\u00e9s locales, et c\u2019est l\u00e0 que la plupart de nos habitants habitent et vivent, et cela est \u00e9galement important en termes de secteur informel qui fait tourner l\u2019\u00e9conomie africaine.<\/li><li>Nous devons sortir l\u2019Afrique de la pauvret\u00e9.<\/li><li>La pand\u00e9mie nous offre l\u2019occasion de repenser, de r\u00e9initialiser et de red\u00e9finir les priorit\u00e9s en Afrique.<\/li><li>L&#039;acc\u00e8s \u00e0 l&#039;\u00e9lectricit\u00e9 en Afrique est au centre de la lutte pour la r\u00e9duction de la pauvret\u00e9.<\/li><li>Nous devons penser \u00e0 long terme. Nous devons r\u00e9fl\u00e9chir \u00e0 ce qui nous aidera \u00e0 faire face aux futures pand\u00e9mies qui surviendront in\u00e9vitablement.<\/li><li>Le pouvoir ne peut pas \u00eatre fix\u00e9 de mani\u00e8re isol\u00e9e. Ainsi, pour nous, l\u2019investissement de 1,1 milliard de dollars que nous avons r\u00e9alis\u00e9 en janvier vise \u00e0 nous aider \u00e0 concr\u00e9tiser davantage notre vision d\u2019une Afrique prosp\u00e8re, fond\u00e9e sur un acc\u00e8s solide \u00e0 l\u2019\u00e9lectricit\u00e9 pour tous.<\/li><li>L\u2019Afrique, dans une p\u00e9riode comme celle-ci, a besoin d\u2019investissements massifs dans les infrastructures, et en particulier dans l\u2019\u00e9nergie, pour contribuer \u00e0 corriger le niveau de pauvret\u00e9 auquel nous assistons.<\/li><li>Pour nous, en tant que chefs d\u2019entreprise en Afrique, nous montrons notre confiance dans notre continent en investissant sur le continent, en attirant les investisseurs sur le continent et en aidant par ce processus \u00e0 cr\u00e9er des emplois.<\/li><li>La richesse d\u2019une personne dans la famille n\u2019offre pas de s\u00e9curit\u00e9. Ce qui donne la s\u00e9curit\u00e9, c\u2019est de voir que nous d\u00e9mocratisons le plus possible la prosp\u00e9rit\u00e9 autour de nous.<\/li><li>Nous avons besoin d\u2019un nouveau plan Marshall pour l\u2019Afrique. Pour moi, cela devrait concerner l\u2019am\u00e9lioration de l\u2019acc\u00e8s \u00e0 l\u2019\u00e9lectricit\u00e9. Une fois que cela est fait dans une large mesure, tout le reste se met en place.<\/li><li>Ce que j\u2019encourage les autres investisseurs \u00e0 faire, c\u2019est de penser \u00e0 long terme en Afrique. Il n\u2019y a nulle part ailleurs o\u00f9 vous obtenez le genre de retours sur investissement qu\u2019en Afrique.<\/li><li>Les gens voient des risques, nous voyons des opportunit\u00e9s. Nous recherchons des opportunit\u00e9s et voyons comment att\u00e9nuer les risques.<\/li><li>La plupart du temps, les entreprises d\u00e9marrent bien, mais une mauvaise gestion conduit \u00e0 un \u00e9chec pr\u00e9coce.<\/li><li>\u00c0 travers la Fondation Tony Elumelu, nous essayons de donner l\u2019exemple et de cr\u00e9er pour voir comment, gr\u00e2ce \u00e0 l\u2019entrepreneuriat et au soutien aux jeunes Africains, nous pouvons contribuer \u00e0 r\u00e9duire la pauvret\u00e9. C\u2019est le genre d\u2019intervention, surtout \u00e0 un moment comme celui-ci, dont nous avons besoin en Afrique pour donner de l\u2019espoir aux jeunes Africains.<\/li><\/ul>\n\n\n\n<p>La Fondation Tony Elumelu accepte actuellement les candidatures au programme d&#039;entrepreneuriat 2021 de la Fondation Tony Elumelu. Tous les jeunes hommes et femmes africains ayant de brillantes id\u00e9es commerciales ou des start-ups sont invit\u00e9s \u00e0 postuler sur&nbsp;<a href=\"https:\/\/tefconnect.net\/\" target=\"_blank\" rel=\"noopener\">tefconnect.com<\/a><\/p>","protected":false},"excerpt":{"rendered":"<p>Le mardi 9 mars, le fondateur de la Fondation Tony Elumelu, Tony O. Elumelu, a rejoint la pr\u00e9sentatrice de CNN, Eleni Giokos, pour une discussion au coin du feu lors du Sommet mondial des gouvernements 2021 (WGS21), un \u00e9v\u00e9nement annuel organis\u00e9 \u00e0 Duba\u00ef, aux \u00c9mirats arabes unis, r\u00e9unissant dirigeants du gouvernement pour un dialogue mondial sur les processus et les politiques gouvernementales. A l&#039;\u00e9v\u00e9nement \u2026<\/p>","protected":false},"author":21,"featured_media":14414,"comment_status":"closed","ping_status":"open","sticky":false,"template":"","format":"standard","meta":{"_exactmetrics_skip_tracking":false,"_exactmetrics_sitenote_active":false,"_exactmetrics_sitenote_note":"","_exactmetrics_sitenote_category":0,"cybocfi_hide_featured_image":"","footnotes":""},"categories":[18],"tags":[67,321,47,49,320],"class_list":["post-14413","post","type-post","status-publish","format-standard","has-post-thumbnail","hentry","category-news","tag-african-entrepreneurs","tag-cnn","tag-tony-elumelu","tag-tony-elumelu-foundation","tag-world-economic-summit"],"_links":{"self":[{"href":"https:\/\/www.tonyelumelufoundation.org\/fr\/wp-json\/wp\/v2\/posts\/14413","targetHints":{"allow":["GET"]}}],"collection":[{"href":"https:\/\/www.tonyelumelufoundation.org\/fr\/wp-json\/wp\/v2\/posts"}],"about":[{"href":"https:\/\/www.tonyelumelufoundation.org\/fr\/wp-json\/wp\/v2\/types\/post"}],"author":[{"embeddable":true,"href":"https:\/\/www.tonyelumelufoundation.org\/fr\/wp-json\/wp\/v2\/users\/21"}],"replies":[{"embeddable":true,"href":"https:\/\/www.tonyelumelufoundation.org\/fr\/wp-json\/wp\/v2\/comments?post=14413"}],"version-history":[{"count":0,"href":"https:\/\/www.tonyelumelufoundation.org\/fr\/wp-json\/wp\/v2\/posts\/14413\/revisions"}],"wp:featuredmedia":[{"embeddable":true,"href":"https:\/\/www.tonyelumelufoundation.org\/fr\/wp-json\/wp\/v2\/media\/14414"}],"wp:attachment":[{"href":"https:\/\/www.tonyelumelufoundation.org\/fr\/wp-json\/wp\/v2\/media?parent=14413"}],"wp:term":[{"taxonomy":"category","embeddable":true,"href":"https:\/\/www.tonyelumelufoundation.org\/fr\/wp-json\/wp\/v2\/categories?post=14413"},{"taxonomy":"post_tag","embeddable":true,"href":"https:\/\/www.tonyelumelufoundation.org\/fr\/wp-json\/wp\/v2\/tags?post=14413"}],"curies":[{"name":"wp","href":"https:\/\/api.w.org\/{rel}","templated":true}]}}