{"id":14475,"date":"2021-03-19T14:22:54","date_gmt":"2021-03-19T13:22:54","guid":{"rendered":"https:\/\/www.tonyelumelufoundation.org\/?p=14475"},"modified":"2021-03-23T14:24:36","modified_gmt":"2021-03-23T13:24:36","slug":"somachi-chris-asoluka-sabc-news-pme-au-rendez-vous-avec-liabo-setho","status":"publish","type":"post","link":"https:\/\/www.tonyelumelufoundation.org\/fr\/news\/somachi-chris-asoluka-sabc-news-sme-onpoint-with-liabo-setho","title":{"rendered":"Somachi Chris-Asoluka, directeur des partenariats et des communications du TEF, en direct sur SME #OnPoint de SABC News"},"content":{"rendered":"<p>Le directeur des partenariats et des communications du TEF, Somachi Chris-Asoluka, \u00e9tait en direct aujourd&#039;hui sur le segment de SABC News, SME #Onpoint avec Liabo Setho.\u00a0<\/p>\n\n\n\n<p>Lors du salon commercial ax\u00e9 sur le secteur des petites et moyennes entreprises, Somachi a discut\u00e9 du programme d&#039;entrepreneuriat de la Fondation Tony Elumelu et de l&#039;impact des entrepreneurs africains sur le continent.<br><br><strong>Citations marquantes de l&#039;\u00e9v\u00e9nement\u00a0:<\/strong><\/p>\n\n\n\n<ul class=\"wp-block-list\"><li>L\u2019Afrique est le continent le plus entrepreneurial au monde. Nous avons des pays qui comptent le plus grand nombre de jeunes entrepreneurs.<\/li><li>L&#039;entrepreneuriat est un secteur tr\u00e8s important lorsque nous discutons du d\u00e9veloppement \u00e9conomique de l&#039;Afrique.<\/li><li>La pand\u00e9mie a mis davantage de pression sur ceux d\u2019entre nous qui font partie de l\u2019\u00e9cosyst\u00e8me pour voir \u00e0 quel point nous pouvons affiner de mani\u00e8re plus cibl\u00e9e le soutien que nous apportons aux entrepreneurs africains.<\/li><li>Nous voulons nous assurer que les entrepreneurs poss\u00e8dent les comp\u00e9tences commerciales, les capacit\u00e9s et la capacit\u00e9 de leadership n\u00e9cessaires pour faire passer leur entreprise du stade de l&#039;id\u00e9e au stade de la croissance.<\/li><li>Chaque entrepreneur de notre programme d\u00e9montre comment son entreprise soutiendra activement l&#039;Afrique dans la r\u00e9alisation des ODD.<\/li><\/ul>\n\n\n\n<p>La Fondation Tony Elumelu accepte actuellement les candidatures au programme d&#039;entrepreneuriat 2021 de la Fondation Tony Elumelu. Tous les jeunes hommes et femmes africains ayant de brillantes id\u00e9es commerciales ou des start-ups sont invit\u00e9s \u00e0 postuler sur\u00a0<a href=\"https:\/\/tefconnect.net\/\" target=\"_blank\" rel=\"noopener\">tefconnect.com<\/a><\/p>\n\n\n\n<p>Regardez l&#039;interview compl\u00e8te <a href=\"https:\/\/youtu.be\/uGjSemqtDok\" target=\"_blank\" rel=\"noopener\">ici<\/a>.<\/p>","protected":false},"excerpt":{"rendered":"<p>Le directeur des partenariats et des communications du TEF, Somachi Chris-Asoluka, \u00e9tait en direct aujourd&#039;hui sur le segment de SABC News, SME #Onpoint avec Liabo Setho. Lors du salon commercial ax\u00e9 sur le secteur des petites et moyennes entreprises, Somachi a discut\u00e9 du programme d&#039;entrepreneuriat de la Fondation Tony Elumelu et de l&#039;impact des entrepreneurs africains sur le continent. Citations marquantes de l\u2019\u00e9v\u00e9nement\u00a0: L\u2019Afrique\u2026<\/p>","protected":false},"author":15,"featured_media":14476,"comment_status":"closed","ping_status":"open","sticky":false,"template":"","format":"standard","meta":{"_exactmetrics_skip_tracking":false,"_exactmetrics_sitenote_active":false,"_exactmetrics_sitenote_note":"","_exactmetrics_sitenote_category":0,"cybocfi_hide_featured_image":"","footnotes":""},"categories":[18],"tags":[327,328,326,329,44,49,135],"class_list":["post-14475","post","type-post","status-publish","format-standard","has-post-thumbnail","hentry","category-news","tag-sabc","tag-sme-onpoint","tag-somachi-chris-asoluka","tag-south-africa","tag-tef","tag-tony-elumelu-foundation","tag-tony-elumelu-foundation-entrepreneurship-programme"],"_links":{"self":[{"href":"https:\/\/www.tonyelumelufoundation.org\/fr\/wp-json\/wp\/v2\/posts\/14475","targetHints":{"allow":["GET"]}}],"collection":[{"href":"https:\/\/www.tonyelumelufoundation.org\/fr\/wp-json\/wp\/v2\/posts"}],"about":[{"href":"https:\/\/www.tonyelumelufoundation.org\/fr\/wp-json\/wp\/v2\/types\/post"}],"author":[{"embeddable":true,"href":"https:\/\/www.tonyelumelufoundation.org\/fr\/wp-json\/wp\/v2\/users\/15"}],"replies":[{"embeddable":true,"href":"https:\/\/www.tonyelumelufoundation.org\/fr\/wp-json\/wp\/v2\/comments?post=14475"}],"version-history":[{"count":0,"href":"https:\/\/www.tonyelumelufoundation.org\/fr\/wp-json\/wp\/v2\/posts\/14475\/revisions"}],"wp:featuredmedia":[{"embeddable":true,"href":"https:\/\/www.tonyelumelufoundation.org\/fr\/wp-json\/wp\/v2\/media\/14476"}],"wp:attachment":[{"href":"https:\/\/www.tonyelumelufoundation.org\/fr\/wp-json\/wp\/v2\/media?parent=14475"}],"wp:term":[{"taxonomy":"category","embeddable":true,"href":"https:\/\/www.tonyelumelufoundation.org\/fr\/wp-json\/wp\/v2\/categories?post=14475"},{"taxonomy":"post_tag","embeddable":true,"href":"https:\/\/www.tonyelumelufoundation.org\/fr\/wp-json\/wp\/v2\/tags?post=14475"}],"curies":[{"name":"wp","href":"https:\/\/api.w.org\/{rel}","templated":true}]}}