{"id":15112,"date":"2021-05-05T13:59:00","date_gmt":"2021-05-05T12:59:00","guid":{"rendered":"https:\/\/www.tonyelumelufoundation.org\/?p=15112"},"modified":"2021-05-10T11:29:03","modified_gmt":"2021-05-10T10:29:03","slug":"avoir-un-impact-sur-des-vies-et-transformer-lafrique-tony-elumelu-arisetv","status":"publish","type":"post","link":"https:\/\/www.tonyelumelufoundation.org\/fr\/news\/impacting-lives-transforming-africa-tony-elumelu-arisetv","title":{"rendered":"&quot;Tout ce que nous faisons a pour but d&#039;avoir un impact sur des vies et de transformer notre soci\u00e9t\u00e9&quot;, d\u00e9clare Tony Elumelu dans l&#039;\u00e9mission &quot;The Morning Show&quot; d&#039;AriseTV."},"content":{"rendered":"<p>Le mercredi 5 mai 2021, le fondateur de la Fondation Tony Elumelu, Tony O. Elumelu (CON), \u00e9tait en direct sur l&#039;\u00e9mission The Morning Show d&#039;AriseTV o\u00f9 il a discut\u00e9 des affaires, de l&#039;\u00e9conomie et des investissements en Afrique, de la gouvernance d&#039;entreprise, de l&#039;inclusion et de l&#039;\u00e9galit\u00e9 des sexes.<\/p>\n\n\n\n<p>Voici quelques citations percutantes de la conversation\u00a0:<\/p>\n\n\n\n<p><strong>En affaires\u00a0:<\/strong><\/p>\n\n\n\n<ul class=\"wp-block-list\"><li>Dans une large mesure, ma m\u00e8re a jou\u00e9 un r\u00f4le dans ma formation. M\u00eame mes coll\u00e8gues se demandent pourquoi on n&#039;abandonne jamais, pourquoi on s&#039;acharne. C&#039;est \u00e0 cause de ce que j&#039;ai retenu d&#039;elle.<\/li><\/ul>\n\n\n\n<ul class=\"wp-block-list\"><li>Cela ne servira \u00e0 rien de ma part de dire que j&#039;ai de l&#039;argent sur mon compte bancaire si la pauvret\u00e9 est partout autour de nous.<br><\/li><li>La facilit\u00e9 de faire des affaires doit s\u2019am\u00e9liorer pour que le pays puisse conserver ses capitaux d\u2019investissement.<br><\/li><li>Tout ce que nous faisons a pour objectif d\u2019avoir un impact sur des vies et de transformer notre soci\u00e9t\u00e9 \u2013 il s\u2019agit avant tout de laisser notre soci\u00e9t\u00e9 meilleure que celle dans laquelle nous l\u2019avons rencontr\u00e9e.<br><\/li><li>En 2010, lorsque j&#039;ai quitt\u00e9 l&#039;UBA en tant que PDG, j&#039;ai fond\u00e9 la soci\u00e9t\u00e9 d&#039;investissement familiale Heirs Holdings qui investit dans des secteurs cl\u00e9s de l&#039;\u00e9conomie africaine. Nous sommes fondamentalement motiv\u00e9s par notre philosophie de l\u2019Africapitalisme : nous voulons voir le secteur priv\u00e9 jouer son r\u00f4le dans le d\u00e9veloppement \u00e9conomique de notre continent.<br><\/li><li>Nous croyons fermement que les chefs d\u2019entreprise doivent \u00eatre agiles et ex\u00e9cuter notre strat\u00e9gie ; seuls les parano\u00efaques survivent.<\/li><\/ul>\n\n\n\n<ul class=\"wp-block-list\"><li>Nous devons nous assurer de cr\u00e9er un environnement propice qui permettra aux personnes, aux hommes d\u2019affaires et aux entrepreneurs de prosp\u00e9rer et de r\u00e9ussir.<br><\/li><li>En entreprise, dans le monde priv\u00e9, il faut veiller \u00e0 apporter une coh\u00e9rence entre le monde externe et le monde interne ; vous devez vous assurer que vos strat\u00e9gies ont \u00e9t\u00e9 ex\u00e9cut\u00e9es comme pr\u00e9vu.<br><\/li><li>Je dirai que nous avons une g\u00e9n\u00e9ration de jeunes leaders talentueux et personnellement\u00a0; Je suis impressionn\u00e9 par la fa\u00e7on dont ils accomplissent leur travail et atteignent les objectifs de l&#039;entreprise. Nous avons les bons piquets dans les bons trous.<br><\/li><li>Les gens sont essentiels \u00e0 toute entreprise, et si vous comprenez que votre capital humain est essentiel, alors leur sant\u00e9 et leur fa\u00e7on de travailler deviennent tr\u00e8s importantes.<br><\/li><li>Toute la philosophie de l\u2019Africapitalisme n\u2019est pas de se tourner uniquement vers le gouvernement afin que nous ayons le bon environnement pour tout le monde.<br><\/li><li>Nous devons \u00eatre totalement conscients de la tendance des personnes \u00e0 quitter le pays pour investir ou s\u2019installer dans des \u00e9conomies tangentielles et plus petites.<br><\/li><li>Comme dans toute entreprise, il faut penser \u00e0 l\u2019\u00e9conomie et \u00eatre capable de g\u00e9rer les enjeux macro et socio-\u00e9conomiques.<\/li><\/ul>\n\n\n\n<ul class=\"wp-block-list\"><li>En affaires, nous sommes connus comme des experts en redressement : nous prenons les entreprises et les transformons.<br><\/li><li>Dans <a href=\"https:\/\/www.tonyelumelufoundation.org\/fr\/a-propos-de-nous\/\">philanthropie<\/a>, nous essayons \u00e9galement de catalyser la cr\u00e9ation d\u2019une nouvelle g\u00e9n\u00e9ration de dirigeants africains.<br><\/li><li>Il s\u2019agit de transformer notre soci\u00e9t\u00e9 et de s\u2019assurer que nous la laissons dans un meilleur \u00e9tat que nous ne l\u2019avons laiss\u00e9e.<\/li><\/ul>\n\n\n\n<ul class=\"wp-block-list\"><li>Chez UBA, nous avons un plan de succession solide. Le pipeline de succession est toujours l\u00e0\u00a0; vous pouvez toujours trouver 2 \u00e0 5 personnes qui peuvent assumer ce r\u00f4le \u00e0 tout moment.<br><\/li><li>Avec le recul, aujourd\u2019hui \u2013 j\u2019avais pr\u00e9vu de quitter l\u2019UBA \u00e0 50 ans, mais cela s\u2019est produit \u00e0 47 ans \u2013 nous avons fait beaucoup de choses. Il s\u2019agit depuis toujours d\u2019avoir un impact sur l\u2019humanit\u00e9. Il a toujours \u00e9t\u00e9 question de transformer tout ce que nous faisons.<br><\/li><li>Si nous regardons le domaine des soins de sant\u00e9, le Dr Elumelu, ma femme, dirige notre activit\u00e9 Avon Medical et Simbo Ukiri dirige l&#039;activit\u00e9 Avon HMO. Ce sont d\u2019excellents leaders qui contribuent \u00e0 rendre ce parcours entrepreneurial moins difficile qu\u2019il l\u2019aurait \u00e9t\u00e9.<\/li><\/ul>\n\n\n\n<ul class=\"wp-block-list\"><li>Dans le domaine de la sant\u00e9, nous faisons \u00e9galement beaucoup pour contribuer \u00e0 am\u00e9liorer le capital humain du pays, nous avons vu que la sant\u00e9 est une richesse.<br><\/li><li>Nous pensons \u00e9galement que l&#039;hospitalit\u00e9 est essentielle pour attirer les investissements dans notre pays et notre continent, d&#039;o\u00f9 l&#039;acquisition du Transcorp Hilton Hotel \u00e0 Abuja. Et aujourd&#039;hui, nous faisons beaucoup.<br><\/li><li>L\u2019investissement et le succ\u00e8s dans le secteur priv\u00e9 d\u00e9pendent dans une large mesure de la capacit\u00e9 du leadership \u00e0 s\u2019entourer de mains comp\u00e9tentes ; des mains plus intelligentes que le leadership<br><\/li><li>Dans notre groupe, nous en avons beaucoup, et il semble aux gens que c&#039;est stressant, oui, c&#039;est dur, mais j&#039;ai la chance d&#039;avoir des mains comp\u00e9tentes. Si vous regardez Transcorp, vous avez des dirigeants comp\u00e9tents, \u00e0 la fois le PDG de Transcorp, Owen Omogiafo, et les autres PDG qui travaillent avec elle, Dupe Olusola, Vincent qui dirige notre centrale \u00e9lectrique, Chris qui dirige notre autre centrale \u00e9lectrique. Ce sont des personnes tr\u00e8s comp\u00e9tentes et elles contribuent \u00e0 alimenter notre croissance.<br><\/li><li>Chez Heirs Holdings, nous avons le gourou lui-m\u00eame, Emmanuel Nnorom, qui s&#039;assure quotidiennement que le moteur tourne. Mon travail consiste davantage \u00e0 r\u00e9fl\u00e9chir, \u00e0 participer aux s\u00e9ances du conseil d&#039;administration avec eux et \u00e0 leur fournir un certain niveau d&#039;orientation strat\u00e9gique \u00e0 ce niveau, tout en leur permettant (aux PDG) de faire ce qu&#039;ils savent faire.<\/li><\/ul>\n\n\n\n<p><strong>Sur le secteur \u00e9lectrique\u00a0:<\/strong><\/p>\n\n\n\n<ul class=\"wp-block-list\"><li>Nous pensons que l\u2019acc\u00e8s \u00e0 l\u2019\u00e9lectricit\u00e9 est essentiel au d\u00e9veloppement \u00e9conomique de notre population et au d\u00e9veloppement de notre pays.<br><\/li><li>Pour que le secteur de l\u2019\u00e9lectricit\u00e9 au Nigeria fonctionne bien \u2013 et il doit bien fonctionner si nous voulons piloter cette \u00e9conomie \u2013 nous devons augmenter la production, veiller \u00e0 assurer l\u2019approvisionnement en gaz des soci\u00e9t\u00e9s de production et veiller \u00e0 ce que les lignes de transport soient capables d\u2019\u00e9vacuer le pouvoir.<br><\/li><li>Pour nous, en tant que groupe, investir dans le p\u00e9trole et le gaz n\u2019est pas n\u00e9cessairement d\u00fb au p\u00e9trole, mais plut\u00f4t au gaz. Nous voulons pouvoir assurer et contr\u00f4ler notre destin. Le gaz issu de notre production p\u00e9troli\u00e8re et gazi\u00e8re sera converti en \u00e9lectricit\u00e9.<br><\/li><li>Nous investissons dans l\u2019\u00e9nergie pour catalyser le d\u00e9veloppement \u00e9conomique de l\u2019Afrique.<\/li><\/ul>\n\n\n\n<ul class=\"wp-block-list\"><li>A travers la Fondation Tony Elumelu, nous soutenons les jeunes entrepreneurs, et si vous leur demandez quels sont les d\u00e9fis auxquels ils sont confront\u00e9s dans ce pays, ils vous r\u00e9pondront que c&#039;est l&#039;acc\u00e8s \u00e0 l&#039;\u00e9lectricit\u00e9. Quel que soit le montant que vous donnez \u00e0 nos entrepreneurs, certains d\u2019entre eux ne r\u00e9ussiront pas car ils d\u00e9pensent \u00e9norm\u00e9ment en \u00e9lectricit\u00e9.<br><\/li><li>Nous pensons que l\u2019acc\u00e8s \u00e0 l\u2019\u00e9lectricit\u00e9 est essentiel au d\u00e9veloppement \u00e9conomique de notre population et au d\u00e9veloppement de notre pays.<br><\/li><li>Nous avons \u00e9galement d\u00e9cid\u00e9 de veiller \u00e0 ce que nous disposions d&#039;un secteur \u00e9nerg\u00e9tique int\u00e9gr\u00e9, et pas seulement de l&#039;\u00e9lectricit\u00e9, en veillant \u00e0 ce que le stock de gisements de gaz qui rend les centrales \u00e9lectriques op\u00e9rationnelles soit disponible. C\u2019est pourquoi nous avons \u00e9galement investi dans le p\u00e9trole et le gaz, simplement pour nous assurer que l\u2019\u00e9cosyst\u00e8me est complet, et que nous pouvons r\u00e9ellement aider notre pays \u00e0 sortir de la pauvret\u00e9 et \u00e0 acc\u00e9der \u00e0 la prosp\u00e9rit\u00e9 \u00e9conomique.<\/li><\/ul>\n\n\n\n<ul class=\"wp-block-list\"><li>Ce pays a besoin d\u2019environ 100 000 MW d\u2019\u00e9lectricit\u00e9 par jour pour alimenter son \u00e9conomie. Aujourd\u2019hui, nous op\u00e9rons avec moins de 5000 MW. Il faut s&#039;assurer que les lignes \u00e9lectriques sont stabilis\u00e9es.<br><\/li><li>Le transport est essentiel \u00e0 la survie du secteur \u00e9lectrique et \u00e0 l\u2019am\u00e9lioration de l\u2019acc\u00e8s \u00e0 l\u2019\u00e9lectricit\u00e9. En fait, ce que certains d\u2019entre nous pr\u00e9conisent, c\u2019est que l\u2019ensemble des acteurs du secteur de l\u2019\u00e9lectricit\u00e9 concluent un accord avec le FG et reprennent les lignes de transport. Il est dans notre int\u00e9r\u00eat de veiller \u00e0 ce que cela fonctionne.<br><\/li><\/ul>\n\n\n\n<p><strong>Sur la philanthropie :<\/strong><\/p>\n\n\n\n<ul class=\"wp-block-list\"><li>La mission de la Fondation Tony Elumelu est d&#039;accorder espoir \u00e9conomique et prosp\u00e9rit\u00e9 aux entrepreneurs africains #. La cr\u00e9ation d\u2019emplois est tr\u00e8s importante pour que nous puissions avoir la paix.<\/li><\/ul>\n\n\n\n<ul class=\"wp-block-list\"><li>Certains d\u2019entre nous sont l\u00e0 o\u00f9 nous en sommes aujourd\u2019hui parce que, \u00e0 un moment donn\u00e9 de notre vie, quelqu\u2019un nous a donn\u00e9 un coup de main pour nous relever.<br><\/li><li>J&#039;ai \u00e9t\u00e9 t\u00e9moin de la pauvret\u00e9 qui nous entoure ici en Afrique. Je suis n\u00e9 et j&#039;ai grandi au Nigeria, j&#039;ai vu les deux c\u00f4t\u00e9s de la m\u00e9daille et j&#039;ai travaill\u00e9 et fait des affaires en Afrique, et j&#039;ai r\u00e9alis\u00e9 que le secteur priv\u00e9 a un r\u00f4le \u00e0 jouer dans le d\u00e9veloppement de l&#039;Afrique.<\/li><\/ul>\n\n\n\n<ul class=\"wp-block-list\"><li>Gr\u00e2ce \u00e0 l&#039;intervention de la Fondation Tony Elumelu, nous voulons contribuer \u00e0 les encourager \u00e0 leur donner de l&#039;espoir gr\u00e2ce au capital d&#039;amor\u00e7age que nous leur apportons, \u00e0 travers la formation que nous leur proposons et \u00e0 travers le programme de mentorat, afin qu&#039;ils r\u00e9ussissent et que nous puissions tous collectivement rem\u00e9dier \u00e0 la situation du ch\u00f4mage au Nigeria.<\/li><\/ul>\n\n\n\n<ul class=\"wp-block-list\"><li>La Fondation Tony Elumelu a \u00e9t\u00e9 cr\u00e9\u00e9e pour cr\u00e9er davantage de chefs d\u2019entreprise africains prosp\u00e8res. Nous voulons cr\u00e9er des entrepreneurs qui sauront se nourrir et soutenir notre \u00e9conomie dans son ensemble.<br><\/li><li>Le plaidoyer mondial est celui du 21<sup>st<\/sup> si\u00e8cle, vous devez vous engager avec l\u2019Afrique \u2013 non pas de l\u2019ext\u00e9rieur, mais de l\u2019int\u00e9rieur et du point de vue de ce que nous consid\u00e9rons comme important. Nous appr\u00e9cions l&#039;aide mais nous savons surtout que nous voulons devenir des \u00ab p\u00eacheurs \u00bb.<br><\/li><li>Nous avons tous un r\u00f4le \u00e0 jouer dans le d\u00e9veloppement de notre continent et nous le faisons en investissant dans des secteurs critiques de l&#039;\u00e9conomie africaine : les infrastructures, l&#039;\u00e9lectricit\u00e9, les chemins de fer.<br><\/li><li>Investir \u00e0 long terme dans des secteurs critiques cr\u00e9e une prosp\u00e9rit\u00e9 \u00e9conomique pour vous, l\u2019investisseur, et cr\u00e9e en m\u00eame temps une richesse et une prosp\u00e9rit\u00e9 sociales, ce qui devient gagnant-gagnant pour tout le monde.<\/li><\/ul>\n\n\n\n<ul class=\"wp-block-list\"><li>L\u2019entrepreneuriat a un r\u00f4le cl\u00e9 \u00e0 jouer dans le d\u00e9veloppement de notre continent.<\/li><\/ul>\n\n\n\n<ul class=\"wp-block-list\"><li>Nous sommes satisfaits de ce que nous faisons \u00e0 la Fondation Tony Elumelu ; heureux d&#039;avoir un impact sur des vies et de transformer notre continent gr\u00e2ce \u00e0 l&#039;autonomisation \u00e9conomique de nos jeunes.<\/li><\/ul>\n\n\n\n<p><strong>Sur l\u2019inclusion des genres, la diversit\u00e9 et l\u2019\u00e9quit\u00e9<\/strong><\/p>\n\n\n\n<ul class=\"wp-block-list\"><li>Au-del\u00e0 de l\u2019\u00e9ducation, l\u2019autonomisation des femmes consiste \u00e0 s\u2019assurer que tout le monde est pr\u00e9sent \u00e0 la table des n\u00e9gociations.<\/li><\/ul>\n\n\n\n<ul class=\"wp-block-list\"><li>Le moment est venu de prendre conscience de l\u2019immense potentiel des femmes. Le moment est venu pour nous de r\u00e9aliser l\u2019immense potentiel des femmes pour fa\u00e7onner et b\u00e2tir une soci\u00e9t\u00e9 bonne.<br><\/li><li>Les femmes font avancer les choses \u2013 elles sont loyales, fiables et extr\u00eamement engag\u00e9es.<br><\/li><li>Je suis une b\u00e9n\u00e9ficiaire directe de l\u2019impact catalyseur des femmes dans le fa\u00e7onnement et le fa\u00e7onnement des soci\u00e9t\u00e9s, et je veux continuer \u00e0 encourager cela.<\/li><\/ul>\n\n\n\n<p>Regardez l\u2019interview ici : <a href=\"https:\/\/youtu.be\/-R2Bgw8Ihmo\" target=\"_blank\" rel=\"noopener\">https:\/\/youtu.be\/-R2Bgw8Ihmo<\/a><br><br><\/p>","protected":false},"excerpt":{"rendered":"<p>Le mercredi 5 mai 2021, le fondateur de la Fondation Tony Elumelu, Tony O. Elumelu (CON), \u00e9tait en direct sur l&#039;\u00e9mission The Morning Show d&#039;AriseTV o\u00f9 il a discut\u00e9 des affaires, de l&#039;\u00e9conomie et des investissements en Afrique, de la gouvernance d&#039;entreprise, de l&#039;inclusion et de l&#039;\u00e9galit\u00e9 des sexes. Voici quelques citations marquantes de la conversation\u00a0:\u00a0Au sujet des affaires\u00a0: Dans une large mesure, ma m\u00e8re jouait un r\u00f4le\u2026<\/p>","protected":false},"author":21,"featured_media":15113,"comment_status":"closed","ping_status":"open","sticky":false,"template":"","format":"standard","meta":{"_exactmetrics_skip_tracking":false,"_exactmetrics_sitenote_active":false,"_exactmetrics_sitenote_note":"","_exactmetrics_sitenote_category":0,"cybocfi_hide_featured_image":"","footnotes":""},"categories":[18],"tags":[47],"class_list":["post-15112","post","type-post","status-publish","format-standard","has-post-thumbnail","hentry","category-news","tag-tony-elumelu"],"_links":{"self":[{"href":"https:\/\/www.tonyelumelufoundation.org\/fr\/wp-json\/wp\/v2\/posts\/15112","targetHints":{"allow":["GET"]}}],"collection":[{"href":"https:\/\/www.tonyelumelufoundation.org\/fr\/wp-json\/wp\/v2\/posts"}],"about":[{"href":"https:\/\/www.tonyelumelufoundation.org\/fr\/wp-json\/wp\/v2\/types\/post"}],"author":[{"embeddable":true,"href":"https:\/\/www.tonyelumelufoundation.org\/fr\/wp-json\/wp\/v2\/users\/21"}],"replies":[{"embeddable":true,"href":"https:\/\/www.tonyelumelufoundation.org\/fr\/wp-json\/wp\/v2\/comments?post=15112"}],"version-history":[{"count":0,"href":"https:\/\/www.tonyelumelufoundation.org\/fr\/wp-json\/wp\/v2\/posts\/15112\/revisions"}],"wp:featuredmedia":[{"embeddable":true,"href":"https:\/\/www.tonyelumelufoundation.org\/fr\/wp-json\/wp\/v2\/media\/15113"}],"wp:attachment":[{"href":"https:\/\/www.tonyelumelufoundation.org\/fr\/wp-json\/wp\/v2\/media?parent=15112"}],"wp:term":[{"taxonomy":"category","embeddable":true,"href":"https:\/\/www.tonyelumelufoundation.org\/fr\/wp-json\/wp\/v2\/categories?post=15112"},{"taxonomy":"post_tag","embeddable":true,"href":"https:\/\/www.tonyelumelufoundation.org\/fr\/wp-json\/wp\/v2\/tags?post=15112"}],"curies":[{"name":"wp","href":"https:\/\/api.w.org\/{rel}","templated":true}]}}