{"id":17911,"date":"2021-11-18T17:01:24","date_gmt":"2021-11-18T16:01:24","guid":{"rendered":"https:\/\/www.tonyelumelufoundation.org\/?p=17911"},"modified":"2021-11-26T10:40:26","modified_gmt":"2021-11-26T09:40:26","slug":"lutter-contre-le-chomage-au-nigeria","status":"publish","type":"post","link":"https:\/\/www.tonyelumelufoundation.org\/fr\/articles\/tackling-unemployment-in-nigeria","title":{"rendered":"Lutter contre le ch\u00f4mage au Nigeria"},"content":{"rendered":"<p>Au Nigeria, il n&#039;y a actuellement que 11 millions de personnes \u00e2g\u00e9es de 15 \u00e0 34 ans qui ont un emploi, ce qui constitue un d\u00e9fi de taille car le Nigeria est actuellement le pays le plus peupl\u00e9 d&#039;Afrique. L\u2019absence d\u2019emplois durables et de qualit\u00e9 fait que la population jeune, toujours croissante, est incapable d\u2019int\u00e9grer la population active. Cela a des effets d\u2019entra\u00eenement \u2013 de la jeunesse d\u00e9s\u0153uvr\u00e9e \u00e0 une r\u00e9duction des IGR pour les gouvernements \u00e9tatiques et locaux.<\/p>\n\n\n\n<p>Cela pr\u00e9sente une myriade de d\u00e9fis pour les secteurs public et priv\u00e9 alors que nous r\u00e9fl\u00e9chissons aux diff\u00e9rentes mani\u00e8res d\u2019exploiter le dividende d\u00e9mographique qui arrive \u00e0 travers le continent. Les probl\u00e8mes li\u00e9s \u00e0 la mani\u00e8re de r\u00e9pondre aux contraintes d\u2019offre de main-d\u2019\u0153uvre et de garantir l\u2019employabilit\u00e9 demeurent nombreux sur le continent. Alors que la jeunesse africaine continue de cro\u00eetre dans les zones rurales et urbaines, cela repr\u00e9sente une opportunit\u00e9 unique et passionnante pour les d\u00e9cideurs politiques et le secteur priv\u00e9 de cr\u00e9er des solutions innovantes pour lutter contre le ch\u00f4mage tout en prenant des mesures pour constituer la main-d&#039;\u0153uvre de demain.<\/p>\n\n\n\n<p>Lors de la r\u00e9union consultative en personne r\u00e9cemment conclue sur la campagne de cr\u00e9ation d&#039;emplois en collaboration avec&nbsp;<a href=\"https:\/\/www.linkedin.com\/company\/one-campaign\/\" target=\"_blank\" rel=\"noreferrer noopener\">La campagne UNE<\/a>, cela a donn\u00e9 \u00e0 l&#039;\u00e9quipe du TEF l&#039;occasion de r\u00e9fl\u00e9chir sur les moyens de cr\u00e9er des emplois et de mettre en \u00e9vidence les diff\u00e9rentes fa\u00e7ons dont notre programme d&#039;entrepreneuriat soutient le recrutement d&#039;entrepreneurs de haut vol qui, \u00e0 leur tour, \u00e0 travers leurs diff\u00e9rentes entreprises, cr\u00e9ent des emplois et travaillent \u00e0 autonomiser les membres de leurs communaut\u00e9s. .<\/p>\n\n\n\n<p>Pour trouver des solutions au ch\u00f4mage, une approche multisectorielle doit \u00eatre adopt\u00e9e, en reconnaissant que toutes les parties prenantes doivent jouer un r\u00f4le actif. \u00c0 l\u2019approche de la ZLECA, les d\u00e9cideurs politiques doivent veiller \u00e0 cr\u00e9er des environnements commerciaux propices \u00e0 la prosp\u00e9rit\u00e9 des entreprises de mani\u00e8re catalytique, garantissant la durabilit\u00e9, la croissance et le pouvoir d\u2019achat et d\u2019embauche.<\/p>\n\n\n\n<p>Les d\u00e9cideurs politiques doivent continuer \u00e0 \u0153uvrer pour garantir l\u2019existence d\u2019un environnement commercial propice \u00e0 la prosp\u00e9rit\u00e9 et au maintien des entreprises. \u00c0 tous les niveaux d\u2019\u00e9ducation, les syst\u00e8mes doivent \u00eatre r\u00e9organis\u00e9s \u2013 pour r\u00e9pondre aux besoins des jeunes l\u00e0 o\u00f9 les m\u00e8nent les exigences d\u2019un monde en \u00e9volution rapide.<\/p>\n\n\n\n<p>Comme le travail du <a href=\"https:\/\/www.tonyelumelufoundation.org\/fr\/programme-tef-pour-lesprit-dentreprise\/\" target=\"_blank\" rel=\"noreferrer noopener\">Fondation Tony Elumelu<\/a> continue de cro\u00eetre et de s\u2019\u00e9tendre, notre engagement \u00e0 accro\u00eetre le nombre d\u2019Africains \u00e9conomiquement autonomes est renouvel\u00e9. Gr\u00e2ce \u00e0 notre plateforme, <a href=\"https:\/\/tefconnect.com\/\" target=\"_blank\" rel=\"noreferrer noopener\">TEFConnect<\/a>, nous fournissons aux Africains les outils n\u00e9cessaires non seulement pour g\u00e9rer leurs entreprises, mais aussi pour am\u00e9liorer leurs comp\u00e9tences dans le but de cr\u00e9er et de maintenir des emplois.<\/p>\n\n\n\n<p>Sur la photo ici avec le responsable des politiques et des partenariats, Oniye Okolo et le responsable des communications, Keside Anosike, qui ont travaill\u00e9 sur les moyens de lutter contre le ch\u00f4mage et r\u00e9fl\u00e9chi \u00e0 des moyens innovants de cr\u00e9er de nouveaux emplois avec d&#039;autres parties prenantes cl\u00e9s.<\/p>\n\n\n\n<p>Pour cr\u00e9er 15 millions d\u2019emplois chaque ann\u00e9e, les d\u00e9cideurs politiques de tout le continent doivent r\u00e9fl\u00e9chir \u00e0 des moyens innovants d\u2019exploiter notre dividende d\u00e9mographique collectif. Les obstacles structurels existants doivent \u00eatre surmont\u00e9s et l\u2019am\u00e9lioration de la gouvernance, des infrastructures et de l\u2019acc\u00e8s au financement pour les entreprises doit \u00eatre prise en consid\u00e9ration.<\/p>\n\n\n\n<p><\/p>","protected":false},"excerpt":{"rendered":"<p>Au Nigeria, il n&#039;y a actuellement que 11 millions de personnes \u00e2g\u00e9es de 15 \u00e0 34 ans qui ont un emploi, ce qui constitue un d\u00e9fi de taille car le Nigeria est actuellement le pays le plus peupl\u00e9 d&#039;Afrique. L\u2019absence d\u2019emplois durables et de qualit\u00e9 fait que la population jeune, toujours croissante, est incapable d\u2019int\u00e9grer la population active. Cela a des r\u00e9percussions\u2026<\/p>","protected":false},"author":21,"featured_media":17912,"comment_status":"closed","ping_status":"closed","sticky":false,"template":"","format":"standard","meta":{"_exactmetrics_skip_tracking":false,"_exactmetrics_sitenote_active":false,"_exactmetrics_sitenote_note":"","_exactmetrics_sitenote_category":0,"cybocfi_hide_featured_image":"","footnotes":""},"categories":[20],"tags":[208,49,477],"class_list":["post-17911","post","type-post","status-publish","format-standard","has-post-thumbnail","hentry","category-articles","tag-african-entrepreneurship","tag-tony-elumelu-foundation","tag-unemployment"],"_links":{"self":[{"href":"https:\/\/www.tonyelumelufoundation.org\/fr\/wp-json\/wp\/v2\/posts\/17911","targetHints":{"allow":["GET"]}}],"collection":[{"href":"https:\/\/www.tonyelumelufoundation.org\/fr\/wp-json\/wp\/v2\/posts"}],"about":[{"href":"https:\/\/www.tonyelumelufoundation.org\/fr\/wp-json\/wp\/v2\/types\/post"}],"author":[{"embeddable":true,"href":"https:\/\/www.tonyelumelufoundation.org\/fr\/wp-json\/wp\/v2\/users\/21"}],"replies":[{"embeddable":true,"href":"https:\/\/www.tonyelumelufoundation.org\/fr\/wp-json\/wp\/v2\/comments?post=17911"}],"version-history":[{"count":0,"href":"https:\/\/www.tonyelumelufoundation.org\/fr\/wp-json\/wp\/v2\/posts\/17911\/revisions"}],"wp:featuredmedia":[{"embeddable":true,"href":"https:\/\/www.tonyelumelufoundation.org\/fr\/wp-json\/wp\/v2\/media\/17912"}],"wp:attachment":[{"href":"https:\/\/www.tonyelumelufoundation.org\/fr\/wp-json\/wp\/v2\/media?parent=17911"}],"wp:term":[{"taxonomy":"category","embeddable":true,"href":"https:\/\/www.tonyelumelufoundation.org\/fr\/wp-json\/wp\/v2\/categories?post=17911"},{"taxonomy":"post_tag","embeddable":true,"href":"https:\/\/www.tonyelumelufoundation.org\/fr\/wp-json\/wp\/v2\/tags?post=17911"}],"curies":[{"name":"wp","href":"https:\/\/api.w.org\/{rel}","templated":true}]}}