{"id":18090,"date":"2022-01-01T00:02:00","date_gmt":"2021-12-31T23:02:00","guid":{"rendered":"https:\/\/www.tonyelumelufoundation.org\/?p=18090"},"modified":"2022-01-26T13:00:23","modified_gmt":"2022-01-26T12:00:23","slug":"postulez-maintenant-pour-une-subvention-de-5000-le-programme-dentrepreneuriat-de-la-fondation-tony-elumelu-2022","status":"publish","type":"post","link":"https:\/\/www.tonyelumelufoundation.org\/fr\/press-releases\/postulez-maintenant-pour-une-subvention-de-5000-le-programme-dentrepreneuriat-de-la-fondation-tony-elumelu-2022","title":{"rendered":"Postulez MAINTENANT pour une subvention de 5000 $ le programme d&#039;entrepreneuriat de la Fondation Tony Elumelu 2022 !"},"content":{"rendered":"<p><strong>Lagos, Nig\u00e9ria<\/strong>&nbsp;: La Fondation Tony Elumelu (TEF), la principale organisation philanthropique qui autonomise les jeunes entrepreneurs africains dans les 54 pays africains, a ouvert les candidatures pour le programme d&#039;entrepreneuriat TEF 2022 sur <a href=\"http:\/\/www.TEFConnect.com\" target=\"_blank\" rel=\"noopener\">www.TEFConnect.net<\/a>. Les entrepreneurs africains ayant des id\u00e9es d&#039;affaires ou des entreprises existant de moins de 5 ans sont encourag\u00e9s \u00e0 postuler d\u00e8s maintenant pour un capital d&#039;amor\u00e7age de 5 000 $, un mentorat, une formation en gestion d&#039;affaires et plus encore sur le programme d&#039;entrepreneuriat de la Fondation Tony Elumelu 2022.<\/p>\n\n\n\n<p>Depuis 2015, le programme d&#039;entrepreneuriat TEF \u2013 le seul catalyseur d&#039;entrepreneuriat africain financ\u00e9 en son genre \u2013 a dot\u00e9 15 847 entrepreneurs africains avec un capital d&#039;amortissement non remboursable de 5 000 $ chacun ; douze semaines de formation en gestion d&#039;affaires ; acc\u00e8s \u00e0 des mentors exp\u00e9riment\u00e9s; et l&#039;adh\u00e9sion au plus grand \u00e9cosyst\u00e8me entrepreneurial d&#039;Afrique.<\/p>\n\n\n\n<p>En 2021, la Fondation Tony Elumelu a vers\u00e9 24,75 millions de dollars US \u00e0 5 000 entrepreneurs africains \u00e0 travers l&#039;Afrique pour son programme d&#039;entrepreneuriat 2021. Le programme d&#039;entrepreneuriat de la Fondation reste l&#039;une des plus grandes r\u00e9ponses du secteur priv\u00e9 pour stimuler la reprise \u00e9conomique des jeunes, des femmes et des PME africaines compte tenu des effets de la pand\u00e9mie de covid19 \u00e0 travers l&#039;Afrique. \u00c0 travers l&#039;Afrique, les b\u00e9n\u00e9ficiaires du programme d&#039;entrepreneuriat de la Fondation Tony Elumelu lancent et d\u00e9veloppent des entreprises pionni\u00e8res qui ont collectivement cr\u00e9\u00e9 plus de 400 000 emplois directs et indirects.<\/p>\n\n\n\n<p><font style=\"vertical-align: inherit;\"><font style=\"vertical-align: inherit;\">Selon Tony Elumelu, entrepreneur en 2015, Hauwa Liman, femme propri\u00e9taire d&#039;entreprise et fondatrice d&#039;Afrik Abaya : \u00ab Je suis toujours fi\u00e8re de dire que je fais partie de la cohorte inaugurale du programme d&#039;entrepreneuriat de la Fondation Tony Elumelu. Mon entreprise est situ\u00e9e \u00e0 Kaduna, au nord du Nigeria. J\u2019ai b\u00e9n\u00e9fici\u00e9 de ce programme en 2015, et cela m\u2019a ouvert beaucoup de portes et d\u2019opportunit\u00e9s. Il ne s&#039;agit pas seulement du capital d&#039;amor\u00e7age, mais ce qui me fascine vraiment dans le programme, ce sont les connaissances. J&#039;appelle cela un programme de mini-MBA car, d\u00e8s la phase d&#039;id\u00e9ation, il vous apprend \u00e0 vraiment articuler votre entreprise et m&#039;a donn\u00e9 mon premier plan d&#039;affaires. Le r\u00e9seau, la visibilit\u00e9 et les opportunit\u00e9s sont infinis. Mon exp\u00e9rience entrepreneuriale ne peut \u00eatre compl\u00e8te sans la Fondation Tony Elumelu. Je vais bient\u00f4t commencer \u00e0 exporter vers d\u2019autres pays gr\u00e2ce \u00e0 la Fondation. Nous employons d\u00e9sormais dix salari\u00e9s permanents et huit salari\u00e9s suppl\u00e9mentaires \u00e0 la commission.<\/font><\/font><\/p>\n\n\n\n<p><font style=\"vertical-align: inherit;\"><font style=\"vertical-align: inherit;\">Commentant le lancement du programme d&#039;entrepreneuriat 2022 de la Fondation Tony Elumelu, Ifeyinwa Ugochukwu, PDG de la Fondation Tony Elumelu, a d\u00e9clar\u00e9 : \u00ab Nous sommes constamment \u00e9poustoufl\u00e9s par la qualit\u00e9 des entreprises qui viennent d&#039;Afrique chaque ann\u00e9e. Cela nous motive \u00e0 intensifier nos efforts pour responsabiliser encore plus d\u2019entrepreneurs sur le continent. L&#039;innovation, les connaissances et la r\u00e9silience des entrepreneurs africains sont essentielles pour cartographier la transformation socio-\u00e9conomique de l&#039;Afrique et atteindre les objectifs de d\u00e9veloppement du continent. Nous sommes \u00e9galement fiers de la participation accrue des femmes \u00e0 notre programme, en particulier avec la cohorte 2021 o\u00f9 nous avons assist\u00e9 \u00e0 une s\u00e9lection record de 68% de femmes entrepreneures.<\/font><\/font><\/p>\n\n\n\n<p><font style=\"vertical-align: inherit;\"><font style=\"vertical-align: inherit;\">ils peuvent aller encore plus loin que nous. En tant que parent, le d\u00e9sir que vos enfants puissent faire mieux que vous et que vous leur fournissiez les ressources et le mat\u00e9riel dont ils ont besoin pour r\u00e9ussir dans la vie. De m\u00eame, \u00e0 la Fondation, nous dotons la prochaine g\u00e9n\u00e9ration des outils dont elle a besoin pour r\u00e9ussir.<\/font><\/font><\/p>\n\n\n\n<p><font style=\"vertical-align: inherit;\"><font style=\"vertical-align: inherit;\">En tant que premier champion de l&#039;entrepreneuriat en Afrique, le <\/font><\/font><a href=\"https:\/\/www.tonyelumelufoundation.org\/fr\/programme-tef-pour-lesprit-dentreprise\/\" target=\"_blank\" rel=\"noreferrer noopener\"><font style=\"vertical-align: inherit;\"><font style=\"vertical-align: inherit;\">La Fondation Tony Elumelu donne du pouvoir<\/font><\/font><\/a><font style=\"vertical-align: inherit;\"><font style=\"vertical-align: inherit;\"> les femmes et les hommes du continent africain \u00e0 travers l\u2019entrepreneuriat pour catalyser la croissance \u00e9conomique, favoriser l\u2019\u00e9radication de la pauvret\u00e9 et assurer la cr\u00e9ation d\u2019emplois. La mission de la Fondation est ancr\u00e9e dans la philosophie de <\/font><\/font><a href=\"https:\/\/www.tonyelumelufoundation.org\/fr\/africapitalisminstitute\/a-propos-de-nous\/quest-ce-que-lafrcapitalisme\/\"><font style=\"vertical-align: inherit;\"><font style=\"vertical-align: inherit;\">Africapitalisme<\/font><\/font><\/a><font style=\"vertical-align: inherit;\"><font style=\"vertical-align: inherit;\"> , qui positionne le secteur priv\u00e9 comme le fournisseur essentiel de la cr\u00e9ation de richesse \u00e9conomique et sociale en Afrique. \u00c0 travers <\/font><\/font><a href=\"http:\/\/tefconnect.net\" target=\"_blank\" rel=\"noreferrer noopener\"><font style=\"vertical-align: inherit;\"><font style=\"vertical-align: inherit;\">TeFconnecter<\/font><\/font><\/a><font style=\"vertical-align: inherit;\"><font style=\"vertical-align: inherit;\"> , la plateforme num\u00e9rique exclusive de la Fondation, a fourni un soutien en mati\u00e8re de renforcement des capacit\u00e9s, des conseils consultatifs et des connexions commerciales \u00e0 plus de 1,5 million d&#039;Africains.<\/font><\/font><\/p>\n\n\n\n<p><font style=\"vertical-align: inherit;\"><font style=\"vertical-align: inherit;\">Le programme d\u2019entrepreneuriat de la Fondation Tony Elumeulu est ouvert aux entrepreneurs de toute l\u2019Afrique : nouvelles start-ups et start-ups existantes, op\u00e9rant dans tous les secteurs. Les candidats potentiels doivent postuler d\u00e8s maintenant sur le hub num\u00e9rique pour les entrepreneurs africains. <\/font><\/font><a href=\"http:\/\/www.tefconnect.net\" target=\"_blank\" rel=\"noreferrer noopener\"><font style=\"vertical-align: inherit;\"><font style=\"vertical-align: inherit;\">www.tefconnect.net<\/font><\/font><\/a><font style=\"vertical-align: inherit;\"><font style=\"vertical-align: inherit;\">. Pour une liste des entrepreneurs Tony Elumelu s\u00e9lectionn\u00e9s en 2021 et plus d&#039;informations sur notre programme, veuillez visiter le site Web de la Fondation Tony Elumelu. <\/font><\/font><a href=\"http:\/\/www.tonyelumelufoundation.org\/fr\/\" target=\"_blank\" rel=\"noreferrer noopener\"><font style=\"vertical-align: inherit;\"><font style=\"vertical-align: inherit;\">ici<\/font><\/font><\/a><font style=\"vertical-align: inherit;\"><font style=\"vertical-align: inherit;\">.<\/font><\/font><\/p>","protected":false},"excerpt":{"rendered":"<p>Lagos, Nig\u00e9ria : La Fondation Tony Elumelu (TEF), la principale organisation philanthropique qui autonomise les jeunes entrepreneurs africains dans les 54 pays africains, a ouvert les candidatures pour le programme d&#039;entrepreneuriat TEF 2022 sur www.TEFConnect.net. Les entrepreneurs africains ayant des id\u00e9es d&#039;affaires ou des entreprises existant de moins de 5 ans sont encourag\u00e9s \u00e0 postuler d\u00e8s maintenant \u2026<\/p>","protected":false},"author":21,"featured_media":18091,"comment_status":"closed","ping_status":"closed","sticky":false,"template":"","format":"standard","meta":{"_exactmetrics_skip_tracking":false,"_exactmetrics_sitenote_active":false,"_exactmetrics_sitenote_note":"","_exactmetrics_sitenote_category":0,"cybocfi_hide_featured_image":"","footnotes":""},"categories":[63],"tags":[490,483,264,492,49,431],"class_list":["post-18090","post","type-post","status-publish","format-standard","has-post-thumbnail","hentry","category-press-releases","tag-grant","tag-mentorship","tag-seed-capital","tag-tef-2022","tag-tony-elumelu-foundation","tag-training"],"_links":{"self":[{"href":"https:\/\/www.tonyelumelufoundation.org\/fr\/wp-json\/wp\/v2\/posts\/18090","targetHints":{"allow":["GET"]}}],"collection":[{"href":"https:\/\/www.tonyelumelufoundation.org\/fr\/wp-json\/wp\/v2\/posts"}],"about":[{"href":"https:\/\/www.tonyelumelufoundation.org\/fr\/wp-json\/wp\/v2\/types\/post"}],"author":[{"embeddable":true,"href":"https:\/\/www.tonyelumelufoundation.org\/fr\/wp-json\/wp\/v2\/users\/21"}],"replies":[{"embeddable":true,"href":"https:\/\/www.tonyelumelufoundation.org\/fr\/wp-json\/wp\/v2\/comments?post=18090"}],"version-history":[{"count":0,"href":"https:\/\/www.tonyelumelufoundation.org\/fr\/wp-json\/wp\/v2\/posts\/18090\/revisions"}],"wp:featuredmedia":[{"embeddable":true,"href":"https:\/\/www.tonyelumelufoundation.org\/fr\/wp-json\/wp\/v2\/media\/18091"}],"wp:attachment":[{"href":"https:\/\/www.tonyelumelufoundation.org\/fr\/wp-json\/wp\/v2\/media?parent=18090"}],"wp:term":[{"taxonomy":"category","embeddable":true,"href":"https:\/\/www.tonyelumelufoundation.org\/fr\/wp-json\/wp\/v2\/categories?post=18090"},{"taxonomy":"post_tag","embeddable":true,"href":"https:\/\/www.tonyelumelufoundation.org\/fr\/wp-json\/wp\/v2\/tags?post=18090"}],"curies":[{"name":"wp","href":"https:\/\/api.w.org\/{rel}","templated":true}]}}