{"id":19237,"date":"2022-05-01T17:30:29","date_gmt":"2022-05-01T16:30:29","guid":{"rendered":"https:\/\/www.tonyelumelufoundation.org\/?p=19237"},"modified":"2022-05-01T17:30:30","modified_gmt":"2022-05-01T16:30:30","slug":"tefalumnicorner-charite-le-createur-qui-cree-du-sens-a-travers-la-mode","status":"publish","type":"post","link":"https:\/\/www.tonyelumelufoundation.org\/fr\/alumni\/tefalumnicorner-charity-the-designer-who-creates-meaning-through-fashion","title":{"rendered":"#TEFALUMNICORNER : Charity, le cr\u00e9ateur qui cr\u00e9e du sens \u00e0 travers la mode"},"content":{"rendered":"<p>Au fil des ann\u00e9es, la mode et le design ont pris de nombreuses formes et ont \u00e9volu\u00e9 pour devenir quelque chose dans lequel beaucoup d&#039;entre nous s&#039;expriment, peu importe d&#039;o\u00f9 nous venons. eh bien, pour certaines personnes, il s\u2019agit plut\u00f4t d\u2019une volont\u00e9 de renforcer la confiance des personnes autour d\u2019elles qui portent ces mod\u00e8les de v\u00eatements et bien plus encore !<\/p>\n\n\n\n<p>Aujourd&#039;hui, dans le coin des anciens du TEF, nous vous pr\u00e9sentons l&#039;une de nos entrepreneurs kenyanes, Charity Nyakundi, qui fait de grands progr\u00e8s dans le monde de l&#039;art, de la mode et du design. Et comme le dit le dicton populaire : \u00ab La charit\u00e9 commence vraiment \u00e0 la maison \u00bb.<\/p>\n\n\n\n<p><strong>Q : Pouvez-vous nous parler de votre entreprise ?<\/strong><\/p>\n\n\n\n<p>R\u00a0: Le nom de mon entreprise est Porabe Designs (qui signifie Propre) et nous vendons des v\u00eatements artisanaux, nous concevons des v\u00eatements, nous fabriquons les v\u00eatements nous-m\u00eames ainsi que le tissu.<\/p>\n\n\n\n<p><strong>Q\u00a0:\u00a0Qu&#039;est-ce qui a inspir\u00e9 votre entreprise et quel \u00e2ge a-t-elle aujourd&#039;hui\u00a0?<\/strong><\/p>\n\n\n\n<p>R\u00a0:\u00a0Quand j&#039;\u00e9tais jeune, la plupart des gens n&#039;avaient pas les moyens d&#039;acheter des v\u00eatements propres. J&#039;ai donc r\u00eav\u00e9 de fabriquer des v\u00eatements abordables pour tout le monde et des v\u00eatements neufs. C&#039;est parce que dans mon pays, la plupart des gens appartiennent \u00e0 la classe moyenne et sont en grande partie des agriculteurs. d\u2019entre eux n\u2019ont pas les moyens d\u2019acheter des v\u00eatements neufs et propres et ach\u00e8tent pour la plupart toujours des v\u00eatements d\u2019occasion ou d\u2019occasion. J\u2019ai donc d\u00e9cid\u00e9 de rendre mes v\u00eatements tr\u00e8s abordables et facilement disponibles. Mon entreprise a actuellement 2 ans.<\/p>\n\n\n\n<p><strong>Q\u00a0: Quand \u00eates-vous devenu un entrepreneur Tony Elumelu et comment cela a-t-il aid\u00e9 votre entreprise\u00a0?<\/strong><\/p>\n\n\n\n<p>R : Je suis devenu entrepreneur TEF vers d\u00e9cembre 2021 et cela m&#039;a vraiment aid\u00e9 \u00e0 d\u00e9velopper mon entreprise. J&#039;ai pu acheter plus de machines \u00e0 coudre et ouvrir un magasin de production suppl\u00e9mentaire et gr\u00e2ce \u00e0 cela, j&#039;ai pu embaucher huit (8) employ\u00e9s suppl\u00e9mentaires.<\/p>\n\n\n\n<p><strong>Q : Apr\u00e8s la formation et le mentorat du programme d\u2019entrepreneuriat TEF, en quoi votre mod\u00e8le op\u00e9rationnel a-t-il \u00e9volu\u00e9 ?<\/strong><\/p>\n\n\n\n<p>R : Eh bien, apr\u00e8s le programme, cela m&#039;a ouvert les yeux sur la possibilit\u00e9 de reconna\u00eetre et de saisir de nombreuses opportunit\u00e9s qui se pr\u00e9sentent \u00e0 moi et d&#039;am\u00e9liorer mon entreprise, malgr\u00e9 tous les nombreux d\u00e9fis qu&#039;apporte le fait d&#039;\u00eatre entrepreneur et m\u00eame quand on a envie de donner. parfois.<\/p>\n\n\n\n<p><strong>Q\u00a0: Selon vous, \u00e0 combien de pas en avant le financement de d\u00e9marrage du TEF vous a-t-il aid\u00e9\u00a0?<\/strong><\/p>\n\n\n\n<p>R : Eh bien, je dirais que s\u2019il y avait 10 pas que je devais faire, cela me prenait sept (7) pas d\u2019avance.<\/p>\n\n\n\n<p><strong>Q\u00a0: Comment commercialisez-vous votre entreprise et quelles m\u00e9thodes ont \u00e9t\u00e9 les plus efficaces depuis la fin du programme de formation et de mentorat du TEF\u00a0?<\/strong><\/p>\n\n\n\n<p>R\u00a0: Je commercialise mon entreprise sur les r\u00e9seaux sociaux comme Instagram et Facebook et parfois je les porte quand je dois sortir et je les montre aussi \u00e0 mes amis. La strat\u00e9gie de marketing en ligne a \u00e9t\u00e9 la plus rentable jusqu&#039;\u00e0 pr\u00e9sent et je cherche \u00e9galement \u00e0 ouvrir une boutique en ligne sur des plateformes comme Jumia.<\/p>\n\n\n\n<p><strong>Q\u00a0:\u00a0Quels sont les d\u00e9fis auxquels vous \u00eates confront\u00e9s en tant qu\u2019entrepreneur dans votre environnement op\u00e9rationnel\u00a0?<\/strong><\/p>\n\n\n\n<p>R : Je vais dire les taxes. Ici au Kenya, nous sommes lourdement tax\u00e9s et parfois le co\u00fbt des mat\u00e9riaux est variable et nous avons donc de mauvais jours o\u00f9 nous avons tr\u00e8s peu ou pas de ventes.<\/p>\n\n\n\n<p><strong>Q\u00a0: Quelles solutions pourriez-vous sugg\u00e9rer pour aider \u00e0 r\u00e9soudre ces d\u00e9fis\u00a0?<\/strong><\/p>\n\n\n\n<p>R : Je pense que le gouvernement devrait offrir aux petites entreprises comme la n\u00f4tre des incitations pour nous aider \u00e0 rester en activit\u00e9 et \u00e9galement rendre les pr\u00eats facilement accessibles aux entrepreneurs.<\/p>\n\n\n\n<p><strong>Q : Comme vous le savez, le c\u0153ur du programme TEF Entrepreneurship est de promouvoir l\u2019Africapitalisme. Comment votre entreprise a-t-elle pu avoir un impact dans cette optique ?<\/strong><\/p>\n\n\n\n<p>R\u00a0: Comme je l&#039;ai dit plus t\u00f4t, la plupart de mes clients sont des artisans et vivent dans des villages africains o\u00f9 les bons et les nouveaux v\u00eatements ne sont pas facilement accessibles. Je m&#039;assure donc qu&#039;ils ont de bons v\u00eatements qui peuvent \u00eatre port\u00e9s lors d&#039;occasions qui sont tr\u00e8s importantes pour eux. les gens autour de moi l&#039;appr\u00e9cient et sont vraiment heureux que ce qu&#039;ils ont de mon entreprise soit original, authentique et durable.<\/p>\n\n\n\n<p>~ Auteur : Derek Nwankwo<\/p>","protected":false},"excerpt":{"rendered":"<p>Au fil des ann\u00e9es, la mode et le design ont pris de nombreuses formes et ont \u00e9volu\u00e9 pour devenir quelque chose dans lequel beaucoup d&#039;entre nous s&#039;expriment, peu importe d&#039;o\u00f9 nous venons. eh bien, pour certaines personnes, il s\u2019agit plut\u00f4t d\u2019une volont\u00e9 de renforcer la confiance des personnes autour d\u2019elles qui portent ces mod\u00e8les de v\u00eatements et\u2026<\/p>","protected":false},"author":21,"featured_media":19241,"comment_status":"closed","ping_status":"closed","sticky":false,"template":"","format":"standard","meta":{"_exactmetrics_skip_tracking":false,"_exactmetrics_sitenote_active":false,"_exactmetrics_sitenote_note":"","_exactmetrics_sitenote_category":0,"cybocfi_hide_featured_image":"","footnotes":""},"categories":[363,512],"tags":[511,126,49],"class_list":["post-19237","post","type-post","status-publish","format-standard","has-post-thumbnail","hentry","category-alumni","category-tef-alumni-corner","tag-tefalumnicorner","tag-tef-alumni","tag-tony-elumelu-foundation"],"_links":{"self":[{"href":"https:\/\/www.tonyelumelufoundation.org\/fr\/wp-json\/wp\/v2\/posts\/19237","targetHints":{"allow":["GET"]}}],"collection":[{"href":"https:\/\/www.tonyelumelufoundation.org\/fr\/wp-json\/wp\/v2\/posts"}],"about":[{"href":"https:\/\/www.tonyelumelufoundation.org\/fr\/wp-json\/wp\/v2\/types\/post"}],"author":[{"embeddable":true,"href":"https:\/\/www.tonyelumelufoundation.org\/fr\/wp-json\/wp\/v2\/users\/21"}],"replies":[{"embeddable":true,"href":"https:\/\/www.tonyelumelufoundation.org\/fr\/wp-json\/wp\/v2\/comments?post=19237"}],"version-history":[{"count":0,"href":"https:\/\/www.tonyelumelufoundation.org\/fr\/wp-json\/wp\/v2\/posts\/19237\/revisions"}],"wp:featuredmedia":[{"embeddable":true,"href":"https:\/\/www.tonyelumelufoundation.org\/fr\/wp-json\/wp\/v2\/media\/19241"}],"wp:attachment":[{"href":"https:\/\/www.tonyelumelufoundation.org\/fr\/wp-json\/wp\/v2\/media?parent=19237"}],"wp:term":[{"taxonomy":"category","embeddable":true,"href":"https:\/\/www.tonyelumelufoundation.org\/fr\/wp-json\/wp\/v2\/categories?post=19237"},{"taxonomy":"post_tag","embeddable":true,"href":"https:\/\/www.tonyelumelufoundation.org\/fr\/wp-json\/wp\/v2\/tags?post=19237"}],"curies":[{"name":"wp","href":"https:\/\/api.w.org\/{rel}","templated":true}]}}