{"id":2205,"date":"2015-06-12T13:35:44","date_gmt":"2015-06-12T13:35:44","guid":{"rendered":"http:\/\/tonyelumelufoundation.org\/?post_type=article&amp;p=2205"},"modified":"2015-06-12T13:35:44","modified_gmt":"2015-06-12T13:35:44","slug":"tour-du-monde","status":"publish","type":"post","link":"https:\/\/www.tonyelumelufoundation.org\/fr\/articles\/world-tour","title":{"rendered":"Visite de la ville entrepreneuriale de Tony Elumelu"},"content":{"rendered":"<p>\u00c0 la fin de l&#039;ann\u00e9e derni\u00e8re, j&#039;ai \u00e9t\u00e9 invit\u00e9 par <em>L&#039;\u00e9conomiste<\/em> magazine \u00e0 soumettre un article pour sa s\u00e9rie annuelle \u00ab Year In \u00bb. J&#039;ai fini par \u00e9crire un article stimulant qui faisait des pr\u00e9dictions sur les questions qui, selon moi, auraient le plus d&#039;impact sur la sc\u00e8ne mondiale et de mon point de vue en Afrique, en 2015. Ma pr\u00e9diction \u00e9tait que 2015 verrait la mont\u00e9e de l&#039;entrepreneur africain et de l&#039;africapitalisme, la philosophie \u00e9conomique qui me tient \u00e0 c\u0153ur.<a href=\"https:\/\/tonyelumelufoundation.org\/wp-content\/uploads\/2015\/06\/1.jpg\"><img fetchpriority=\"high\" decoding=\"async\" class=\"aligncenter wp-image-2206 size-medium\" src=\"https:\/\/tonyelumelufoundation.org\/wp-content\/uploads\/2015\/06\/1-300x195.jpg\" alt=\"Africapitalisme\" width=\"300\" height=\"195\" \/><\/a>Beaucoup de choses se sont pass\u00e9es depuis cet article, qui a valid\u00e9 cette pr\u00e9diction et solidifi\u00e9 ma foi dans l\u2019entrepreneuriat. J&#039;ai rencontr\u00e9 des coll\u00e8gues entrepreneurs d&#039;horizons divers, \u00e0 grande et \u00e0 petite \u00e9chelle, et j&#039;ai \u00e9t\u00e9 impressionn\u00e9 par leur passion d\u00e9bordante et leur volont\u00e9 de r\u00e9ussir.<\/p>\n<div id=\"attachment_2207\" style=\"width: 310px\" class=\"wp-caption aligncenter\"><a href=\"https:\/\/tonyelumelufoundation.org\/wp-content\/uploads\/2015\/06\/2.jpg\"><img decoding=\"async\" aria-describedby=\"caption-attachment-2207\" class=\"wp-image-2207 size-medium\" src=\"https:\/\/tonyelumelufoundation.org\/wp-content\/uploads\/2015\/06\/2-300x300.jpg\" alt=\"entrepreneuriat\" width=\"300\" height=\"300\" \/><\/a><p id=\"caption-attachment-2207\" class=\"wp-caption-text\">Dans le sens des aiguilles d&#039;une montre, en partant du haut \u00e0 gauche\u00a0: Tony Elumelu avec Ariana Huffington, fondatrice du Huffington Post\u00a0; Adewale Tinubu, PDG d&#039;Oando Plc ; Aliko Dangote, fondateur du Groupe Dangote ; Lucien Ebata, fondateur et PDG d&#039;Orion Oil ; Detlev Lubasch, directeur g\u00e9n\u00e9ral de Julius Berger Nigeria Ltd\u00a0; et Japheth Omojuwa, blogueur et entrepreneur<\/p><\/div>\n<p style=\"text-align: center;\">C&#039;est pour cette raison que j&#039;ai lanc\u00e9 le programme d&#039;entrepreneuriat Tony Elumelu, en engageant 100 millions de dollars $ pour autonomiser 1 000 entrepreneurs \u00e0 travers l&#039;Afrique chaque ann\u00e9e au cours de la prochaine d\u00e9cennie.<\/p>\n<div id=\"attachment_2208\" style=\"width: 310px\" class=\"wp-caption aligncenter\"><a href=\"https:\/\/tonyelumelufoundation.org\/wp-content\/uploads\/2015\/06\/3.jpg\"><img decoding=\"async\" aria-describedby=\"caption-attachment-2208\" class=\"wp-image-2208 size-medium\" src=\"https:\/\/tonyelumelufoundation.org\/wp-content\/uploads\/2015\/06\/3-300x300.jpg\" alt=\"TIPI\" width=\"300\" height=\"300\" \/><\/a><p id=\"caption-attachment-2208\" class=\"wp-caption-text\">Dr Wiebe Boer, ancien PDG de la Fondation Tony Elumelu, aujourd&#039;hui directeur de la strat\u00e9gie chez Heirs Holdings ; Parminder Vir OBE, directeur du programme d&#039;entrepreneuriat Tony Elumelu et Tony Elumelu<\/p><\/div>\n<p style=\"text-align: center;\">Il y a quelques semaines, j&#039;ai port\u00e9 ce message \u00e0 Washington DC, en compagnie d&#039;un de mes mentor\u00e9s, Shadi Sabeh, r\u00e9cipiendaire du Tony et Awele Elumelu Legacy Prize pour le meilleur \u00e9tudiant en ma\u00eetrise en \u00e9conomie de l&#039;Universit\u00e9 Usman Danfodio de Sokoto, au Nigeria.<\/p>\n<div id=\"attachment_2209\" style=\"width: 235px\" class=\"wp-caption aligncenter\"><a href=\"https:\/\/tonyelumelufoundation.org\/wp-content\/uploads\/2015\/06\/4.jpg\"><img loading=\"lazy\" decoding=\"async\" aria-describedby=\"caption-attachment-2209\" class=\"wp-image-2209 size-medium\" src=\"https:\/\/tonyelumelufoundation.org\/wp-content\/uploads\/2015\/06\/4-225x300.jpg\" alt=\"Shadi Sabeh et Tony Elumelu devant la Maison Blanche, Washington DC\" width=\"225\" height=\"300\" \/><\/a><p id=\"caption-attachment-2209\" class=\"wp-caption-text\">Shadi Sabeh et Tony Elumelu devant la Maison Blanche, Washington DC<\/p><\/div>\n<p style=\"text-align: center;\">Mon premier arr\u00eat a eu lieu \u00e0 la Maison Blanche, o\u00f9 j&#039;ai assist\u00e9 au lancement de la Spark Initiative, une plateforme permettant de connecter divers programmes travaillant \u00e0 promouvoir l&#039;entrepreneuriat dans le monde entier.<\/p>\n<div id=\"attachment_2272\" style=\"width: 344px\" class=\"wp-caption aligncenter\"><a href=\"https:\/\/tonyelumelufoundation.org\/wp-content\/uploads\/2015\/06\/White-House.jpg\"><img loading=\"lazy\" decoding=\"async\" aria-describedby=\"caption-attachment-2272\" class=\"wp-image-2272\" src=\"https:\/\/tonyelumelufoundation.org\/wp-content\/uploads\/2015\/06\/White-House-300x168.jpg\" alt=\"maison Blanche\" width=\"334\" height=\"187\" \/><\/a><p id=\"caption-attachment-2272\" class=\"wp-caption-text\">De gauche \u00e0 droite\u00a0: la secr\u00e9taire am\u00e9ricaine au Commerce, Penny Pritzker\u00a0; Tony Elumelu\u00a0; Antonio Gracias, fondateur et PDG de Valor Equity\u00a0; et Julie Hanna, fondatrice et PDG de Kiva ; et le pr\u00e9sident am\u00e9ricain Barack Obama.<\/p><\/div>\n<p style=\"text-align: center;\">J&#039;ai \u00e9t\u00e9 tr\u00e8s impressionn\u00e9 par la participation des dirigeants aux plus hauts niveaux du gouvernement des \u00c9tats-Unis.<\/p>\n<div id=\"attachment_2239\" style=\"width: 310px\" class=\"wp-caption aligncenter\"><a href=\"https:\/\/tonyelumelufoundation.org\/wp-content\/uploads\/2015\/06\/IMG_9428.jpg\"><img loading=\"lazy\" decoding=\"async\" aria-describedby=\"caption-attachment-2239\" class=\"wp-image-2239 size-medium\" src=\"https:\/\/tonyelumelufoundation.org\/wp-content\/uploads\/2015\/06\/IMG_9428-300x300.jpg\" alt=\"Dans le sens des aiguilles d&#039;une montre, \u00e0 partir de la gauche\u00a0: Tony Elumelu avec Ben Rhodes, conseiller adjoint \u00e0 la s\u00e9curit\u00e9 nationale des \u00c9tats-Unis pour la communication strat\u00e9gique\u00a0; le s\u00e9nateur Chris Coons, membre \u00e9minent de la sous-commission am\u00e9ricaine des relations \u00e9trang\u00e8res sur les affaires africaines\u00a0; et sous-secr\u00e9taire d&#039;\u00c9tat \u00e0 la diplomatie publique et aux affaires publiques, Rick Stengel\" width=\"300\" height=\"300\" \/><\/a><p id=\"caption-attachment-2239\" class=\"wp-caption-text\">Dans le sens des aiguilles d&#039;une montre, \u00e0 partir de la gauche\u00a0: Tony Elumelu avec Ben Rhodes, conseiller adjoint \u00e0 la s\u00e9curit\u00e9 nationale des \u00c9tats-Unis pour la communication strat\u00e9gique\u00a0; le s\u00e9nateur Chris Coons, membre \u00e9minent de la sous-commission am\u00e9ricaine des relations \u00e9trang\u00e8res sur les affaires africaines\u00a0; et sous-secr\u00e9taire d&#039;\u00c9tat \u00e0 la diplomatie publique et aux affaires publiques, Rick Stengel<\/p><\/div>\n<p style=\"text-align: center;\">Et d&#039;entrepreneurs c\u00e9l\u00e8bres dans le monde entier pour leur r\u00e9ussite<\/p>\n<div id=\"attachment_2238\" style=\"width: 310px\" class=\"wp-caption aligncenter\"><a href=\"https:\/\/tonyelumelufoundation.org\/wp-content\/uploads\/2015\/06\/IMG_9424.jpg\"><img loading=\"lazy\" decoding=\"async\" aria-describedby=\"caption-attachment-2238\" class=\"wp-image-2238 size-medium\" src=\"https:\/\/tonyelumelufoundation.org\/wp-content\/uploads\/2015\/06\/IMG_9424-300x300.jpg\" alt=\"Dans le sens des aiguilles d&#039;une montre depuis LR : Tony Elumelu avec Steve Case, fondateur d&#039;AOL ; Mark Cuban, propri\u00e9taire des Dallas Mavericks ; et Daymond John, fondateur et PDG de FUBU \" width=\"300\" height=\"300\" \/><\/a><p id=\"caption-attachment-2238\" class=\"wp-caption-text\">Dans le sens des aiguilles d&#039;une montre depuis LR : Tony Elumelu avec Steve Case, fondateur d&#039;AOL ; Mark Cuban, propri\u00e9taire des Dallas Mavericks ; et Daymond John, fondateur et PDG de FUBU<\/p><\/div>\n<p style=\"text-align: left;\">J&#039;\u00e9tais fi\u00e8re de voir l&#039;Afrique repr\u00e9sent\u00e9e par Adepeju Jaiyeoba, qui a parl\u00e9 avec beaucoup de passion de son travail entrepreneurial pour mettre fin \u00e0 la mortalit\u00e9 maternelle lors de l&#039;accouchement.<\/p>\n<div id=\"attachment_2273\" style=\"width: 310px\" class=\"wp-caption aligncenter\"><a href=\"https:\/\/tonyelumelufoundation.org\/wp-content\/uploads\/2015\/06\/Adepeju.jpg\"><img loading=\"lazy\" decoding=\"async\" aria-describedby=\"caption-attachment-2273\" class=\"wp-image-2273 size-medium\" src=\"https:\/\/tonyelumelufoundation.org\/wp-content\/uploads\/2015\/06\/Adepeju-300x168.jpg\" alt=\"maison Blanche\" width=\"300\" height=\"168\" \/><\/a><p id=\"caption-attachment-2273\" class=\"wp-caption-text\">Adepeju Jaiyeoba rencontre Tony Elumelu ; Adepeju Jaiyeoba rencontre le pr\u00e9sident Barack Obama avec d&#039;autres entrepreneurs<\/p><\/div>\n<p style=\"text-align: center;\">Le lendemain, j&#039;ai prononc\u00e9 un discours \u00e0 la McDonough School of Business de l&#039;Universit\u00e9 de Georgetown.<\/p>\n<div id=\"attachment_2264\" style=\"width: 193px\" class=\"wp-caption aligncenter\"><a href=\"https:\/\/tonyelumelufoundation.org\/wp-content\/uploads\/2015\/06\/151.jpg\"><img loading=\"lazy\" decoding=\"async\" aria-describedby=\"caption-attachment-2264\" class=\"wp-image-2264\" src=\"https:\/\/tonyelumelufoundation.org\/wp-content\/uploads\/2015\/06\/151-157x300.jpg\" alt=\"GU\" width=\"183\" height=\"350\" \/><\/a><p id=\"caption-attachment-2264\" class=\"wp-caption-text\">Le doyen David Thomas escorte Tony Elumelu dans la salle de conf\u00e9rence de l&#039;\u00e9cole de commerce<\/p><\/div>\n<p style=\"text-align: center;\">intitul\u00e9 \u00ab D\u00e9veloppement dirig\u00e9 par les entrepreneurs : un nouveau mod\u00e8le pour l\u2019Afrique \u00bb.<\/p>\n<div id=\"attachment_2221\" style=\"width: 310px\" class=\"wp-caption aligncenter\"><a href=\"https:\/\/tonyelumelufoundation.org\/wp-content\/uploads\/2015\/06\/16.jpg\"><img loading=\"lazy\" decoding=\"async\" aria-describedby=\"caption-attachment-2221\" class=\"wp-image-2221 size-medium\" src=\"https:\/\/tonyelumelufoundation.org\/wp-content\/uploads\/2015\/06\/16-300x300.jpg\" alt=\"Tony Elumelu prononce un discours \u00e0 la McDonough School of Business de l&#039;Universit\u00e9 de Georgetown \" width=\"300\" height=\"300\" \/><\/a><p id=\"caption-attachment-2221\" class=\"wp-caption-text\">Tony Elumelu prononce un discours \u00e0 la McDonough School of Business de l&#039;Universit\u00e9 de Georgetown<\/p><\/div>\n<p>Le professeur Steve Radelet, directeur du programme mondial de d\u00e9veloppement humain de l&#039;\u00e9cole de service ext\u00e9rieur Edmund A. Walsh de l&#039;universit\u00e9 de Georgetown, a anim\u00e9 une s\u00e9ance de questions-r\u00e9ponses au cours de laquelle j&#039;ai r\u00e9pondu aux questions du public.<\/p>\n<div id=\"attachment_2222\" style=\"width: 310px\" class=\"wp-caption aligncenter\"><a href=\"https:\/\/tonyelumelufoundation.org\/wp-content\/uploads\/2015\/06\/17.jpg\"><img loading=\"lazy\" decoding=\"async\" aria-describedby=\"caption-attachment-2222\" class=\"size-medium wp-image-2222\" src=\"https:\/\/tonyelumelufoundation.org\/wp-content\/uploads\/2015\/06\/17-300x225.jpg\" alt=\"Tony Elumelu et Steve Radelet lors de la s\u00e9ance de questions-r\u00e9ponses \u00e0 l&#039;Universit\u00e9 de Georgetown\" width=\"300\" height=\"225\" \/><\/a><p id=\"caption-attachment-2222\" class=\"wp-caption-text\">Tony Elumelu et Steve Radelet lors de la s\u00e9ance de questions-r\u00e9ponses \u00e0 l&#039;Universit\u00e9 de Georgetown<\/p><\/div>\n<p style=\"text-align: center;\">Le soutien de mon \u00e9quipe sur le terrain a \u00e9t\u00e9 inestimable<\/p>\n<div id=\"attachment_2223\" style=\"width: 310px\" class=\"wp-caption aligncenter\"><a href=\"https:\/\/tonyelumelufoundation.org\/wp-content\/uploads\/2015\/06\/18.jpg\"><img loading=\"lazy\" decoding=\"async\" aria-describedby=\"caption-attachment-2223\" class=\"size-medium wp-image-2223\" src=\"https:\/\/tonyelumelufoundation.org\/wp-content\/uploads\/2015\/06\/18-300x225.jpg\" alt=\"De gauche \u00e0 droite\u00a0: Dr Wiebe Boer, directeur de la strat\u00e9gie chez Heirs Holdings\u00a0; Valentine Ozigbo, PDG de Transnational Hotels Plc\u00a0; Tony Elumelu\u00a0; Chika Mordi, PDG du Conseil national de comp\u00e9titivit\u00e9 du Nig\u00e9ria\u00a0; et Lola Obembe, adjointe ex\u00e9cutive du pr\u00e9sident de Heirs Holdings\" width=\"300\" height=\"225\" \/><\/a><p id=\"caption-attachment-2223\" class=\"wp-caption-text\">De gauche \u00e0 droite\u00a0: Dr Wiebe Boer, directeur de la strat\u00e9gie chez Heirs Holdings\u00a0; Valentine Ozigbo, PDG de Transnational Hotels Plc\u00a0; Tony Elumelu\u00a0; Chika Mordi, PDG du Conseil national de comp\u00e9titivit\u00e9 du Nig\u00e9ria\u00a0; et Lola Obembe, adjointe ex\u00e9cutive du pr\u00e9sident de Heirs Holdings<\/p><\/div>\n<p style=\"text-align: center;\">Et de rencontrer deux membres de la promotion 2015 du programme d&#039;entrepreneuriat Tony Elumelu.<\/p>\n<div id=\"attachment_2224\" style=\"width: 310px\" class=\"wp-caption aligncenter\"><a href=\"https:\/\/tonyelumelufoundation.org\/wp-content\/uploads\/2015\/06\/19.png\"><img loading=\"lazy\" decoding=\"async\" aria-describedby=\"caption-attachment-2224\" class=\"size-medium wp-image-2224\" src=\"https:\/\/tonyelumelufoundation.org\/wp-content\/uploads\/2015\/06\/19-300x290.png\" alt=\"De gauche \u00e0 droite : Gabino Guerengomba de la R\u00e9publique centrafricaine ; Tony Elumelu\u00a0; &amp; Emeka Ebo du Nig\u00e9ria\" width=\"300\" height=\"290\" \/><\/a><p id=\"caption-attachment-2224\" class=\"wp-caption-text\">De gauche \u00e0 droite : Gabino Guerengomba de la R\u00e9publique centrafricaine ; Tony Elumelu\u00a0; &amp; Emeka Ebo du Nig\u00e9ria<\/p><\/div>\n<p>J&#039;ai ensuite rencontr\u00e9 ma coll\u00e8gue copr\u00e9sidente du groupe de strat\u00e9gie de s\u00e9curit\u00e9 alimentaire de l&#039;Aspen Institute, l&#039;ancienne secr\u00e9taire d&#039;\u00c9tat am\u00e9ricaine, le Dr Madeleine Albright, en pr\u00e9vision d&#039;une r\u00e9union pr\u00e9vue plus tard cette ann\u00e9e \u00e0 Abuja, au Nigeria.<\/p>\n<div id=\"attachment_2268\" style=\"width: 209px\" class=\"wp-caption aligncenter\"><a href=\"https:\/\/tonyelumelufoundation.org\/wp-content\/uploads\/2015\/06\/lady-e1434124268731.jpg\"><img loading=\"lazy\" decoding=\"async\" aria-describedby=\"caption-attachment-2268\" class=\"wp-image-2268 size-medium\" src=\"https:\/\/tonyelumelufoundation.org\/wp-content\/uploads\/2015\/06\/lady-e1434124268731-199x300.jpg\" alt=\"\" width=\"199\" height=\"300\"><\/a><p id=\"caption-attachment-2268\" class=\"wp-caption-text\">Tony Elumelu avec l&#039;ancienne secr\u00e9taire d&#039;\u00c9tat am\u00e9ricaine Madeleine Albright<\/p><\/div>\n<p>S&#039;ensuit ensuite une s\u00e9ance \u00e0 la Chambre de commerce des \u00c9tats-Unis avec l&#039;ambassadeur du Nig\u00e9ria aux \u00c9tats-Unis, l&#039;ambassadeur Ade Adefuye. J&#039;ai ensuite parl\u00e9 de l&#039;entrepreneuriat en tant que catalyseur du d\u00e9veloppement en Afrique et j&#039;ai encourag\u00e9 les dirigeants commerciaux mondiaux de marques \u00e9tablies comme Coca-Cola et Fed-Ex \u00e0 continuer de s&#039;associer et de faire des affaires en Afrique.<\/p>\n<div id=\"attachment_2226\" style=\"width: 310px\" class=\"wp-caption aligncenter\"><a href=\"https:\/\/tonyelumelufoundation.org\/wp-content\/uploads\/2015\/06\/21.jpg\"><img loading=\"lazy\" decoding=\"async\" aria-describedby=\"caption-attachment-2226\" class=\"size-medium wp-image-2226\" src=\"https:\/\/tonyelumelufoundation.org\/wp-content\/uploads\/2015\/06\/21-300x300.jpg\" alt=\"Dans le sens des aiguilles d&#039;une montre depuis LR : Tony Elumelu dans le hall de la Chambre de Commerce am\u00e9ricaine ; Tony Elumelu s&#039;entretient avec l&#039;Ambassadeur Ade Adefuye lors de la r\u00e9union ; Tony Elumelu quitte la Chambre de Commerce am\u00e9ricaine avec l&#039;ambassadeur Ade Adefuye\" width=\"300\" height=\"300\" \/><\/a><p id=\"caption-attachment-2226\" class=\"wp-caption-text\">Dans le sens des aiguilles d&#039;une montre depuis LR : Tony Elumelu dans le hall de la Chambre de Commerce am\u00e9ricaine ; Tony Elumelu s&#039;entretient avec l&#039;Ambassadeur Ade Adefuye lors de la r\u00e9union ; Tony Elumelu quitte la Chambre de Commerce am\u00e9ricaine avec l&#039;ambassadeur Ade Adefuye<\/p><\/div>\n<p>J&#039;ai compl\u00e9t\u00e9 cette visite sur la c\u00f4te Est par un voyage \u00e0 Miami, en Floride, o\u00f9 j&#039;ai rencontr\u00e9 des partenaires potentiels pour poursuivre mon d\u00e9sir d&#039;attirer et d&#039;amener des affaires en Afrique.<\/p>\n<div id=\"attachment_2276\" style=\"width: 310px\" class=\"wp-caption aligncenter\"><a href=\"https:\/\/tonyelumelufoundation.org\/wp-content\/uploads\/2015\/06\/221.jpg\"><img loading=\"lazy\" decoding=\"async\" aria-describedby=\"caption-attachment-2276\" class=\"wp-image-2276 size-medium\" src=\"https:\/\/tonyelumelufoundation.org\/wp-content\/uploads\/2015\/06\/221-300x225.jpg\" alt=\"Miami\" width=\"300\" height=\"225\" \/><\/a><p id=\"caption-attachment-2276\" class=\"wp-caption-text\">Tony Elumelu arrive \u00e0 l&#039;a\u00e9roport de Miami<\/p><\/div>\n<p>Apr\u00e8s une courte pause pour rendre visite \u00e0 mes amis et \u00e0 ma famille, je me suis rendu \u00e0 Paris pour un rassemblement de responsables gouvernementaux et de dirigeants d&#039;entreprises mondiales discutant de l&#039;agenda sur le changement climatique pour la COP21 de la CCNUCC qui aura lieu en d\u00e9cembre de cette ann\u00e9e.<\/p>\n<div id=\"attachment_2271\" style=\"width: 310px\" class=\"wp-caption aligncenter\"><a href=\"https:\/\/tonyelumelufoundation.org\/wp-content\/uploads\/2015\/06\/27af158cf18675164193bfdbda87b2da.jpg\"><img loading=\"lazy\" decoding=\"async\" aria-describedby=\"caption-attachment-2271\" class=\"wp-image-2271 size-medium\" src=\"https:\/\/tonyelumelufoundation.org\/wp-content\/uploads\/2015\/06\/27af158cf18675164193bfdbda87b2da-300x300.jpg\" alt=\"Elumelu\" width=\"300\" height=\"300\" \/><\/a><p id=\"caption-attachment-2271\" class=\"wp-caption-text\">Tony Elumelu et son \u00e9quipe entrent dans le lieu pour la discussion de la COP 21<\/p><\/div>\n<div id=\"attachment_2266\" style=\"width: 310px\" class=\"wp-caption aligncenter\"><a href=\"https:\/\/tonyelumelufoundation.org\/wp-content\/uploads\/2015\/06\/25a1.jpg\"><img loading=\"lazy\" decoding=\"async\" aria-describedby=\"caption-attachment-2266\" class=\"wp-image-2266 size-medium\" src=\"https:\/\/tonyelumelufoundation.org\/wp-content\/uploads\/2015\/06\/25a1-300x300.jpg\" alt=\"Elumelu\" width=\"300\" height=\"300\" \/><\/a><p id=\"caption-attachment-2266\" class=\"wp-caption-text\">Tony Elumelu s&#039;entretient avec d&#039;autres d\u00e9l\u00e9gu\u00e9s lors de l&#039;\u00e9v\u00e9nement\u00a0; Tony Elumelu avec Christina Figueres, Secr\u00e9taire ex\u00e9cutive de la CCNUCC<\/p><\/div>\n<p style=\"text-align: center;\">L&#039;architecture et la d\u00e9coration de l&#039;H\u00f4tel du Ministre sont magnifiques<\/p>\n<div id=\"attachment_2231\" style=\"width: 234px\" class=\"wp-caption aligncenter\"><a href=\"https:\/\/tonyelumelufoundation.org\/wp-content\/uploads\/2015\/06\/26.jpg\"><img loading=\"lazy\" decoding=\"async\" aria-describedby=\"caption-attachment-2231\" class=\"wp-image-2231 size-medium\" src=\"https:\/\/tonyelumelufoundation.org\/wp-content\/uploads\/2015\/06\/26-224x300.jpg\" alt=\"Tony Elumelu se tient dans le hall de l&#039;H\u00f4tel du Ministre, Paris\" width=\"224\" height=\"300\" \/><\/a><p id=\"caption-attachment-2231\" class=\"wp-caption-text\">Tony Elumelu se tient dans le hall de l&#039;H\u00f4tel du Ministre, Paris<\/p><\/div>\n<p style=\"text-align: center;\">Je me suis ensuite rendu \u00e0 Oxford o\u00f9 je devais prendre la parole \u00e0 l&#039;historique Oxford Union lors de la conf\u00e9rence Oxford Africa.<\/p>\n<p><a href=\"https:\/\/tonyelumelufoundation.org\/wp-content\/uploads\/2015\/06\/27.jpg\"><img loading=\"lazy\" decoding=\"async\" class=\"aligncenter size-medium wp-image-2232\" src=\"https:\/\/tonyelumelufoundation.org\/wp-content\/uploads\/2015\/06\/27-300x200.jpg\" alt=\"Oxford\" width=\"300\" height=\"200\" \/><\/a><\/p>\n<p style=\"text-align: center;\">J&#039;ai prononc\u00e9 un discours intitul\u00e9 \u00ab L&#039;Africapitalisme comme catalyseur du d\u00e9veloppement de l&#039;Afrique \u00bb.<\/p>\n<div id=\"attachment_2233\" style=\"width: 310px\" class=\"wp-caption aligncenter\"><a href=\"https:\/\/tonyelumelufoundation.org\/wp-content\/uploads\/2015\/06\/28.jpg\"><img loading=\"lazy\" decoding=\"async\" aria-describedby=\"caption-attachment-2233\" class=\"size-medium wp-image-2233\" src=\"https:\/\/tonyelumelufoundation.org\/wp-content\/uploads\/2015\/06\/28-300x199.jpg\" alt=\"Tony Elumelu s&#039;adresse au public de l&#039;Oxford Union lors de la conf\u00e9rence Oxford Africa\" width=\"300\" height=\"199\" \/><\/a><p id=\"caption-attachment-2233\" class=\"wp-caption-text\">Tony Elumelu s&#039;adresse au public de l&#039;Oxford Union lors de la conf\u00e9rence Oxford Africa<\/p><\/div>\n<p>En tant que Senior Fellow de la Nigerian Leadership Initiative, j&#039;ai \u00e9galement pris le temps de rencontrer les Associate Fellows qui \u00e9taient pr\u00e9sents \u00e0 Oxford lors de mon discours.<\/p>\n<div id=\"attachment_2234\" style=\"width: 310px\" class=\"wp-caption aligncenter\"><a href=\"https:\/\/tonyelumelufoundation.org\/wp-content\/uploads\/2015\/06\/29.jpg\"><img loading=\"lazy\" decoding=\"async\" aria-describedby=\"caption-attachment-2234\" class=\"size-medium wp-image-2234\" src=\"https:\/\/tonyelumelufoundation.org\/wp-content\/uploads\/2015\/06\/29-300x200.jpg\" alt=\"Tony Elumelu s&#039;adresse aux boursiers du NLI bas\u00e9s \u00e0 Oxford \" width=\"300\" height=\"200\" \/><\/a><p id=\"caption-attachment-2234\" class=\"wp-caption-text\">Tony Elumelu s&#039;adresse aux boursiers du NLI bas\u00e9s \u00e0 Oxford<\/p><\/div>\n<p>Malgr\u00e9 un voyage mouvement\u00e9, je me sens chanceux d&#039;avoir une nouvelle opportunit\u00e9 d&#039;encourager un changement dans le r\u00e9cit de l&#039;Afrique et de diffuser l&#039;information sur ce que nous voyons chaque jour en Afrique, sur la fa\u00e7on dont l&#039;entrepreneuriat transforme le continent, comme je l&#039;avais pr\u00e9dit. .<\/p>\n<div id=\"attachment_2235\" style=\"width: 310px\" class=\"wp-caption aligncenter\"><a href=\"https:\/\/tonyelumelufoundation.org\/wp-content\/uploads\/2015\/06\/30.jpg\"><img loading=\"lazy\" decoding=\"async\" aria-describedby=\"caption-attachment-2235\" class=\"size-medium wp-image-2235\" src=\"https:\/\/tonyelumelufoundation.org\/wp-content\/uploads\/2015\/06\/30-300x200.jpg\" alt=\"Tony Elumelu quitte l&#039;Oxford Union avec son \u00e9quipe apr\u00e8s son discours\" width=\"300\" height=\"200\" \/><\/a><p id=\"caption-attachment-2235\" class=\"wp-caption-text\">Tony Elumelu quitte l&#039;Oxford Union avec son \u00e9quipe apr\u00e8s son discours<\/p><\/div>","protected":false},"excerpt":{"rendered":"<p>\u00c0 la fin de l'ann\u00e9e derni\u00e8re, le magazine The Economist m'a invit\u00e9 \u00e0 soumettre un article pour sa s\u00e9rie annuelle \u201cYear In\u201d. J'ai fini par \u00e9crire un article stimulant qui faisait des pr\u00e9dictions sur les questions qui, selon moi, auraient le plus d'impact sur la sc\u00e8ne mondiale et, de mon point de vue, en Afrique, en 2015. Ma pr\u00e9diction \u00e9tait que 2015 ...<\/p>","protected":false},"author":21,"featured_media":2206,"comment_status":"open","ping_status":"open","sticky":false,"template":"","format":"standard","meta":{"_exactmetrics_skip_tracking":false,"_exactmetrics_sitenote_active":false,"_exactmetrics_sitenote_note":"","_exactmetrics_sitenote_category":0,"cybocfi_hide_featured_image":"","footnotes":""},"categories":[20],"tags":[],"class_list":["post-2205","post","type-post","status-publish","format-standard","has-post-thumbnail","hentry","category-articles"],"_links":{"self":[{"href":"https:\/\/www.tonyelumelufoundation.org\/fr\/wp-json\/wp\/v2\/posts\/2205","targetHints":{"allow":["GET"]}}],"collection":[{"href":"https:\/\/www.tonyelumelufoundation.org\/fr\/wp-json\/wp\/v2\/posts"}],"about":[{"href":"https:\/\/www.tonyelumelufoundation.org\/fr\/wp-json\/wp\/v2\/types\/post"}],"author":[{"embeddable":true,"href":"https:\/\/www.tonyelumelufoundation.org\/fr\/wp-json\/wp\/v2\/users\/21"}],"replies":[{"embeddable":true,"href":"https:\/\/www.tonyelumelufoundation.org\/fr\/wp-json\/wp\/v2\/comments?post=2205"}],"version-history":[{"count":0,"href":"https:\/\/www.tonyelumelufoundation.org\/fr\/wp-json\/wp\/v2\/posts\/2205\/revisions"}],"wp:featuredmedia":[{"embeddable":true,"href":"https:\/\/www.tonyelumelufoundation.org\/fr\/wp-json\/"}],"wp:attachment":[{"href":"https:\/\/www.tonyelumelufoundation.org\/fr\/wp-json\/wp\/v2\/media?parent=2205"}],"wp:term":[{"taxonomy":"category","embeddable":true,"href":"https:\/\/www.tonyelumelufoundation.org\/fr\/wp-json\/wp\/v2\/categories?post=2205"},{"taxonomy":"post_tag","embeddable":true,"href":"https:\/\/www.tonyelumelufoundation.org\/fr\/wp-json\/wp\/v2\/tags?post=2205"}],"curies":[{"name":"wp","href":"https:\/\/api.w.org\/{rel}","templated":true}]}}