{"id":22423,"date":"2022-09-19T10:00:46","date_gmt":"2022-09-19T09:00:46","guid":{"rendered":"https:\/\/www.tonyelumelufoundation.org\/?p=22423"},"modified":"2025-07-02T16:02:35","modified_gmt":"2025-07-02T15:02:35","slug":"lafrique-et-le-changement-climatique-une-conversation-avec-nous-le-senateur-john-kerry-en-vue-de-la-cop27","status":"publish","type":"post","link":"https:\/\/www.tonyelumelufoundation.org\/fr\/news\/africa-and-climate-change-a-conversation-with-us-senator-john-kerry-towards-cop27","title":{"rendered":"L\u2019Afrique et le changement climatique \u2013 Conversation avec le s\u00e9nateur am\u00e9ricain John Kerry en vue de la COP27"},"content":{"rendered":"<pre class=\"wp-block-preformatted\"><strong>Tony O.Elumelu<\/strong><\/pre>\r\n\r\n\r\n\r\n<p>Alors que le monde continue de subir quotidiennement les cons\u00e9quences du r\u00e9chauffement climatique, qu\u2019il s\u2019agisse des r\u00e9centes inondations tragiques au Pakistan ou de la d\u00e9gradation persistante de l\u2019environnement, moins m\u00e9diatis\u00e9e mais tout aussi n\u00e9faste, de la r\u00e9gion africaine du Sahel, les dirigeants doivent agir, et non se contenter de paroles.<\/p>\r\n\r\n\r\n\r\n<p>De m\u00eame, l\u2019Afrique ne doit pas se contenter de participer aux discussions, mais elle doit activement d\u00e9finir l\u2019ordre du jour.<\/p>\r\n\r\n\r\n\r\n<p>While Africa\u2019s 3.8% contribution to global emissions is immaterial compared to others, we are the most vulnerable region to the effect of climate change. Africa\u2019s rain-fed agriculture focus, and a large share of agriculture in Africa\u2019s GDP, add to the continent\u2019s \u00a0vulnerability. \u00a0It is clear that climate change is not just a threat to the future, it is also a threat to the present.<\/p>\r\n\r\n\r\n\r\n<p>Les conversations mondiales sur le changement climatique sont ax\u00e9es sur les \u00e9nergies vertes et renouvelables. Cependant, l&#039;objectif de l&#039;Afrique est et doit rester de fournir \u00e0 ses citoyens de l&#039;\u00e9nergie \u00e0 partir de sources \u00e0 la fois traditionnelles et vertes \u2013 c&#039;\u00e9tait le point central de ma discussion avec le s\u00e9nateur John Kerry, ancien secr\u00e9taire d&#039;\u00c9tat et actuel envoy\u00e9 sp\u00e9cial du pr\u00e9sident des \u00c9tats-Unis d&#039;Am\u00e9rique pour le climat, ainsi qu&#039;avec avec le PDG de Heirs Oil and Gas (HHOG), Osa Igiehon, au Transcorp Hilton Abuja, hier.<\/p>\r\n\r\n\r\n\r\n<figure class=\"wp-block-image size-large\"><img fetchpriority=\"high\" decoding=\"async\" width=\"1024\" height=\"731\" class=\"wp-image-22425\" src=\"https:\/\/www.tonyelumelufoundation.org\/wp-content\/uploads\/2022\/09\/TOE_John-Kerry-1024x731.jpg\" alt=\"\" srcset=\"https:\/\/www.tonyelumelufoundation.org\/wp-content\/uploads\/2022\/09\/TOE_John-Kerry-1024x731.jpg 1024w, https:\/\/www.tonyelumelufoundation.org\/wp-content\/uploads\/2022\/09\/TOE_John-Kerry-300x214.jpg 300w, https:\/\/www.tonyelumelufoundation.org\/wp-content\/uploads\/2022\/09\/TOE_John-Kerry-768x548.jpg 768w, https:\/\/www.tonyelumelufoundation.org\/wp-content\/uploads\/2022\/09\/TOE_John-Kerry-1536x1097.jpg 1536w, https:\/\/www.tonyelumelufoundation.org\/wp-content\/uploads\/2022\/09\/TOE_John-Kerry-2048x1462.jpg 2048w\" sizes=\"(max-width: 1024px) 100vw, 1024px\" \/><\/figure>\r\n\r\n\r\n\r\n<p>Nous devons \u00eatre r\u00e9alistes quant aux in\u00e9galit\u00e9s qui existent entre l\u2019Afrique et le reste du monde. L\u2019Afrique conna\u00eet un d\u00e9ficit \u00e9nerg\u00e9tique important, avec une grande partie de sa population vivant avec peu ou pas d\u2019\u00e9lectricit\u00e9. La transition compl\u00e8te de l\u2019Afrique vers des sources d\u2019\u00e9nergie vertes et renouvelables n\u00e9cessitera des investissements consid\u00e9rables, et cela ne peut se faire au d\u00e9triment de la volont\u00e9 de rem\u00e9dier de toute urgence au d\u00e9ficit \u00e9nerg\u00e9tique actuel. La transition \u00e9nerg\u00e9tique verte doit laisser \u00e0 l\u2019Afrique la possibilit\u00e9 de propulser son d\u00e9veloppement et de soutenir sa croissance \u00e9conomique. Tout le reste serait potentiellement pr\u00e9judiciable \u00e0 nous tous.<\/p>\r\n\r\n\r\n\r\n<p>There must be an equitable transition \u2013 that is why I welcome the US\u2019s recent recognition of this concept in its much-awaited Africa strategy announced earlier this month.<\/p>\r\n\r\n\r\n\r\n<p>La r\u00e9volution verte en Afrique n\u00e9cessite un financement imm\u00e9diat et important \u2013 un financement sup\u00e9rieur aux ressources dont disposent les gouvernements africains, qui ont tant de priorit\u00e9s concurrentes telles que la pauvret\u00e9, l&#039;\u00e9conomie, l&#039;\u00e9ducation, les soins de sant\u00e9, la s\u00e9curit\u00e9, etc. \u2013 qui ont toutes un impact direct sur les moyens de subsistance des Africains, en particulier des jeunes.<\/p>\r\n\r\n\r\n\r\n<p>Face \u00e0 ce dilemme, le monde doit intervenir ! L\u2019Afrique aura besoin de beaucoup plus de soutien ext\u00e9rieur et de la m\u00eame flexibilit\u00e9 politique que celle que r\u00e9clament les pays riches dans la transition \u00e9nerg\u00e9tique.<\/p>\r\n\r\n\r\n\r\n<p>As the world gathers in Sharm El-Sheikh, Egypt for COP27, African nations must engage with the rest of the world, with one voice about the massive support required for this transition \u2013 one that is frankly in everyone\u2019s interest.\u00a0 The Tony Elumelu Foundation\u2019s work with the UNDP in the Sahel seeks to address the toxic cocktail of the lack of opportunity and extremism, and the frightening impact of environmental change has only made this task more difficult.<\/p>\r\n\r\n\r\n\r\n<p>L\u2019Afrique doit faire ce qu\u2019elle peut d\u00e8s maintenant \u2013 les gouvernements africains doivent fournir un environnement propice \u00e0 la promotion du changement climatique et inciter le secteur priv\u00e9 \u00e0 s\u2019approprier ces initiatives et \u00e0 commencer leur mise en \u0153uvre dans leurs diverses organisations. Chez Heirs Holdings Group, avec notre strat\u00e9gie \u00e9nerg\u00e9tique int\u00e9gr\u00e9e, nous travaillons \u00e0 r\u00e9pondre aux besoins \u00e9nerg\u00e9tiques de l&#039;Afrique. Notre strat\u00e9gie \u00e9nerg\u00e9tique comprend trois voies<\/p>\r\n\r\n\r\n\r\n<ol class=\"wp-block-list\" type=\"i\">\r\n<li>une voie p\u00e9troli\u00e8re et gazi\u00e8re (le HHOG fournissant d\u00e9j\u00e0 jusqu&#039;\u00e0 12 millions de pieds cubes standard de gaz par jour au hub gazier domestique de l&#039;est du Nigeria)\u00a0;<\/li>\r\n<\/ol>\r\n\r\n\r\n\r\n<ol class=\"wp-block-list\" type=\"i\">\r\n<li>une voie de production d&#039;\u00e9lectricit\u00e9 au gaz (le groupe Transcorp exploitant un total d&#039;environ 2 000 m\u00e9gawatts, soit quelque 151 TP3T de la capacit\u00e9 totale de production d&#039;\u00e9lectricit\u00e9 install\u00e9e du Nigeria) ; et<\/li>\r\n<\/ol>\r\n\r\n\r\n\r\n<ol class=\"wp-block-list\" type=\"i\">\r\n<li>une fili\u00e8re \u00e9nergies renouvelables\/\u00e9nergies vertes en cours de d\u00e9veloppement.<\/li>\r\n<\/ol>\r\n\r\n\r\n\r\n<p>Nous ne pouvons pas nous permettre d\u2019ignorer les sources d\u2019\u00e9nergie traditionnelles pour r\u00e9pondre aux besoins fondamentaux, mais nous ne pouvons pas non plus ignorer notre responsabilit\u00e9 envers les g\u00e9n\u00e9rations futures dans le d\u00e9veloppement d\u2019alternatives.<\/p>\r\n\r\n\r\n\r\n<p>We are great supporters of young entrepreneurs \u2013 and we are ensuring that we infuse green climate awareness in young African entrepreneurs, through the work of The Tony Elumelu Foundation (TEF).\u00a0 We believe that the current energy transition and future lies in the hands of our private sector, who through their actions or inactions can either perpetuate current ills or catalyse change.\u00a0 Our over 1.2m TEF entrepreneurship seed capital\/knowledge beneficiaries are being encouraged to create businesses that incorporate sustainability into their practices.<\/p>\r\n\r\n\r\n\r\n<p>Ma conversation avec le s\u00e9nateur Kerry s&#039;est termin\u00e9e par un large discours sur les opportunit\u00e9s pour l&#039;Afrique dans le domaine des \u00e9nergies renouvelables et les initiatives ax\u00e9es sur la technologie qui aideront \u00e0 aborder et \u00e0 am\u00e9liorer l&#039;acc\u00e8s \u00e0 l&#039;\u00e9nergie en Afrique.<\/p>\r\n\r\n\r\n\r\n<p>I applaud the United States of America, for this inclusive approach to addressing the climate issues. \u00a0It is through such direct engagements that a comprehensive agenda will be developed for faithful implementation across Africa and the wider world.<\/p>\r\n\r\n\r\n\r\n<p>Collectively, we can do better.\u00a0 We must do better.\u00a0 We have a dwindling window to address, probably the most significant challenge of our time.\u00a0 Our children deserve and expect better.<\/p>","protected":false},"excerpt":{"rendered":"<p>Tony O. Elumelu Alors que le monde continue de subir quotidiennement l&#039;impact du r\u00e9chauffement climatique, qu&#039;il s&#039;agisse des r\u00e9centes inondations tragiques au Pakistan ou de la d\u00e9gradation environnementale persistante, moins couverte mais tout aussi n\u00e9faste, de la r\u00e9gion africaine du Sahel, les dirigeants doivent agir, et non se contenter de parler. . De m\u00eame, l\u2019Afrique ne devrait pas seulement participer aux discussions, mais s\u2019impliquer activement\u2026<\/p>","protected":false},"author":21,"featured_media":22426,"comment_status":"closed","ping_status":"closed","sticky":false,"template":"","format":"standard","meta":{"_exactmetrics_skip_tracking":false,"_exactmetrics_sitenote_active":false,"_exactmetrics_sitenote_note":"","_exactmetrics_sitenote_category":0,"cybocfi_hide_featured_image":"","footnotes":""},"categories":[18],"tags":[545,408],"class_list":["post-22423","post","type-post","status-publish","format-standard","has-post-thumbnail","hentry","category-news","tag-tefgreen","tag-climate-change"],"_links":{"self":[{"href":"https:\/\/www.tonyelumelufoundation.org\/fr\/wp-json\/wp\/v2\/posts\/22423","targetHints":{"allow":["GET"]}}],"collection":[{"href":"https:\/\/www.tonyelumelufoundation.org\/fr\/wp-json\/wp\/v2\/posts"}],"about":[{"href":"https:\/\/www.tonyelumelufoundation.org\/fr\/wp-json\/wp\/v2\/types\/post"}],"author":[{"embeddable":true,"href":"https:\/\/www.tonyelumelufoundation.org\/fr\/wp-json\/wp\/v2\/users\/21"}],"replies":[{"embeddable":true,"href":"https:\/\/www.tonyelumelufoundation.org\/fr\/wp-json\/wp\/v2\/comments?post=22423"}],"version-history":[{"count":1,"href":"https:\/\/www.tonyelumelufoundation.org\/fr\/wp-json\/wp\/v2\/posts\/22423\/revisions"}],"predecessor-version":[{"id":27887,"href":"https:\/\/www.tonyelumelufoundation.org\/fr\/wp-json\/wp\/v2\/posts\/22423\/revisions\/27887"}],"wp:featuredmedia":[{"embeddable":true,"href":"https:\/\/www.tonyelumelufoundation.org\/fr\/wp-json\/wp\/v2\/media\/22426"}],"wp:attachment":[{"href":"https:\/\/www.tonyelumelufoundation.org\/fr\/wp-json\/wp\/v2\/media?parent=22423"}],"wp:term":[{"taxonomy":"category","embeddable":true,"href":"https:\/\/www.tonyelumelufoundation.org\/fr\/wp-json\/wp\/v2\/categories?post=22423"},{"taxonomy":"post_tag","embeddable":true,"href":"https:\/\/www.tonyelumelufoundation.org\/fr\/wp-json\/wp\/v2\/tags?post=22423"}],"curies":[{"name":"wp","href":"https:\/\/api.w.org\/{rel}","templated":true}]}}