{"id":22601,"date":"2022-09-26T14:31:19","date_gmt":"2022-09-26T13:31:19","guid":{"rendered":"https:\/\/www.tonyelumelufoundation.org\/?p=22601"},"modified":"2022-09-28T09:57:54","modified_gmt":"2022-09-28T08:57:54","slug":"discours-douverture-prononce-par-notre-fondateur-m-tony-elumelu-a-lassemblee-generale-des-nations-unies","status":"publish","type":"post","link":"https:\/\/www.tonyelumelufoundation.org\/fr\/news\/keynote-address-delivered-by-our-founder-mr-tony-elumelu-at-the-united-nations-general-assembly","title":{"rendered":"Discours de notre fondateur, M. Tony Elumelu, \u00e0 l'Assembl\u00e9e g\u00e9n\u00e9rale des Nations unies"},"content":{"rendered":"<p>Ma s\u0153ur, grand pasteur d&#039;Afrique du Sud et mon fr\u00e8re, ravi de vous rencontrer tous. Mesdames et messieurs et bien s\u00fbr, ma ch\u00e8re amie, Mme Banks, ravi de vous revoir. Je pense que c&#039;\u00e9tait en avril que nous interagissions tous les deux sur ce m\u00eame message d&#039;entrepreneuriat social pour l&#039;Afrique, en collaboration avec les \u00c9tats-Unis.<\/p>\n\n\n\n<p>C&#039;est un honneur pour moi d&#039;\u00eatre ici cet apr\u00e8s-midi pour partager quelques r\u00e9flexions avec nous tous. Je disais aux gens plus t\u00f4t dans la journ\u00e9e que le temps dont nous disposons d\u00e9sormais pour faire le bien dans la vie diminue. L\u2019heure n\u2019est pas aux paroles, mais plut\u00f4t \u00e0 l\u2019action.<\/p>\n\n\n\n<p>Je viens d&#039;Afrique \u2013 je suis fi\u00e8rement n\u00e9 et \u00e9lev\u00e9 en Afrique et j&#039;ai atteint un certain niveau de confort sur le continent, mais je ne suis pas seul ; il y en a tant d\u2019autres qui ont atteint ce niveau de confort sur le continent. L\u2019Afrique a beaucoup d\u2019opportunit\u00e9s, mais nous avons aussi nos d\u00e9fis. Nous vivons dans la pauvret\u00e9 sur notre continent, l\u2019acc\u00e8s \u00e0 l\u2019\u00e9lectricit\u00e9 est tr\u00e8s limit\u00e9, les femmes sont exclues des activit\u00e9s \u00e9conomiques principales et le ch\u00f4mage des jeunes est \u00e9norme. En fait, je dis que le ch\u00f4mage des jeunes est un gaspillage tragique de talents humains et une trahison d\u2019une g\u00e9n\u00e9ration, et nous devons tous faire quelque chose pour y rem\u00e9dier et c\u2019est le moment de faire quelque chose. C&#039;est pourquoi j&#039;aime ce sujet, l&#039;entrepreneuriat social.<\/p>\n\n\n\n<p>Pour quelqu&#039;un qui a \u00e9t\u00e9 en affaires et a grandi au point o\u00f9 nous avons mis en place la Fondation Tony Elumelu, pour aider \u00e0 \u00e9radiquer la pauvret\u00e9, cr\u00e9er des emplois pour nos jeunes et, plus important encore, pour contribuer \u00e0 donner de la croissance \u00e9conomique et des opportunit\u00e9s \u00e0 notre peuple. Je ne veux pas que nous soyons obs\u00e9d\u00e9s par un type particulier d\u2019entrepreneuriat. Nous devrions promouvoir l\u2019entrepreneuriat sur le continent. Nous avons besoin d\u2019entrepreneurs pour cr\u00e9er de l\u2019emploi. Nous avons besoin de l\u2019esprit d\u2019entreprise pour donner de l\u2019espoir \u00e0 nos citoyens. Nous avons besoin d\u2019esprit d\u2019entreprise pour emp\u00eacher nos populations de traverser la M\u00e9diterran\u00e9e dans des conditions tr\u00e8s difficiles. Nous avons besoin de l\u2019esprit d\u2019entreprise pour mettre fin \u00e0 l\u2019extr\u00e9misme sur notre continent. Nous avons besoin de l\u2019entrepreneuriat pour assurer la s\u00e9curit\u00e9 et la prosp\u00e9rit\u00e9 de tous.<\/p>\n\n\n\n<p>Pour cela, il s\u2019agit simplement de l\u2019adopter et de faire ce que nous devons faire collectivement en tant qu\u2019Africains et amis de l\u2019Afrique pour propulser nos peuples gr\u00e2ce \u00e0 l\u2019entrepreneuriat et \u00e0 la prosp\u00e9rit\u00e9. Comme je l\u2019ai d\u00e9j\u00e0 dit, le moment est venu d\u2019agir. Nous pensons savoir ce dont nous avons besoin en Afrique, ce que nous faisons \u00e0 la Fondation Tony Elumelu nous a d\u00e9montr\u00e9 et prouv\u00e9 que cette voie \u00e9prouv\u00e9e d\u2019autonomisation de nos jeunes \u2013 jeunes femmes et jeunes hommes \u2013 est clairement la voie \u00e0 suivre pour d\u00e9velopper notre continent.<\/p>\n\n\n\n<p>Ainsi, alors que nous nous r\u00e9unissons pour #UNGA77 au centre de la richesse et de la prosp\u00e9rit\u00e9 mondiales, je souhaite que nous nous donnions tous la main pour faire de ce 21<sup>st<\/sup> si\u00e8cle, l\u2019ann\u00e9e de l\u2019autonomisation de la jeunesse en Afrique, tel est l\u2019avenir. Nous devons r\u00e9aliser et accepter le fait que notre avenir appartient enti\u00e8rement \u00e0 ces jeunes Africains.<\/p>\n\n\n\n<p>Ce que nous faisons \u00e0 la Fondation Tony Elumelu, c&#039;est que nous voulons faire \u00e9quipe avec d&#039;autres, pour faire plus. D\u00e9mocratisons la chance. Je suis l\u00e0 o\u00f9 je suis aujourd&#039;hui parce que je suis le fruit de la chance et non parce que je suis le plus intelligent de mon groupe. C&#039;est juste \u00eatre au bon endroit au bon moment, \u00eatre pr\u00eat et quand la chance est venue, j&#039;en ai profit\u00e9. Mais je ne veux pas \u00eatre le seul Africain \u00e0 b\u00e9n\u00e9ficier de cette chance. Plus de 60% de notre population a moins de 30 ans. Nous devons leur cr\u00e9er un espoir et un avenir, afin que nous puissions tous vivre un avenir et une vie s\u00fbrs. Ainsi, ma mission envers nous tous aujourd\u2019hui est la suivante : collaborons, unissons-nous par la main, unissons-nous pour rendre l\u2019avenir meilleur pour nos jeunes Africains.<\/p>","protected":false},"excerpt":{"rendered":"<p>Ma s\u0153ur, grand pasteur d&#039;Afrique du Sud et mon fr\u00e8re, ravi de vous rencontrer tous. Mesdames et messieurs et bien s\u00fbr, ma ch\u00e8re amie, Mme Banks, ravi de vous revoir. Je pense que c&#039;\u00e9tait en avril que nous interagissions tous les deux sur ce m\u00eame message d&#039;entrepreneuriat social pour l&#039;Afrique, en collaboration avec les \u00c9tats-Unis\u2026<\/p>","protected":false},"author":21,"featured_media":22602,"comment_status":"closed","ping_status":"closed","sticky":false,"template":"","format":"standard","meta":{"_exactmetrics_skip_tracking":false,"_exactmetrics_sitenote_active":false,"_exactmetrics_sitenote_note":"","_exactmetrics_sitenote_category":0,"cybocfi_hide_featured_image":"","footnotes":""},"categories":[18,63],"tags":[556,560,561,557,46],"class_list":["post-22601","post","type-post","status-publish","format-standard","has-post-thumbnail","hentry","category-news","category-press-releases","tag-tefatunga","tag-teftakesny","tag-unga","tag-unga77","tag-toe"],"_links":{"self":[{"href":"https:\/\/www.tonyelumelufoundation.org\/fr\/wp-json\/wp\/v2\/posts\/22601","targetHints":{"allow":["GET"]}}],"collection":[{"href":"https:\/\/www.tonyelumelufoundation.org\/fr\/wp-json\/wp\/v2\/posts"}],"about":[{"href":"https:\/\/www.tonyelumelufoundation.org\/fr\/wp-json\/wp\/v2\/types\/post"}],"author":[{"embeddable":true,"href":"https:\/\/www.tonyelumelufoundation.org\/fr\/wp-json\/wp\/v2\/users\/21"}],"replies":[{"embeddable":true,"href":"https:\/\/www.tonyelumelufoundation.org\/fr\/wp-json\/wp\/v2\/comments?post=22601"}],"version-history":[{"count":0,"href":"https:\/\/www.tonyelumelufoundation.org\/fr\/wp-json\/wp\/v2\/posts\/22601\/revisions"}],"wp:featuredmedia":[{"embeddable":true,"href":"https:\/\/www.tonyelumelufoundation.org\/fr\/wp-json\/wp\/v2\/media\/22602"}],"wp:attachment":[{"href":"https:\/\/www.tonyelumelufoundation.org\/fr\/wp-json\/wp\/v2\/media?parent=22601"}],"wp:term":[{"taxonomy":"category","embeddable":true,"href":"https:\/\/www.tonyelumelufoundation.org\/fr\/wp-json\/wp\/v2\/categories?post=22601"},{"taxonomy":"post_tag","embeddable":true,"href":"https:\/\/www.tonyelumelufoundation.org\/fr\/wp-json\/wp\/v2\/tags?post=22601"}],"curies":[{"name":"wp","href":"https:\/\/api.w.org\/{rel}","templated":true}]}}