{"id":24022,"date":"2024-01-22T12:01:08","date_gmt":"2024-01-22T11:01:08","guid":{"rendered":"https:\/\/www.tonyelumelufoundation.org\/?p=24022"},"modified":"2025-01-13T08:52:33","modified_gmt":"2025-01-13T07:52:33","slug":"les-entrepreneurs-africains-qui-semancipent-posent-leur-candidature-pour-5000-places-dans-le-programme-dentreprenariat-de-la-fondation-tony-elumelu-pour-lannee-2024","status":"publish","type":"post","link":"https:\/\/www.tonyelumelufoundation.org\/fr\/news\/empowering-african-entrepreneurs-apply-now-for-5000-in-the-2024-tony-elumelu-foundation-entrepreneurship-programme","title":{"rendered":"Renforcer les entrepreneurs africains : Postulez d\u00e8s maintenant pour $5,000 dans le programme d'entrepreneuriat de la Fondation Tony Elumelu 2024\u00a0"},"content":{"rendered":"<p><em><strong>Mis \u00e0 jour: <\/strong><\/em>Postulez ici pour $5000 dans le cadre du programme d'entrepreneuriat 2025 de la Fondation Tony Elumelu. <a href=\"https:\/\/www.tonyelumelufoundation.org\/fr\/communiques-de-presse-2\/la-fondation-tony-elumelu-ouvre-les-candidatures-pour-les-programmes-dentreprenariat-2025\/\">Apprendre encore plus<\/a><\/p>\n\n\n\n<p>La Fondation Tony Elumelu (TEF) appelle tous les aspirants entrepreneurs africains d\u00e9sireux de concr\u00e9tiser leurs r\u00eaves d'entreprise \u00e0 s'inscrire au programme d'entrepreneuriat de la TEF (TEF Entrepreneurship Programme).<a href=\"https:\/\/www.tonyelumelufoundation.org\/fr\/nouvelles-2\/tef2024-un-guide-complet-de-votre-candidature-faq-repondue\/\">TEF2024<\/a>), pour avoir la possibilit\u00e9 de recevoir un capital d'amor\u00e7age non remboursable de $5 000. \u00a0<\/p>\n\n\n<div class=\"wp-block-image\">\n<figure class=\"aligncenter size-full is-resized\"><img fetchpriority=\"high\" decoding=\"async\" width=\"735\" height=\"490\" src=\"https:\/\/www.tonyelumelufoundation.org\/wp-content\/uploads\/2024\/01\/2017Forum-1.jpg\" alt=\"\" class=\"wp-image-24029\" style=\"width:589px;height:auto\" srcset=\"https:\/\/www.tonyelumelufoundation.org\/wp-content\/uploads\/2024\/01\/2017Forum-1.jpg 735w, https:\/\/www.tonyelumelufoundation.org\/wp-content\/uploads\/2024\/01\/2017Forum-1-300x200.jpg 300w\" sizes=\"(max-width: 735px) 100vw, 735px\" \/><figcaption class=\"wp-element-caption\">Tony O. Elumelu, fondateur de la Fondation Tony Elumelu (TEF) et Dr. Awele Elumelu, administrateur de la TEF, entour\u00e9s des entrepreneurs Tony Elumelu. (PRNewsfoto\/Fondation Tony Elumelu)<\/figcaption><\/figure><\/div>\n\n\n<h2 class=\"wp-block-heading\" id=\"h-a-legacy-of-empowering-entrepreneurs-nbsp\">Un h\u00e9ritage d'autonomisation des entrepreneurs&nbsp;<\/h2>\n\n\n\n<p>Depuis sa cr\u00e9ation en 2010, la Fondation Tony Elumelu est \u00e0 l'avant-garde de l'autonomisation des entrepreneurs africains. Depuis le lancement de son programme phare d'entrepreneuriat, la Fondation s'est associ\u00e9e \u00e0 de nombreuses organisations pour soutenir l'entrepreneuriat \u00e0 travers le continent. Ces partenariats incluent des collaborations avec le Comit\u00e9 international de la Croix-Rouge (CICR), le Programme des Nations unies pour le d\u00e9veloppement (PNUD), S\u00e9m\u00e9 City, la Deutsche Gesellschaft f\u00fcr Internationale Zusammenarbeit (GIZ), et bien d'autres. Les partenariats avec des organisations r\u00e9gionales et internationales ouvrent la voie \u00e0 la collaboration et \u00e0 la mise en r\u00e9seau strat\u00e9gique, am\u00e9liorant ainsi l'acc\u00e8s au march\u00e9 pour les entrepreneurs de toute l'Afrique.&nbsp;<\/p>\n\n\n\n<p>Rien qu'en 2021, la Fondation Tony Elumelu a d\u00e9bours\u00e9 la somme impressionnante de $24,75 millions pour 5 000 entrepreneurs africains, ce qui en fait l'une des plus importantes r\u00e9ponses du secteur priv\u00e9 aux d\u00e9fis \u00e9conomiques auxquels sont confront\u00e9s les jeunes, les femmes et les PME d'Afrique dans le sillage de la pand\u00e9mie de COVID-19. Les b\u00e9n\u00e9ficiaires du programme ont notamment cr\u00e9\u00e9 collectivement plus de 400 000 emplois directs et indirects, contribuant ainsi de mani\u00e8re significative \u00e0 la reprise \u00e9conomique et au d\u00e9veloppement du continent.&nbsp;<\/p>\n\n\n\n<h2 class=\"wp-block-heading\" id=\"h-testimonials-voices-of-impact-nbsp\">T\u00e9moignages : Les voix de l'impact&nbsp;<\/h2>\n\n\n\n<p>L'impact du programme d'entrepreneuriat TEF va au-del\u00e0 des statistiques ; il transforme des vies et des entreprises.&nbsp;&nbsp;<\/p>\n\n\n\n<p>Voici quelques t\u00e9moignages d'entrepreneurs qui ont fait l'exp\u00e9rience du pouvoir de transformation du programme :&nbsp;<\/p>\n\n\n\n<ol class=\"wp-block-list\">\n<li><strong>Paul Depooter Kabeya<\/strong>&nbsp;<\/li>\n<\/ol>\n\n\n\n<ul class=\"wp-block-list\">\n<li>Nom de l'entreprise : <strong>&nbsp;KPD Technology Pty Ltd<\/strong><\/li>\n\n\n\n<li>Pays : <strong><strong>Afrique du Sud<\/strong>&nbsp;<\/strong><\/li>\n\n\n\n<li>Zone d'impact : <strong>Formation continue et autonomisation \u00e9conomique des femmes<\/strong><\/li>\n<\/ul>\n\n\n\n<h2 class=\"wp-block-heading\" id=\"h-paul-s-nbsp-testimonial\">T\u00e9moignage de Paul<\/h2>\n\n\n\n<p>Paul Depooter \u00e9tait passionn\u00e9 par l'impact qu'il pouvait avoir sur sa communaut\u00e9 et par la mani\u00e8re dont il pouvait apporter un moyen positif d'atteindre la libert\u00e9 financi\u00e8re aux personnes les plus vuln\u00e9rables d'Afrique du Sud.&nbsp;<\/p>\n\n\n\n<p><em>\"Je voulais changer l'\u00e9tat d'esprit des Africains, en ne consid\u00e9rant pas l'emploi comme le seul moyen de survivre, mais en croyant en leurs propres capacit\u00e9s afin de laisser leurs talents s'exprimer dans la fabrication de v\u00eatements et d'accessoires de mode fabriqu\u00e9s en Afrique par des Africains\".<\/em>&nbsp;<\/p>\n\n\n\n<p>Paul estime que le programme TEF n'a pas seulement donn\u00e9 un coup de pouce financier \u00e0 son entreprise, mais qu'il a \u00e9galement chang\u00e9 la donne en termes de d\u00e9veloppement personnel. Gr\u00e2ce aux v\u00eatements et accessoires de mode qu'il fabrique en Afrique du Sud, il a permis \u00e0 20 femmes de s'\u00e9manciper et d'utiliser leurs comp\u00e9tences pour faire la diff\u00e9rence dans leurs communaut\u00e9s respectives en Afrique du Sud.&nbsp;&nbsp;&nbsp;<\/p>\n\n\n\n<p><em>\"Gr\u00e2ce au programme d'entrepreneuriat du TEF, la mise en r\u00e9seau a \u00e9t\u00e9 l'opportunit\u00e9 la plus pr\u00e9cieuse que j'ai explor\u00e9e au cours de ce voyage. J'ai pu rencontrer diff\u00e9rents entrepreneurs et apprendre d'eux \u00e0 voir les choses diff\u00e9remment.\"<\/em>&nbsp;<\/p>\n\n\n\n<p>Paul est convaincu que le seul moyen d'assurer l'\u00e9quilibre entre les sexes dans sa soci\u00e9t\u00e9 est d'am\u00e9liorer les comp\u00e9tences des femmes et de leur donner les moyens de devenir ind\u00e9pendantes. Gr\u00e2ce \u00e0 sa ligne de mode, il a produit non seulement des v\u00eatements, mais aussi des tailleurs et des cr\u00e9atrices de mode.&nbsp;<\/p>\n\n\n\n<p>2. <strong>Freddie Shava<\/strong>&nbsp;<\/p>\n\n\n\n<ul class=\"wp-block-list\">\n<li>Nom de l'entreprise : <strong>&nbsp;V\u00eatements du patrimoine africain<\/strong>&nbsp;<\/li>\n\n\n\n<li>Pays : <strong>Ghana&nbsp;<\/strong><\/li>\n\n\n\n<li>Zone d'impact : <strong>R\u00e9duction de la pauvret\u00e9 chez les jeunes gr\u00e2ce \u00e0 la formation et \u00e0 l'emploi<\/strong>&nbsp;<\/li>\n<\/ul>\n\n\n\n<h2 class=\"wp-block-heading\" id=\"h-freddie-s-nbsp-testimonial\">T\u00e9moignage de Freddie<\/h2>\n\n\n\n<p>\u201c<em>Ma vision \u00e9tait de cr\u00e9er de la richesse et un impact social pour l'Afrique, ce que je ne pouvais pas faire en \u00e9tant employ\u00e9 \u00e0 plein temps. Je ne pouvais gagner ma vie et celle de ma famille qu'avec un emploi \u00e0 plein temps, mais sans avoir d'impact sur la communaut\u00e9 au sens large. D'abord l'impact, ensuite le profit\". <\/em><\/p>\n\n\n\n<p>Jusqu'\u00e0 pr\u00e9sent, l'entreprise a touch\u00e9 120 jeunes, qu'elle a form\u00e9s et lib\u00e9r\u00e9s pour qu'ils puissent cr\u00e9er leur propre entreprise. Elle emploie actuellement 20 personnes directement. Elle compte plus de 120 entreprises clientes qui lui ach\u00e8tent des produits locaux pour remplacer les importations.  Ils ont \u00e9galement g\u00e9n\u00e9r\u00e9 des revenus de $600,000 sur une p\u00e9riode de six ans. Conform\u00e9ment \u00e0 leur mod\u00e8le d'entreprise, ils ont eu plus d'impact que de rentabilit\u00e9, mais ils sont sur la bonne voie pour cr\u00e9er de la richesse maintenant que l'entreprise est plus stable et qu'elle se pr\u00e9pare \u00e0 se d\u00e9velopper pour \u00e9tendre le march\u00e9 \u00e0 l'AfCFTA. Actuellement, ils desservent le march\u00e9 local au Ghana et leur strat\u00e9gie consiste \u00e0 se lancer dans le commerce intra-africain en s'appuyant sur l'AfCFTA.&nbsp;<\/p>\n\n\n\n<div class=\"wp-block-group\"><div class=\"wp-block-group__inner-container is-layout-constrained wp-block-group-is-layout-constrained\"><div class=\"wp-block-image\">\n<figure class=\"aligncenter size-full is-resized\"><img decoding=\"async\" width=\"456\" height=\"638\" src=\"https:\/\/www.tonyelumelufoundation.org\/wp-content\/uploads\/2024\/01\/image.jpeg\" alt=\"Postulez maintenant pour TEF2024\" class=\"wp-image-24024\" style=\"width:282px;height:auto\" srcset=\"https:\/\/www.tonyelumelufoundation.org\/wp-content\/uploads\/2024\/01\/image.jpeg 456w, https:\/\/www.tonyelumelufoundation.org\/wp-content\/uploads\/2024\/01\/image-214x300.jpeg 214w\" sizes=\"(max-width: 456px) 100vw, 456px\" \/><\/figure><\/div><\/div><\/div>\n\n\n\n<p><em>\"Nous (AHC) nous sommes fait un nom en tant que producteur d'uniformes de premier plan, conform\u00e9ment \u00e0 notre slogan \"The Uniform People\" (les gens de l'uniforme). Nous sommes connus pour notre qualit\u00e9 et notre efficacit\u00e9. C'est pourquoi notre activit\u00e9 est bas\u00e9e sur des recommandations (opportunit\u00e9s indirectes) de clients satisfaits, sans faire beaucoup de publicit\u00e9. La majeure partie de notre chiffre d'affaires provient d'opportunit\u00e9s indirectes, ce qui est \u00e0 l'origine de notre succ\u00e8s.<\/em>&nbsp;<\/p>\n\n\n\n<p>Freddie Shava attribue le succ\u00e8s de son entreprise \u00e0 la formation et au mentorat qu'il a re\u00e7us dans le cadre du programme.&nbsp;<\/p>\n\n\n\n<p><em>\"La formation a chang\u00e9 la donne pour moi, car elle m'a permis d'acqu\u00e9rir les comp\u00e9tences n\u00e9cessaires pour survivre aux turbulences du monde des affaires, par exemple au Covid-19. Sans la formation et la gr\u00e2ce de Dieu, je n'aurais pas surv\u00e9cu au Covid-19. La formation et le mentorat sont importants pour les jeunes entreprises. Les 5 000 USD \u00e9taient un bonus pour soutenir mon d\u00e9marrage. La formation d'abord, le capital ensuite. Cela correspond \u00e0 mon mod\u00e8le d'entreprise : l'impact d'abord, la rentabilit\u00e9 ensuite. TEF m'a vraiment mis sur la bonne voie et a chang\u00e9 ma vie. Merci TEF. Merci, patron Tony.<\/em>&nbsp;<\/p>\n\n\n\n<p>3. <strong>Mechi Amaah<\/strong><\/p>\n\n\n\n<ul class=\"wp-block-list\">\n<li>Nom de l'entreprise : <strong>&nbsp;Cosm\u00e9tique noire et naturelle<\/strong><\/li>\n\n\n\n<li>Pays : <strong><strong>Cameroun<\/strong><\/strong><\/li>\n\n\n\n<li>Zone d'impact : <strong>Production de cosm\u00e9tiques biologiques et \u00e9cologiques<\/strong><\/li>\n<\/ul>\n\n\n\n<h2 class=\"wp-block-heading\" id=\"h-mechi-s-nbsp-testimonial\">T\u00e9moignage de Mechi<\/h2>\n\n\n\n<p>Apr\u00e8s avoir perdu son p\u00e8re tr\u00e8s t\u00f4t, Mechi Amaah a d\u00fb s'occuper des porcs et les vendre sous la supervision de sa m\u00e8re pour subvenir \u00e0 leurs besoins. Une fois \u00e0 l'universit\u00e9, elle s'est lanc\u00e9e dans la vente de divers produits pour joindre les deux bouts et a d\u00e9cid\u00e9 de se consacrer uniquement \u00e0 la fabrication et \u00e0 la vente de produits capillaires.<\/p>\n\n\n\n<p class=\"has-text-align-left\">Mechi a fond\u00e9 Black and Natural Cosmetics, une entreprise de fabrication de cosm\u00e9tiques biologiques 100% visant \u00e0 encourager la consommation de cosm\u00e9tiques biologiques pour les cheveux, dans un premier temps, et pour la peau, par la suite. Afin de s'inscrire dans une d\u00e9marche de protection de l'environnement et de d\u00e9veloppement durable, Black and Natural Cosmetics tire tous ses ingr\u00e9dients de plantes, dont certaines sont issues de la transformation biologique.&nbsp;<\/p>\n\n\n\n<p>Mechi Amaah \u00e9tait sur le point de d\u00e9velopper son entreprise lorsque la pand\u00e9mie de COVID-19 a frapp\u00e9 le monde et que tout a \u00e9t\u00e9 verrouill\u00e9. Cependant, le capital de d\u00e9part qu'elle a re\u00e7u de la fondation lui a permis de se diversifier et d'employer deux travailleurs suppl\u00e9mentaires, sauvant ainsi son entreprise de la liquidation. Gr\u00e2ce \u00e0 la formation re\u00e7ue dans le cadre du programme sur la gestion d'entreprise, elle a pu faire passer son entreprise \u00e0 un autre niveau et a cr\u00e9\u00e9 un impact important dans sa communaut\u00e9.&nbsp;<\/p>\n\n\n\n<p><em>\"La formation propos\u00e9e par le programme m'a aid\u00e9 \u00e0 garder le contr\u00f4le de ma mission, de ma vision et, surtout, de mes finances. Depuis le programme, je peux dire avec fiert\u00e9 que les comptes de mes entreprises sont en ordre.\"<\/em>&nbsp;<\/p>\n\n\n\n<p>Depuis qu'elle a obtenu la subvention, elle a embauch\u00e9 4 personnes suppl\u00e9mentaires pour l'aider dans son activit\u00e9 et a maintenant 7 employ\u00e9s qui travaillent directement sous ses ordres. En outre, son revenu annuel a augment\u00e9 de 70%, et elle a ouvert deux autres entreprises et obtenu des prix.&nbsp;&nbsp;<\/p>\n\n\n\n<p><em>\"Pour rendre \u00e0 ma communaut\u00e9 ce qu'elle m'a donn\u00e9, j'ai cr\u00e9\u00e9 des emplois et je travaille actuellement sur un programme d'acc\u00e9l\u00e9ration pour former des jeunes filles \u00e0 des comp\u00e9tences professionnelles qui leur permettront de trouver un emploi ou de cr\u00e9er leur propre entreprise. Cela contribuera grandement \u00e0 r\u00e9duire le ch\u00f4mage dans ma communaut\u00e9 et dans mon pays.\"<\/em>&nbsp;<\/p>\n\n\n<div class=\"wp-block-image\">\n<figure class=\"aligncenter size-full is-resized\"><img decoding=\"async\" width=\"624\" height=\"346\" src=\"https:\/\/www.tonyelumelufoundation.org\/wp-content\/uploads\/2024\/01\/image.png\" alt=\"Postulez maintenant pour TEF2024\" class=\"wp-image-24027\" style=\"width:503px;height:auto\" srcset=\"https:\/\/www.tonyelumelufoundation.org\/wp-content\/uploads\/2024\/01\/image.png 624w, https:\/\/www.tonyelumelufoundation.org\/wp-content\/uploads\/2024\/01\/image-300x166.png 300w\" sizes=\"(max-width: 624px) 100vw, 624px\" \/><\/figure><\/div>\n\n\n<p><\/p>\n\n\n\n<p>Ces t\u00e9moignages illustrent l'impact tangible et durable du programme d'entrepreneuriat TEF, d\u00e9montrant son efficacit\u00e9 dans l'autonomisation des entrepreneurs \u00e0 travers l'Afrique. Alors que le programme envisage son avenir, il est pr\u00eat \u00e0 continuer \u00e0 changer des vies et \u00e0 catalyser la croissance \u00e9conomique. Participez \u00e0 ce voyage transformateur...<a href=\"http:\/\/www.tefconnect.com\" target=\"_blank\" rel=\"noreferrer noopener\">postuler<\/a> pour le programme d'entrepreneuriat 2024 et lib\u00e9rez le potentiel qui est en vous !&nbsp;<\/p>\n\n\n\n<h2 class=\"wp-block-heading\" id=\"h-a-glimpse-into-the-future-coalition-for-african-entrepreneurs-nbsp\">Un aper\u00e7u de l'avenir : Coalition pour les entrepreneurs africains&nbsp;<\/h2>\n\n\n\n<p>La Fondation Tony Elumelu s'appr\u00eate \u00e0 renforcer son engagement en faveur de l'autonomisation des entrepreneurs africains. Dans une d\u00e9marche novatrice, la fondation a annonc\u00e9 sa Coalition pour les entrepreneurs africains. Cette initiative vise \u00e0 soutenir 100 000 jeunes entrepreneurs africains, dont 50 000 femmes, d'ici 2033. L'accent sera mis sur les \u00c9tats fragiles, l'entrepreneuriat f\u00e9minin et l'entrepreneuriat vert.&nbsp;<\/p>\n\n\n\n<p>La Coalition pour les entrepreneurs africains de la Fondation Tony Elumelu invite les agences de d\u00e9veloppement, le secteur priv\u00e9, les organisations philanthropiques et les gouvernements \u00e0 collaborer, renfor\u00e7ant ainsi son r\u00f4le de philanthrope de premier plan qui se consacre \u00e0 l'\u00e9radication de la pauvret\u00e9, \u00e0 la cr\u00e9ation d'emplois et \u00e0 l'autonomisation \u00e9conomique des femmes.&nbsp;<\/p>\n\n\n\n<h2 class=\"wp-block-heading\" id=\"h-assessing-tef-s-impact-a-resounding-success-nbsp\">\u00c9valuation de l'impact du TEF : Un succ\u00e8s retentissant&nbsp;<\/h2>\n\n\n\n<p>Pour \u00e9valuer l'impact du programme, des chercheurs experts se sont concentr\u00e9s sur sa contribution aux \u00e9cosyst\u00e8mes entrepreneuriaux locaux \u00e0 travers l'Afrique et aux objectifs de d\u00e9veloppement durable des Nations unies. L'analyse a d\u00e9montr\u00e9 que le programme d'entrepreneuriat du TEF \u00e9tait tr\u00e8s efficace pour fournir un soutien multisectoriel \u00e0 divers groupes de nouveaux entrepreneurs, en s'attaquant \u00e0 des obstacles tels que le financement et les connaissances. Les r\u00e9sultats sugg\u00e8rent que le TEF et ses partenaires r\u00e9ussissent \u00e0 fournir un soutien inclusif et multisectoriel qui maximise le potentiel des entrepreneurs africains, quel que soit leur secteur d'activit\u00e9.&nbsp;<\/p>\n\n\n\n<p>Alors que le programme envisage son avenir, l'accent est \u00e0 nouveau mis sur la durabilit\u00e9 et la d\u00e9fense des politiques. L'accent est mis sur la recherche des meilleurs moyens d'allouer des fonds, afin de garantir le succ\u00e8s continu du programme d'entrepreneuriat TEF et son r\u00f4le essentiel dans l'autonomisation de la prochaine g\u00e9n\u00e9ration d'entrepreneurs africains.&nbsp;<\/p>\n\n\n\n<h2 class=\"wp-block-heading\" id=\"h-apply-now-for-tef2024-nbsp-seizing-the-opportunity\">Postulez maintenant pour TEF2024 - <strong>Saisir l'opportunit\u00e9 : <\/strong><\/h2>\n\n\n\n<p>Alors que le programme phare d'entrepreneuriat TEF approche de la fin de ses dix ann\u00e9es d'existence, le moment est opportun pour r\u00e9fl\u00e9chir aux remarquables r\u00e9alisations de l'organisation. La Fondation Tony Elumelu, forte de ce succ\u00e8s et de son solide processus de mise en \u0153uvre, renforcera son engagement \u00e0 toucher tous les secteurs et toutes les zones g\u00e9ographiques afin d'identifier et de soutenir les jeunes entrepreneurs africains, en ciblant l'autonomisation des femmes et la croissance dans les \u00c9tats fragiles, par l'interm\u00e9diaire de sa Coalition pour les entrepreneurs africains, qui sera bient\u00f4t lanc\u00e9e.&nbsp;<\/p>\n\n\n\n<p><a href=\"http:\/\/www.tefconnect.com\" target=\"_blank\" rel=\"noreferrer noopener\">Postuler<\/a> et faites partie d'un voyage transformateur vers la r\u00e9ussite entrepreneuriale !&nbsp;<\/p>\n\n\n\n<hr class=\"wp-block-separator has-alpha-channel-opacity\"\/>\n\n\n\n<div class=\"wp-block-buttons has-custom-font-size has-medium-font-size is-layout-flex wp-block-buttons-is-layout-flex\">\n<div class=\"wp-block-button\"><a class=\"wp-block-button__link wp-element-button\" href=\"http:\/\/www.tefconnect.com\" target=\"_blank\" rel=\"noreferrer noopener\">Postulez ici<\/a><\/div>\n<\/div>\n\n\n\n<p><\/p>\n\n\n\n<h2 class=\"wp-block-heading\" id=\"h-about-the-tony-elumelu-foundation\">\u00c0 propos de la Fondation Tony Elumelu<\/h2>\n\n\n\n<p><br>La Fondation Tony Elumelu est la principale philanthropie \u00e0 donner du pouvoir \u00e0 une nouvelle g\u00e9n\u00e9ration d'entrepreneurs africains, \u00e0 favoriser l'\u00e9radication de la pauvret\u00e9, \u00e0 catalyser la cr\u00e9ation d'emplois dans l'ensemble des 54 pays africains et \u00e0 assurer une autonomisation \u00e9conomique inclusive. Depuis le lancement du programme d'entrepreneuriat TEF en 2015, la Fondation a form\u00e9 plus de 1,5 million de jeunes Africains sur sa plateforme num\u00e9rique, <a href=\"http:\/\/tefconnect.com\" target=\"_blank\" rel=\"noreferrer noopener\">TEFConnect<\/a>La Fondation a \u00e9t\u00e9 cr\u00e9\u00e9e en 1999 et a d\u00e9bours\u00e9 pr\u00e8s de $100 millions USD en financement direct \u00e0 18 000 Africaines et Africains, qui ont cr\u00e9\u00e9 collectivement plus de 400 000 emplois directs et indirects. La mission de la Fondation est ancr\u00e9e dans l'Africapitalisme, qui fait du secteur priv\u00e9, et surtout des entrepreneurs, le catalyseur du d\u00e9veloppement social et \u00e9conomique du continent africain.<\/p>","protected":false},"excerpt":{"rendered":"<p>Mise \u00e0 jour : Postulez ici pour $5000 dans le programme d'entrepreneuriat 2025 de la Fondation Tony Elumelu. En savoir plus La Fondation Tony Elumelu (TEF) appelle tous les aspirants entrepreneurs africains d\u00e9sireux de concr\u00e9tiser leurs r\u00eaves d'entreprise \u00e0 postuler au programme d'entrepreneuriat de la TEF (TEF2024), pour avoir la possibilit\u00e9 de recevoir un capital de d\u00e9part non remboursable de $5,000.   ...<\/p>","protected":false},"author":29,"featured_media":24028,"comment_status":"closed","ping_status":"closed","sticky":false,"template":"","format":"standard","meta":{"_exactmetrics_skip_tracking":false,"_exactmetrics_sitenote_active":false,"_exactmetrics_sitenote_note":"","_exactmetrics_sitenote_category":0,"cybocfi_hide_featured_image":"","footnotes":""},"categories":[18],"tags":[48,49],"class_list":["post-24022","post","type-post","status-publish","format-standard","has-post-thumbnail","hentry","category-news","tag-tony-elumelu-entrepreneur","tag-tony-elumelu-foundation"],"_links":{"self":[{"href":"https:\/\/www.tonyelumelufoundation.org\/fr\/wp-json\/wp\/v2\/posts\/24022","targetHints":{"allow":["GET"]}}],"collection":[{"href":"https:\/\/www.tonyelumelufoundation.org\/fr\/wp-json\/wp\/v2\/posts"}],"about":[{"href":"https:\/\/www.tonyelumelufoundation.org\/fr\/wp-json\/wp\/v2\/types\/post"}],"author":[{"embeddable":true,"href":"https:\/\/www.tonyelumelufoundation.org\/fr\/wp-json\/wp\/v2\/users\/29"}],"replies":[{"embeddable":true,"href":"https:\/\/www.tonyelumelufoundation.org\/fr\/wp-json\/wp\/v2\/comments?post=24022"}],"version-history":[{"count":0,"href":"https:\/\/www.tonyelumelufoundation.org\/fr\/wp-json\/wp\/v2\/posts\/24022\/revisions"}],"wp:featuredmedia":[{"embeddable":true,"href":"https:\/\/www.tonyelumelufoundation.org\/fr\/wp-json\/wp\/v2\/media\/24028"}],"wp:attachment":[{"href":"https:\/\/www.tonyelumelufoundation.org\/fr\/wp-json\/wp\/v2\/media?parent=24022"}],"wp:term":[{"taxonomy":"category","embeddable":true,"href":"https:\/\/www.tonyelumelufoundation.org\/fr\/wp-json\/wp\/v2\/categories?post=24022"},{"taxonomy":"post_tag","embeddable":true,"href":"https:\/\/www.tonyelumelufoundation.org\/fr\/wp-json\/wp\/v2\/tags?post=24022"}],"curies":[{"name":"wp","href":"https:\/\/api.w.org\/{rel}","templated":true}]}}