{"id":24065,"date":"2024-01-24T13:23:17","date_gmt":"2024-01-24T12:23:17","guid":{"rendered":"https:\/\/www.tonyelumelufoundation.org\/?p=24065"},"modified":"2024-01-25T11:07:38","modified_gmt":"2024-01-25T10:07:38","slug":"rencontrez-oluwaseyi-akanbi-ancien-eleve-du-tef-2017-qui-dirige-une-entreprise-dans-le-secteur-de-la-gestion-des-dechets","status":"publish","type":"post","link":"https:\/\/www.tonyelumelufoundation.org\/fr\/the-tef-circle\/tef-testimonials\/meet-2017-tef-alumni-oluwaseyi-akanbi-who-runs-business-in-the-waste-management-sector","title":{"rendered":"RENCONTRE AVEC OLUWASEYI AKANBI, ANCIEN \u00c9L\u00c8VE DU TEF 2017, QUI DIRIGE UNE ENTREPRISE DANS LE SECTEUR DE LA GESTION DES D\u00c9CHETS"},"content":{"rendered":"<p><strong>Gestion des d\u00e9chets Nasarawa<\/strong> &#8211; <strong>Histoires de r\u00e9ussite africaines\u00a0:<\/strong> Au Nigeria, aujourd&#039;hui, le d\u00e9versement ill\u00e9gal d&#039;ordures, principalement dans les zones industrielles et municipales, est devenu une pr\u00e9occupation majeure pour l&#039;homme et l&#039;environnement. La pollution actuelle de l&#039;environnement due aux d\u00e9chets solides a cr\u00e9\u00e9 de nombreux probl\u00e8mes de sant\u00e9 pour les r\u00e9sidents vivant autour des d\u00e9charges. Le manque d&#039;installations de stockage appropri\u00e9es, une gestion et une planification des d\u00e9chets inad\u00e9quates, les perceptions erron\u00e9es de la part des r\u00e9sidents et les attitudes insouciantes \u00e0 l&#039;\u00e9gard du nettoyage et de l&#039;assainissement de l&#039;environnement sont les principales causes de ce probl\u00e8me.<\/p>\n\n\n\n<p><br>Oluwaseyi Akanbi a pris l&#039;initiative de changer le r\u00e9cit du d\u00e9versement aveugle d&#039;ordures dans les cours d&#039;eau, les drainages et les routes \u00e0 Keffi, dans l&#039;\u00c9tat de Nasarawa, au Nigeria, en cr\u00e9ant sa soci\u00e9t\u00e9 de gestion des d\u00e9chets Zero-Waste Management Konsult.<\/p>\n\n\n\n<blockquote class=\"wp-block-quote is-layout-flow wp-block-quote-is-layout-flow\">\n<p><strong>\u201c<em>Je suis motiv\u00e9 \u00e0 devenir entrepreneur aujourd&#039;hui en raison de la n\u00e9cessit\u00e9 de r\u00e9soudre les probl\u00e8mes environnementaux, de cr\u00e9er des emplois pour les jeunes au ch\u00f4mage et d&#039;\u00eatre financi\u00e8rement ind\u00e9pendant.<\/em>\u201c<\/strong><\/p>\n<\/blockquote>\n\n\n\n<p><br>Il propose des poubelles \u00e0 la communaut\u00e9 Keffi \u00e0 travers son entreprise pour lutter contre la menace provoqu\u00e9e par le d\u00e9versement aveugle des ordures. Il collecte ces d\u00e9chets chaque semaine dans des locaux individuels, trie, traite les d\u00e9chets recyclables et \u00e9limine les mat\u00e9riaux non recyclables pour les agriculteurs comme engrais.<\/p>\n\n\n\n<blockquote class=\"wp-block-quote is-layout-flow wp-block-quote-is-layout-flow\">\n<p><em><strong>\u00ab\u00a0Mon entreprise change l&#039;attitude des citoyens de ma communaut\u00e9 en mati\u00e8re de d\u00e9versement aveugle d&#039;ordures dans les cours d&#039;eau, les \u00e9gouts, les b\u00e2timents inachev\u00e9s et m\u00eame sur les routes.\u00a0\u00bb<\/strong><\/em><\/p>\n<\/blockquote>\n\n\n\n<p><br>Son entreprise g\u00e9n\u00e8re 550 USD chaque mois. Avec la collaboration du Nasarawa State Waste Management Bureau (NASWAMB), l&#039;agence en charge de la gestion des d\u00e9chets dans l&#039;\u00c9tat de Nasarawa, il a acquis jusqu&#039;\u00e0 180 clients avec une \u00e9quipe de 8 personnes qu&#039;il emploie actuellement. Plus de 20 000 personnes ont acc\u00e8s \u00e0 un environnement propre, s\u00fbr et sain gr\u00e2ce \u00e0 son intervention et au soutien qu&#039;il a re\u00e7u gr\u00e2ce au TEF. <a href=\"https:\/\/www.tonyelumelufoundation.org\/fr\/nouvelles-2\/comment-lentrepreneuriat-contribue-de-maniere-significative-a-la-croissance-economique-en-afrique-et-ce-quhaiti-peut-en-tirer\/\">entrepreneuriat<\/a> programme.<\/p>\n\n\n\n<blockquote class=\"wp-block-quote is-layout-flow wp-block-quote-is-layout-flow\">\n<p><em><strong>\u00abGr\u00e2ce au programme d&#039;entrepreneuriat TEF, mon entreprise a \u00e9t\u00e9 standardis\u00e9e gr\u00e2ce \u00e0 la formation que j&#039;ai re\u00e7ue et \u00e9galement aux opportunit\u00e9s de r\u00e9seautage auxquelles j&#039;ai \u00e9t\u00e9 expos\u00e9.\u00bb<\/strong><\/em><\/p>\n<\/blockquote>\n\n\n\n<h2 class=\"wp-block-heading\" id=\"h-about-the-tony-elumelu-foundation\">\u00c0 propos de la Fondation Tony Elumelu<\/h2>\n\n\n\n<p><br>La Fondation Tony Elumelu est la principale philanthropie \u00e0 donner du pouvoir \u00e0 une nouvelle g\u00e9n\u00e9ration d'entrepreneurs africains, \u00e0 favoriser l'\u00e9radication de la pauvret\u00e9, \u00e0 catalyser la cr\u00e9ation d'emplois dans l'ensemble des 54 pays africains et \u00e0 assurer une autonomisation \u00e9conomique inclusive. Depuis le lancement du programme d'entrepreneuriat TEF en 2015, la Fondation a form\u00e9 plus de 1,5 million de jeunes Africains sur sa plateforme num\u00e9rique, <a href=\"http:\/\/tefconnect.com\" target=\"_blank\" rel=\"noreferrer noopener\">TEFconnecter<\/a>La Fondation a \u00e9t\u00e9 cr\u00e9\u00e9e en 1999 et a d\u00e9bours\u00e9 pr\u00e8s de $100 millions USD en financement direct \u00e0 18 000 Africaines et Africains, qui ont cr\u00e9\u00e9 collectivement plus de 400 000 emplois directs et indirects. La mission de la Fondation est ancr\u00e9e dans l'Africapitalisme, qui fait du secteur priv\u00e9, et surtout des entrepreneurs, le catalyseur du d\u00e9veloppement social et \u00e9conomique du continent africain.<\/p>","protected":false},"excerpt":{"rendered":"<p>Gestion des d\u00e9chets Nasarawa \u2013 Histoires de r\u00e9ussite africaines\u00a0: Aujourd&#039;hui, au Nigeria, le d\u00e9versement ill\u00e9gal d&#039;ordures, principalement dans les zones industrielles et municipales, est devenu une pr\u00e9occupation majeure pour les humains et l&#039;environnement. La pollution actuelle de l&#039;environnement due aux d\u00e9chets solides a cr\u00e9\u00e9 de nombreux probl\u00e8mes de sant\u00e9 pour les r\u00e9sidents vivant autour des d\u00e9charges. Manque de \u2026<\/p>","protected":false},"author":29,"featured_media":24067,"comment_status":"closed","ping_status":"closed","sticky":false,"template":"","format":"standard","meta":{"_exactmetrics_skip_tracking":false,"_exactmetrics_sitenote_active":false,"_exactmetrics_sitenote_note":"","_exactmetrics_sitenote_category":0,"cybocfi_hide_featured_image":"","footnotes":""},"categories":[335,366],"tags":[208,641,150,126],"class_list":["post-24065","post","type-post","status-publish","format-standard","has-post-thumbnail","hentry","category-tef-testimonials","category-west-african-alumni","tag-african-entrepreneurship","tag-african-success-stories","tag-empowering-african-entrepreneurs","tag-tef-alumni"],"_links":{"self":[{"href":"https:\/\/www.tonyelumelufoundation.org\/fr\/wp-json\/wp\/v2\/posts\/24065","targetHints":{"allow":["GET"]}}],"collection":[{"href":"https:\/\/www.tonyelumelufoundation.org\/fr\/wp-json\/wp\/v2\/posts"}],"about":[{"href":"https:\/\/www.tonyelumelufoundation.org\/fr\/wp-json\/wp\/v2\/types\/post"}],"author":[{"embeddable":true,"href":"https:\/\/www.tonyelumelufoundation.org\/fr\/wp-json\/wp\/v2\/users\/29"}],"replies":[{"embeddable":true,"href":"https:\/\/www.tonyelumelufoundation.org\/fr\/wp-json\/wp\/v2\/comments?post=24065"}],"version-history":[{"count":0,"href":"https:\/\/www.tonyelumelufoundation.org\/fr\/wp-json\/wp\/v2\/posts\/24065\/revisions"}],"wp:featuredmedia":[{"embeddable":true,"href":"https:\/\/www.tonyelumelufoundation.org\/fr\/wp-json\/wp\/v2\/media\/24067"}],"wp:attachment":[{"href":"https:\/\/www.tonyelumelufoundation.org\/fr\/wp-json\/wp\/v2\/media?parent=24065"}],"wp:term":[{"taxonomy":"category","embeddable":true,"href":"https:\/\/www.tonyelumelufoundation.org\/fr\/wp-json\/wp\/v2\/categories?post=24065"},{"taxonomy":"post_tag","embeddable":true,"href":"https:\/\/www.tonyelumelufoundation.org\/fr\/wp-json\/wp\/v2\/tags?post=24065"}],"curies":[{"name":"wp","href":"https:\/\/api.w.org\/{rel}","templated":true}]}}