{"id":2571,"date":"2015-10-14T11:55:16","date_gmt":"2015-10-14T11:55:16","guid":{"rendered":"http:\/\/tonyelumelufoundation.org\/?post_type=gallery&amp;p=2571"},"modified":"2015-10-14T11:55:16","modified_gmt":"2015-10-14T11:55:16","slug":"tony-o-elumelu-con-assiste-a-la-reunion-annuelle-de-la-banque-mondiale-du-fmi-au-perou-2","status":"publish","type":"post","link":"https:\/\/www.tonyelumelufoundation.org\/fr\/photos\/tony-o-elumelu-con-attends-the-imf-world-bank-annual-meeting-in-peru-2","title":{"rendered":"Tony O. Elumelu CON participe \u00e0 la r\u00e9union annuelle du FMI et de la Banque mondiale au P\u00e9rou"},"content":{"rendered":"<p>Notre fondateur, Tony O. Elumelu CON, \u00e9tait \u00e0 Lima, au P\u00e9rou, pour discuter de la mise en \u0153uvre du programme de d\u00e9veloppement post-2015 lors de la r\u00e9union annuelle du Fonds mon\u00e9taire international (FMI) et de la Banque mondiale, le 11 octobre 2015.<\/p>\n<div id=\"attachment_2572\" style=\"width: 610px\" class=\"wp-caption aligncenter\"><a href=\"https:\/\/tonyelumelufoundation.org\/wp-content\/uploads\/2015\/10\/11.jpg\"><img fetchpriority=\"high\" decoding=\"async\" aria-describedby=\"caption-attachment-2572\" class=\"wp-image-2572 size-large\" src=\"https:\/\/tonyelumelufoundation.org\/wp-content\/uploads\/2015\/10\/11-600x450.jpg\" alt=\"11\" width=\"600\" height=\"450\" \/><\/a><p id=\"caption-attachment-2572\" class=\"wp-caption-text\">De gauche \u00e0 droite : Claver Gatete, ministre des Finances et de la Planification \u00e9conomique du Rwanda ; Nikiwe Bikitsha, journaliste et mod\u00e9ratrice du panel ; Magdalena Andersson, ministre des Finances de Su\u00e8de\u00a0; Akinwumi Adesina, pr\u00e9sident de la Banque africaine de d\u00e9veloppement ; Tony O. Elumelu CON, fondateur de la Fondation Tony Elumelu et pr\u00e9sident de Heirs Holdings\u00a0; Joseph Stiglitz, professeur d&#039;\u00e9conomie \u00e0 l&#039;Universit\u00e9 de Columbia, r\u00e9cipiendaire du prix Nobel comm\u00e9moratif 2001 en sciences \u00e9conomiques ; Min Zhu, directeur g\u00e9n\u00e9ral adjoint du FMI et Bertrand Badr\u00e9, directeur g\u00e9n\u00e9ral et directeur financier du Groupe de la Banque mondiale.<\/p><\/div>\n<p>&nbsp;<\/p>\n<div id=\"attachment_2573\" style=\"width: 610px\" class=\"wp-caption aligncenter\"><a href=\"https:\/\/tonyelumelufoundation.org\/wp-content\/uploads\/2015\/10\/12.jpg\"><img decoding=\"async\" aria-describedby=\"caption-attachment-2573\" class=\"wp-image-2573 size-large\" src=\"https:\/\/tonyelumelufoundation.org\/wp-content\/uploads\/2015\/10\/12-600x450.jpg\" alt=\"12\" width=\"600\" height=\"450\" \/><\/a><p id=\"caption-attachment-2573\" class=\"wp-caption-text\">Mod\u00e9rateur, Nikiwe Bikitsha s&#039;exprimant lors de la table ronde<\/p><\/div>\n<div id=\"attachment_2575\" style=\"width: 610px\" class=\"wp-caption aligncenter\"><a href=\"https:\/\/tonyelumelufoundation.org\/wp-content\/uploads\/2015\/10\/14.jpg\"><img decoding=\"async\" aria-describedby=\"caption-attachment-2575\" class=\"wp-image-2575 size-large\" src=\"https:\/\/tonyelumelufoundation.org\/wp-content\/uploads\/2015\/10\/14-600x450.jpg\" alt=\"14\" width=\"600\" height=\"450\" \/><\/a><p id=\"caption-attachment-2575\" class=\"wp-caption-text\">Tony O. Elumelu CON s&#039;adressant au public lors de la table ronde<\/p><\/div>","protected":false},"excerpt":{"rendered":"<p>Notre fondateur, Tony O. Elumelu CON, \u00e9tait \u00e0 Lima, au P\u00e9rou, pour discuter de la mise en \u0153uvre du programme de d\u00e9veloppement post-2015 lors de la r\u00e9union annuelle du Fonds mon\u00e9taire international (FMI) et de la Banque mondiale, le 11 octobre 2015. &nbsp;<\/p>","protected":false},"author":21,"featured_media":2572,"comment_status":"open","ping_status":"open","sticky":false,"template":"","format":"standard","meta":{"_exactmetrics_skip_tracking":false,"_exactmetrics_sitenote_active":false,"_exactmetrics_sitenote_note":"","_exactmetrics_sitenote_category":0,"cybocfi_hide_featured_image":"","footnotes":""},"categories":[13],"tags":[],"class_list":["post-2571","post","type-post","status-publish","format-standard","has-post-thumbnail","hentry","category-photos"],"_links":{"self":[{"href":"https:\/\/www.tonyelumelufoundation.org\/fr\/wp-json\/wp\/v2\/posts\/2571","targetHints":{"allow":["GET"]}}],"collection":[{"href":"https:\/\/www.tonyelumelufoundation.org\/fr\/wp-json\/wp\/v2\/posts"}],"about":[{"href":"https:\/\/www.tonyelumelufoundation.org\/fr\/wp-json\/wp\/v2\/types\/post"}],"author":[{"embeddable":true,"href":"https:\/\/www.tonyelumelufoundation.org\/fr\/wp-json\/wp\/v2\/users\/21"}],"replies":[{"embeddable":true,"href":"https:\/\/www.tonyelumelufoundation.org\/fr\/wp-json\/wp\/v2\/comments?post=2571"}],"version-history":[{"count":0,"href":"https:\/\/www.tonyelumelufoundation.org\/fr\/wp-json\/wp\/v2\/posts\/2571\/revisions"}],"wp:featuredmedia":[{"embeddable":true,"href":"https:\/\/www.tonyelumelufoundation.org\/fr\/wp-json\/"}],"wp:attachment":[{"href":"https:\/\/www.tonyelumelufoundation.org\/fr\/wp-json\/wp\/v2\/media?parent=2571"}],"wp:term":[{"taxonomy":"category","embeddable":true,"href":"https:\/\/www.tonyelumelufoundation.org\/fr\/wp-json\/wp\/v2\/categories?post=2571"},{"taxonomy":"post_tag","embeddable":true,"href":"https:\/\/www.tonyelumelufoundation.org\/fr\/wp-json\/wp\/v2\/tags?post=2571"}],"curies":[{"name":"wp","href":"https:\/\/api.w.org\/{rel}","templated":true}]}}