{"id":25742,"date":"2024-05-27T13:16:56","date_gmt":"2024-05-27T12:16:56","guid":{"rendered":"https:\/\/www.tonyelumelufoundation.org\/?p=25742"},"modified":"2024-07-09T09:03:16","modified_gmt":"2024-07-09T08:03:16","slug":"la-fondation-tony-elumelu-lance-sa-publicite-tele-2024","status":"publish","type":"post","link":"https:\/\/www.tonyelumelufoundation.org\/fr\/news\/the-tony-elumelu-foundation-launches-its-2024-tv-commercial","title":{"rendered":"La Fondation Tony Elumelu lance sa publicit\u00e9 t\u00e9l\u00e9vis\u00e9e 2024"},"content":{"rendered":"<div class=\"wp-block-image\">\n<figure class=\"alignleft size-large is-resized\"><img fetchpriority=\"high\" decoding=\"async\" width=\"1024\" height=\"576\" src=\"https:\/\/www.tonyelumelufoundation.org\/wp-content\/uploads\/2024\/06\/TEF-TVC-WEBSITE-PIC-1024x576.jpg\" alt=\"2024 TEF TV Commercial\" class=\"wp-image-25770\" style=\"width:812px;height:auto\" srcset=\"https:\/\/www.tonyelumelufoundation.org\/wp-content\/uploads\/2024\/06\/TEF-TVC-WEBSITE-PIC-1024x576.jpg 1024w, https:\/\/www.tonyelumelufoundation.org\/wp-content\/uploads\/2024\/06\/TEF-TVC-WEBSITE-PIC-300x169.jpg 300w, https:\/\/www.tonyelumelufoundation.org\/wp-content\/uploads\/2024\/06\/TEF-TVC-WEBSITE-PIC-768x432.jpg 768w, https:\/\/www.tonyelumelufoundation.org\/wp-content\/uploads\/2024\/06\/TEF-TVC-WEBSITE-PIC-18x10.jpg 18w, https:\/\/www.tonyelumelufoundation.org\/wp-content\/uploads\/2024\/06\/TEF-TVC-WEBSITE-PIC.jpg 1280w\" sizes=\"(max-width: 1024px) 100vw, 1024px\" \/><\/figure><\/div>\n\n\n<p>La Fondation Tony Elumelu (TEF) est fi\u00e8re d&#039;annoncer le lancement de sa publicit\u00e9 t\u00e9l\u00e9vis\u00e9e 2024. Chaque ann\u00e9e, la Fondation publie une publicit\u00e9 convaincante pour inspirer et responsabiliser les jeunes entrepreneurs africains \u00e0 travers son programme phare d&#039;entrepreneuriat. Le TVC de cette ann\u00e9e vise \u00e0 mettre en valeur l&#039;impact de la Fondation, ainsi qu&#039;\u00e0 mobiliser le soutien des jeunes entrepreneurs africains, en les encourageant \u00e0 exploiter leur potentiel et \u00e0 transformer leurs id\u00e9es en entreprises durables.<\/p>\n\n\n\n<p>L&#039;une des nombreuses r\u00e9ussites du programme d&#039;entrepreneuriat du TEF est celle de Mohamed Dhaouafi, fondateur et PDG de CURE, une entreprise bionique pionni\u00e8re. Vous trouverez ci-dessous son t\u00e9moignage, montrant comment sa vie a \u00e9t\u00e9 transform\u00e9e \u00e0 partir du moment o\u00f9 il a vu la publicit\u00e9 t\u00e9l\u00e9vis\u00e9e du TEF\u00a0:<\/p>\n\n\n<div class=\"wp-block-image\">\n<figure class=\"aligncenter size-full is-resized\"><img decoding=\"async\" width=\"512\" height=\"640\" src=\"https:\/\/www.tonyelumelufoundation.org\/wp-content\/uploads\/2024\/05\/173515594_4265989980080812_924105857701463046_n-1.jpg\" alt=\"\" class=\"wp-image-25746\" style=\"width:392px;height:auto\" srcset=\"https:\/\/www.tonyelumelufoundation.org\/wp-content\/uploads\/2024\/05\/173515594_4265989980080812_924105857701463046_n-1.jpg 512w, https:\/\/www.tonyelumelufoundation.org\/wp-content\/uploads\/2024\/05\/173515594_4265989980080812_924105857701463046_n-1-240x300.jpg 240w, https:\/\/www.tonyelumelufoundation.org\/wp-content\/uploads\/2024\/05\/173515594_4265989980080812_924105857701463046_n-1-10x12.jpg 10w\" sizes=\"(max-width: 512px) 100vw, 512px\" \/><\/figure><\/div>\n\n\n<p>\u00ab J&#039;ai trouv\u00e9 en ligne l&#039;annonce du programme d&#039;entrepreneuriat de la Fondation Tony Elumelu et je n&#039;ai pas h\u00e9sit\u00e9 \u00e0 postuler. Je croyais tr\u00e8s fermement en mon id\u00e9e et aux opportunit\u00e9s auxquelles la Fondation Tony Elumelu pouvait m&#039;exposer, j&#039;\u00e9tais donc heureux d&#039;avoir \u00e9t\u00e9 s\u00e9lectionn\u00e9. Pendant le programme TEF, j&#039;ai acquis de nouvelles comp\u00e9tences en gestion d&#039;entreprise gr\u00e2ce \u00e0 la formation en ligne. J&#039;ai \u00e9galement appris davantage sur mon entreprise et l&#039;industrie en \u00e9laborant mon plan d&#039;affaires. Le capital d\u2019amor\u00e7age a \u00e9galement \u00e9t\u00e9 d\u2019une grande aide ; J&#039;ai pu d\u00e9velopper davantage le projet et cela a transform\u00e9 mon id\u00e9e \u00e0 un stade o\u00f9 je peux rechercher des fonds ou des investissements suppl\u00e9mentaires.<\/p>\n\n\n\n<p>Je suis le fondateur et PDG de CURE, une entreprise bionique qui veille \u00e0 ce que les amput\u00e9s puissent fonctionner dans un monde construit pour les humains \u00e0 quatre membres. Notre objectif est de garantir que ces membres de notre soci\u00e9t\u00e9 puissent vivre pleinement leur vie malgr\u00e9 ce d\u00e9fi physique. Nous comptons atteindre cet objectif \u00e0 travers nos deux programmes : le d\u00e9veloppement de mains bioniques personnalis\u00e9es imprim\u00e9es en 3D et la fourniture de solutions de r\u00e9\u00e9ducation physique disruptives pour ces amput\u00e9s qui vivent majoritairement en milieu rural et disposent de ressources limit\u00e9es gr\u00e2ce \u00e0 la r\u00e9alit\u00e9 virtuelle.<\/p>\n\n\n\n<p>Bien que l&#039;entreprise elle-m\u00eame n&#039;ait pas g\u00e9n\u00e9r\u00e9 de b\u00e9n\u00e9fices en raison de sa particularit\u00e9, les projets m\u00e9dicaux ou technologiquement lourds comme le n\u00f4tre n\u00e9cessitent pour la plupart beaucoup de recherche, de d\u00e9veloppement et de tests avant d&#039;\u00eatre disponibles dans le commerce. Nous avons cependant r\u00e9alis\u00e9 notre croissance dans des domaines plus synonymes de notre secteur, b\u00e9n\u00e9ficiant de la reconnaissance et du soutien des organisations et des autorit\u00e9s mondiales et locales.<\/p>\n\n\n\n<ul class=\"wp-block-list\">\n<li>2017 #TEFAlumni Mohamed Dhaouafi (@Mohamed.Dhaouafi), fondateur de @Curebionics<\/li>\n<\/ul>\n\n\n\n<p>La publicit\u00e9 t\u00e9l\u00e9vis\u00e9e de cette ann\u00e9e vise \u00e0 s&#039;appuyer sur les r\u00e9ussites d&#039;\u00e9l\u00e8ves de #TEFA comme Mohamed Dhaouafi, en mettant en valeur le pouvoir transformateur de l&#039;entrepreneuriat. La publicit\u00e9 sera diffus\u00e9e dans le monde entier sur CNN International, DSTV, Canal +, Al Jazeera et Arise TV, en quatre langues : anglais, fran\u00e7ais, portugais et arabe. Elle sera diffus\u00e9e le matin et l&#039;apr\u00e8s-midi, tous les jours de la semaine, pendant 12 semaines.<\/p>\n\n\n\n<p>La Fondation Tony Elumelu reste engag\u00e9e \u00e0 soutenir les jeunes entrepreneurs africains, en leur fournissant les ressources, le mentorat et le financement n\u00e9cessaires pour r\u00e9ussir. Nous croyons au potentiel de la jeunesse africaine pour stimuler la croissance \u00e9conomique et le d\u00e9veloppement \u00e0 travers le continent.<\/p>\n\n\n\n<p>Restez \u00e0 l\u2019\u00e9coute et rejoignez-nous pour responsabiliser la prochaine g\u00e9n\u00e9ration d\u2019entrepreneurs africains.<\/p>\n\n\n\n<h3 class=\"wp-block-heading\">Regardez la publicit\u00e9 t\u00e9l\u00e9vis\u00e9e de la Fondation Tony Elumelu 2024 sur YouTube<\/h3>\n\n\n\n<ul class=\"wp-block-list\">\n<li><a href=\"https:\/\/www.youtube.com\/watch?v=9Y118G-aa2I&amp;feature=youtu.be\" target=\"_blank\" rel=\"noreferrer noopener\">2024 TEF TV Commercial &#8211; Watch in English<\/a><\/li>\n\n\n\n<li><a href=\"https:\/\/youtu.be\/UChK7PDSEVM\" target=\"_blank\" rel=\"noreferrer noopener\">2024 TEF TV Commercial &#8211; Watch in French<\/a><\/li>\n\n\n\n<li><a href=\"https:\/\/youtu.be\/6lPSAbDwjro\" target=\"_blank\" rel=\"noreferrer noopener\">2024 TEF TV Commercial &#8211; Watch in Arabic<\/a><\/li>\n\n\n\n<li><a href=\"https:\/\/www.youtube.com\/watch?v=3DvjTPaRp6I\" target=\"_blank\" rel=\"noreferrer noopener\">2024 TEF TV Commercial &#8211; Watch in Portuguese<\/a><\/li>\n<\/ul>\n\n\n\n<p><em>For more information about the Tony Elumelu Foundation and its impact across Africa, please see the <a href=\"https:\/\/www.tonyelumelufoundation.org\/fr\/rapports-dimpact-du-tef\/\">Rapports d'impact du TEF<\/a> website or follow us on social media.<\/em><\/p>","protected":false},"excerpt":{"rendered":"<p>La Fondation Tony Elumelu (TEF) est fi\u00e8re d&#039;annoncer le lancement de sa publicit\u00e9 t\u00e9l\u00e9vis\u00e9e 2024. Chaque ann\u00e9e, la Fondation publie une publicit\u00e9 convaincante pour inspirer et responsabiliser les jeunes entrepreneurs africains \u00e0 travers son programme phare d&#039;entrepreneuriat. <\/p>","protected":false},"author":29,"featured_media":25766,"comment_status":"closed","ping_status":"closed","sticky":false,"template":"","format":"standard","meta":{"_exactmetrics_skip_tracking":false,"_exactmetrics_sitenote_active":false,"_exactmetrics_sitenote_note":"","_exactmetrics_sitenote_category":0,"cybocfi_hide_featured_image":"yes","footnotes":""},"categories":[18],"tags":[],"class_list":["post-25742","post","type-post","status-publish","format-standard","has-post-thumbnail","hentry","category-news"],"_links":{"self":[{"href":"https:\/\/www.tonyelumelufoundation.org\/fr\/wp-json\/wp\/v2\/posts\/25742","targetHints":{"allow":["GET"]}}],"collection":[{"href":"https:\/\/www.tonyelumelufoundation.org\/fr\/wp-json\/wp\/v2\/posts"}],"about":[{"href":"https:\/\/www.tonyelumelufoundation.org\/fr\/wp-json\/wp\/v2\/types\/post"}],"author":[{"embeddable":true,"href":"https:\/\/www.tonyelumelufoundation.org\/fr\/wp-json\/wp\/v2\/users\/29"}],"replies":[{"embeddable":true,"href":"https:\/\/www.tonyelumelufoundation.org\/fr\/wp-json\/wp\/v2\/comments?post=25742"}],"version-history":[{"count":0,"href":"https:\/\/www.tonyelumelufoundation.org\/fr\/wp-json\/wp\/v2\/posts\/25742\/revisions"}],"wp:featuredmedia":[{"embeddable":true,"href":"https:\/\/www.tonyelumelufoundation.org\/fr\/wp-json\/wp\/v2\/media\/25766"}],"wp:attachment":[{"href":"https:\/\/www.tonyelumelufoundation.org\/fr\/wp-json\/wp\/v2\/media?parent=25742"}],"wp:term":[{"taxonomy":"category","embeddable":true,"href":"https:\/\/www.tonyelumelufoundation.org\/fr\/wp-json\/wp\/v2\/categories?post=25742"},{"taxonomy":"post_tag","embeddable":true,"href":"https:\/\/www.tonyelumelufoundation.org\/fr\/wp-json\/wp\/v2\/tags?post=25742"}],"curies":[{"name":"wp","href":"https:\/\/api.w.org\/{rel}","templated":true}]}}