{"id":2732,"date":"2016-04-29T10:45:38","date_gmt":"2016-04-29T10:45:38","guid":{"rendered":"http:\/\/tonyelumelufoundation.org\/?post_type=article&amp;p=2732"},"modified":"2016-04-29T10:45:38","modified_gmt":"2016-04-29T10:45:38","slug":"ceremonie-de-pose-des-fondations-de-luniversite-tony-o-elumelu-de-dakar","status":"publish","type":"post","link":"https:\/\/www.tonyelumelufoundation.org\/fr\/articles\/tony-o-elumelu-university-dakars-foundation-laying-ceremony","title":{"rendered":"TONY O. ELUMELU \u00c0 LA C\u00c9R\u00c9MONIE DE POSE DE LA FONDATION DE L&#039;UNIVERSIT\u00c9 DE DAKAR"},"content":{"rendered":"<p style=\"text-align: center;\"><strong><em>A L&#039;OCCASION DE LA CEREMONIE DE POSE DES FONDATIONS POUR LA CONSTRUCTION DE 23 FOYERS \u00c9TUDIANTS (18 000 CHAMBRES) AU<br \/>\nUNIVERSIT\u00c9 DE DAKAR<br \/>\n4 AVRIL 2016<\/em><\/strong><\/p>\n<p><strong>Par<\/strong><strong>\u00a0Tony O. Elumelu, CON<\/strong><\/p>\n<p>Honorable Ministre,<\/p>\n<p>Vice chancelier,<\/p>\n<p>Distingu\u00e9s Mesdames et Messieurs<\/p>\n<p>Protocoles habituels<br \/>\nBonjour, Bonjour,<\/p>\n<p>C&#039;est un plaisir d&#039;\u00eatre avec vous tous aujourd&#039;hui en ce jour qui constitue un jour sp\u00e9cial pour la R\u00e9publique du S\u00e9n\u00e9gal. Je m&#039;appelle Tony Elumelu, je suis pr\u00e9sident de Heirs Holdings et fondateur de la Fondation Tony Elumelu. Je suis \u00e9galement pr\u00e9sident de la United Bank for Africa (UBA), connue comme la banque mondiale de l&#039;Afrique. Je suis particuli\u00e8rement heureux d&#039;\u00eatre ici avec mon fr\u00e8re et ami l&#039;hon. Le ministre des Finances, Amadou BB, pour souligner la symbolique d&#039;occasions comme celle-ci.<\/p>\n<p>L&#039;Afrique doit \u00eatre transform\u00e9e et la transformation de l&#039;Afrique doit commencer par l&#039;\u00e9ducation de nos jeunes. La jeunesse africaine est son avenir. Et je suis ravi que le gouvernement du S\u00e9n\u00e9gal fasse cela pour notre jeunesse car personne d&#039;autre que nous ne d\u00e9veloppera l&#039;Afrique et ce d\u00e9veloppement doit commencer par notre jeunesse. Cette prise de conscience que notre jeunesse doit \u00eatre \u00e9duqu\u00e9e de mani\u00e8re favorable, est la raison pour laquelle United Bank For Africa est heureuse de financer ce noble objectif du gouvernement de SE le Pr\u00e9sident Macky Sall de fournir 18 000 chambres aux \u00e9tudiants de l&#039;universit\u00e9 de Dakar.<\/p>\n<p>Des occasions comme celle-ci d\u00e9montrent que l&#039;Afrique a effectivement atteint sa maturit\u00e9 et que les solutions aux d\u00e9fis de l&#039;Afrique peuvent \u00eatre trouv\u00e9es en Afrique par les Africains lorsque nos secteurs public et priv\u00e9 travaillent ensemble pour le b\u00e9n\u00e9fice de nos peuples. C\u2019est ce que j\u2019appelle l\u2019Africapitalisme.<\/p>\n<p>Je salue le gouvernement du S\u00e9n\u00e9gal pour avoir \u00e9t\u00e9 le fer de lance de ce mod\u00e8le de d\u00e9veloppement du secteur public-priv\u00e9 qui g\u00e9n\u00e8re la prosp\u00e9rit\u00e9 \u00e9conomique et des dividendes sociaux pour notre population. Et je recommande vivement cette approche \u00e0 nos autres gouvernements africains et dirigeants du secteur priv\u00e9. Les dirigeants du secteur public et priv\u00e9 africain doivent travailler ensemble et de toute urgence pour \u00e9viter que notre boom d\u00e9mographique ne devienne une catastrophe d\u00e9mographique.<\/p>\n<p>L&#039;\u00e9ducation est un v\u00e9ritable outil d&#039;autonomisation de la jeunesse africaine. Et l&#039;autonomisation de la jeunesse africaine est profond\u00e9ment ancr\u00e9e dans mon c\u0153ur. C&#039;est pourquoi, \u00e0 travers la Fondation Tony Elumelu, j&#039;ai lanc\u00e9 le programme d&#039;entrepreneuriat $100m Tony Elumelu en 2015 pour autonomiser \u00e9conomiquement 10 000 jeunes africains sur une p\u00e9riode de 10 ans par la formation, le mentorat et la fourniture de capital d&#039;amor\u00e7age pour leur permettre de r\u00e9aliser leur vocation entrepreneuriale.<\/p>\n<p>C&#039;est donc un honneur et un privil\u00e8ge pour moi d&#039;\u00eatre ici aujourd&#039;hui pour poser la premi\u00e8re pierre de la construction des 23 nouveaux foyers qui offriront 18 000 chambres suppl\u00e9mentaires aux jeunes Africains poursuivant leurs \u00e9tudes \u00e0 l&#039;Universit\u00e9 de Dakar. Il s\u2019agit de la Gloire de Dieu, de l\u2019avancement de la poursuite de l\u2019\u00e9ducation et de la transformation ultime de l\u2019Afrique.<\/p>\n<p>Que Dieu b\u00e9nisse UBA<\/p>\n<p>Que Dieu b\u00e9nisse la R\u00e9publique du S\u00e9n\u00e9gal<\/p>\n<p>Que Dieu b\u00e9nisse et fasse prosp\u00e9rer l&#039;Afrique<\/p>","protected":false},"excerpt":{"rendered":"<p>A L'OCCASION DE LA C\u00c9R\u00c9MONIE DE LANCEMENT DE LA FONDATION POUR LA CONSTRUCTION DE 23 H\u00d4TELS POUR \u00c9TUDIANTS (18 000 CHAMBRES) A L'UNIVERSIT\u00c9 DE DAKAR 4 AVRIL 2016 Par Tony O. Elumelu, CON Honorable ministre, Vice-chancelier, Mesdames et Messieurs Protocoles habituels Bonjour, C'est un plaisir d'\u00eatre avec vous tous aujourd'hui \u00e0 l'occasion de ce qui est un jour sp\u00e9cial....<\/p>","protected":false},"author":21,"featured_media":0,"comment_status":"open","ping_status":"open","sticky":false,"template":"","format":"standard","meta":{"_exactmetrics_skip_tracking":false,"_exactmetrics_sitenote_active":false,"_exactmetrics_sitenote_note":"","_exactmetrics_sitenote_category":0,"cybocfi_hide_featured_image":"","footnotes":""},"categories":[20],"tags":[],"class_list":["post-2732","post","type-post","status-publish","format-standard","hentry","category-articles"],"_links":{"self":[{"href":"https:\/\/www.tonyelumelufoundation.org\/fr\/wp-json\/wp\/v2\/posts\/2732","targetHints":{"allow":["GET"]}}],"collection":[{"href":"https:\/\/www.tonyelumelufoundation.org\/fr\/wp-json\/wp\/v2\/posts"}],"about":[{"href":"https:\/\/www.tonyelumelufoundation.org\/fr\/wp-json\/wp\/v2\/types\/post"}],"author":[{"embeddable":true,"href":"https:\/\/www.tonyelumelufoundation.org\/fr\/wp-json\/wp\/v2\/users\/21"}],"replies":[{"embeddable":true,"href":"https:\/\/www.tonyelumelufoundation.org\/fr\/wp-json\/wp\/v2\/comments?post=2732"}],"version-history":[{"count":0,"href":"https:\/\/www.tonyelumelufoundation.org\/fr\/wp-json\/wp\/v2\/posts\/2732\/revisions"}],"wp:attachment":[{"href":"https:\/\/www.tonyelumelufoundation.org\/fr\/wp-json\/wp\/v2\/media?parent=2732"}],"wp:term":[{"taxonomy":"category","embeddable":true,"href":"https:\/\/www.tonyelumelufoundation.org\/fr\/wp-json\/wp\/v2\/categories?post=2732"},{"taxonomy":"post_tag","embeddable":true,"href":"https:\/\/www.tonyelumelufoundation.org\/fr\/wp-json\/wp\/v2\/tags?post=2732"}],"curies":[{"name":"wp","href":"https:\/\/api.w.org\/{rel}","templated":true}]}}