{"id":2734,"date":"2016-04-29T14:22:10","date_gmt":"2016-04-29T14:22:10","guid":{"rendered":"http:\/\/tonyelumelufoundation.org\/?post_type=article&amp;p=2734"},"modified":"2016-04-29T14:22:10","modified_gmt":"2016-04-29T14:22:10","slug":"elumelu-appelle-les-bailleurs-de-fonds-des-gouvernements-africains-a-traiter-les-agriculteurs-et-les-entrepreneurs","status":"publish","type":"post","link":"https:\/\/www.tonyelumelufoundation.org\/fr\/articles\/elumelu-calls-african-governments-donors-treat-farmers-entrepreneurs","title":{"rendered":"ELUMELU APPELLE LES GOUVERNEMENTS AFRICAINS ET LES DONATEURS \u00c0 TRAITER LES AGRICULTEURS COMME DES ENTREPRENEURS"},"content":{"rendered":"<p style=\"text-align: center; line-height: 115%; background: white;\" align=\"center\"><b><span style=\"font-size: 13.0pt; line-height: 115%; font-family: 'Century Gothic'; color: black;\">\u2026Et pour que le gouvernement am\u00e9ricain combatte la famine avec flexibilit\u00e9<\/span><\/b><\/p>\n<p><strong>Washington, DC, le 26 avril 2016<\/strong> \u2013 Tony Elumelu, pr\u00e9sident de Heirs Holdings, la United Bank for Africa et fondateur de la Fondation Tony Elumelu, a appel\u00e9 les gouvernements africains et les donateurs \u00e0 traiter le secteur agricole en Afrique comme un secteur commercialement viable avec un potentiel de cr\u00e9ation de millions d&#039;emplois et de dollars. En revenu.<\/p>\n<p>Le chef d&#039;entreprise et philanthrope africain, qui a d\u00e9clar\u00e9 cela lors de son discours d&#039;ouverture aux investisseurs et parties prenantes de l&#039;agro-industrie lors du Symposium mondial sur la s\u00e9curit\u00e9 alimentaire \u00e0 Washington, DC, a d\u00e9clar\u00e9 que l&#039;agriculture ne devrait pas \u00eatre consid\u00e9r\u00e9e comme un programme de protection sociale, mais que les agriculteurs africains devraient plut\u00f4t \u00eatre trait\u00e9s comme des les entrepreneurs tandis que les gouvernements cr\u00e9ent un environnement favorable permettant aux MPME d\u2019acc\u00e9der au financement.<\/p>\n<p>Organis\u00e9 par le Chicago Council on Global Affairs le 26 avril 2016, l&#039;\u00e9v\u00e9nement, qui a rassembl\u00e9 une multitude d&#039;acteurs multidisciplinaires du secteur de l&#039;agriculture et de l&#039;alimentation, dont Elumelu \u2013 membre du groupe de strat\u00e9gie de s\u00e9curit\u00e9 alimentaire mondiale de l&#039;Aspen Institute \u2013 a pr\u00e9sent\u00e9 une plateforme pour discuter des transformations du syst\u00e8me alimentaire mondial n\u00e9cessaires pour nourrir les villes en croissance.<\/p>\n<p>S&#039;exprimant d&#039;un point de vue africain, Elumelu a plaid\u00e9 en faveur d&#039;une collaboration entre les secteurs public et priv\u00e9, recommandant l&#039;adoption d&#039;une approche africaniste pour r\u00e9aliser la transformation et la croissance n\u00e9cessaires pour r\u00e9pondre \u00e0 la demande croissante d&#039;aliments s\u00fbrs et durables. L&#039;Africapitalism promeut l&#039;engagement du secteur priv\u00e9 en faveur du d\u00e9veloppement de l&#039;Afrique \u00e0 travers des investissements \u00e0 long terme dans des secteurs strat\u00e9giques de l&#039;\u00e9conomie qui cr\u00e9ent la prosp\u00e9rit\u00e9 \u00e9conomique et la richesse sociale.<\/p>\n<p>\u00ab Si les secteurs public et priv\u00e9 travaillent ensemble dans un objectif commun, nous serons en mesure de conserver les connaissances et la main-d&#039;\u0153uvre souhait\u00e9es dans les zones rurales afin de soutenir l&#039;agriculture. Nous serons \u00e9galement en mesure de contr\u00f4ler le taux d\u2019urbanisation, car nous aurions permis \u00e0 nos jeunes de bien gagner leur vie et de d\u00e9velopper leurs entreprises l\u00e0 o\u00f9 ils sont n\u00e9s et ont grandi en tant qu\u2019entrepreneurs agro-alimentaires \u00bb, a-t-il ajout\u00e9.<\/p>\n<p>Concernant les responsabilit\u00e9s du secteur priv\u00e9, il a plaid\u00e9 en faveur d&#039;investissements importants favorisant l&#039;agriculture et la transformation m\u00e9canis\u00e9es, ainsi que de capitaux pour s&#039;associer au gouvernement afin de fournir des infrastructures cl\u00e9s favorables \u00e0 une croissance durable du secteur agricole. \u00ab Je crois que si nous transformons le secteur agricole, nous transformerons le continent africain ! \u00bb dit Elumelu.<\/p>\n<p>Il a conclu en appelant le gouvernement am\u00e9ricain \u00e0 une action d\u00e9cisive du Congr\u00e8s pour r\u00e9former l&#039;aide alimentaire d&#039;urgence en offrant \u00e0 l&#039;USAID la flexibilit\u00e9 d&#039;exp\u00e9dier ou d&#039;acheter de la nourriture au niveau r\u00e9gional afin d&#039;\u00e9viter de fausser les march\u00e9s locaux, appauvrissant ainsi davantage les petits exploitants agricoles locaux en Afrique. Selon lui, la flexibilit\u00e9 est la bonne fa\u00e7on d\u2019aborder l\u2019aide alimentaire qui permettra de sauver davantage de vies. \u00ab L&#039;aide alimentaire ne doit pas devenir une industrie. En tant qu\u2019Africain, je veux appeler le Congr\u00e8s am\u00e9ricain et le prochain pr\u00e9sident des \u00c9tats-Unis \u00e0 prendre la d\u00e9cision correcte et courageuse lors de la prochaine r\u00e9autorisation du projet de loi agricole afin de lutter avec flexibilit\u00e9 contre la famine.\u00bb<\/p>\n<p>Les statistiques r\u00e9v\u00e8lent qu\u2019environ 6,3 milliards de personnes vivront dans des villes d\u2019ici 2050, ce qui mettra \u00e0 rude \u00e9preuve l\u2019approvisionnement en aliments s\u00fbrs et durables pour nourrir la population. Alors que les petits agriculteurs sont confront\u00e9s \u00e0 de multiples d\u00e9fis et que l&#039;acc\u00e8s facile aux march\u00e9s reste une t\u00e2che ardue, le symposium a \u00e9t\u00e9 l&#039;occasion pour les parties prenantes de discuter et de recommander des actions sp\u00e9cifiques sur la mani\u00e8re de r\u00e9soudre les probl\u00e8mes de s\u00e9curit\u00e9 alimentaire mondiale. Le Conseil a \u00e9galement publi\u00e9 un important rapport sur les mesures \u00e0 prendre par le gouvernement am\u00e9ricain pour faire progresser la s\u00e9curit\u00e9 alimentaire dans un monde urbain.<\/p>\n<p>Dans son discours, Dan Glickman, copr\u00e9sident du Programme mondial pour l&#039;alimentation et l&#039;agriculture, a d\u00e9clar\u00e9 que l&#039;action et l&#039;innovation du secteur priv\u00e9 sont importantes pour nourrir les villes. \u00ab Nourrir les villes du monde est un \u00e9norme d\u00e9fi mais aussi une \u00e9norme opportunit\u00e9 \u00bb.<\/p>\n<p>Parmi les autres conf\u00e9renciers internationaux pr\u00e9sents \u00e0 l&#039;\u00e9v\u00e9nement figuraient Doug Bereuter, copr\u00e9sident du Programme mondial pour l&#039;alimentation et l&#039;agriculture ; membre du S\u00e9nat am\u00e9ricain, l&#039;honorable Jack Reed\u00a0; et Rajiv Shah, conseiller principal du Chicago Council on Global Affairs et professeur distingu\u00e9 \u00e0 la School of Foreign Service de l&#039;Universit\u00e9 de Georgetown, entre autres.<\/p>","protected":false},"excerpt":{"rendered":"<p>...Et que le gouvernement am\u00e9ricain combatte la famine avec souplesse Washington, DC, 26 avril 2016 - Tony Elumelu, pr\u00e9sident de Heirs Holdings, de la United Bank for Africa et fondateur de la Fondation Tony Elumelu, a appel\u00e9 les gouvernements africains et les donateurs \u00e0 traiter le secteur agricole en Afrique comme un secteur commercialement viable avec une ...<\/p>","protected":false},"author":21,"featured_media":0,"comment_status":"open","ping_status":"open","sticky":false,"template":"","format":"standard","meta":{"_exactmetrics_skip_tracking":false,"_exactmetrics_sitenote_active":false,"_exactmetrics_sitenote_note":"","_exactmetrics_sitenote_category":0,"cybocfi_hide_featured_image":"","footnotes":""},"categories":[20],"tags":[],"class_list":["post-2734","post","type-post","status-publish","format-standard","hentry","category-articles"],"_links":{"self":[{"href":"https:\/\/www.tonyelumelufoundation.org\/fr\/wp-json\/wp\/v2\/posts\/2734","targetHints":{"allow":["GET"]}}],"collection":[{"href":"https:\/\/www.tonyelumelufoundation.org\/fr\/wp-json\/wp\/v2\/posts"}],"about":[{"href":"https:\/\/www.tonyelumelufoundation.org\/fr\/wp-json\/wp\/v2\/types\/post"}],"author":[{"embeddable":true,"href":"https:\/\/www.tonyelumelufoundation.org\/fr\/wp-json\/wp\/v2\/users\/21"}],"replies":[{"embeddable":true,"href":"https:\/\/www.tonyelumelufoundation.org\/fr\/wp-json\/wp\/v2\/comments?post=2734"}],"version-history":[{"count":0,"href":"https:\/\/www.tonyelumelufoundation.org\/fr\/wp-json\/wp\/v2\/posts\/2734\/revisions"}],"wp:attachment":[{"href":"https:\/\/www.tonyelumelufoundation.org\/fr\/wp-json\/wp\/v2\/media?parent=2734"}],"wp:term":[{"taxonomy":"category","embeddable":true,"href":"https:\/\/www.tonyelumelufoundation.org\/fr\/wp-json\/wp\/v2\/categories?post=2734"},{"taxonomy":"post_tag","embeddable":true,"href":"https:\/\/www.tonyelumelufoundation.org\/fr\/wp-json\/wp\/v2\/tags?post=2734"}],"curies":[{"name":"wp","href":"https:\/\/api.w.org\/{rel}","templated":true}]}}