{"id":3924,"date":"2017-08-02T20:31:20","date_gmt":"2017-08-02T20:31:20","guid":{"rendered":"http:\/\/www.tonyelumelufoundation.org\/?p=3924"},"modified":"2017-08-02T20:31:20","modified_gmt":"2017-08-02T20:31:20","slug":"discours-douverture-sur-nous-et-les-perspectives-africaines-sur-le-leadership-par-tony-o-elumelu-con","status":"publish","type":"post","link":"https:\/\/www.tonyelumelufoundation.org\/fr\/articles\/keynote-address-u-s-and-african-perspectives-on-leadership-by-tony-o-elumelu-con","title":{"rendered":"[Keynote Address] U.S. AND AFRICAN PERSPECTIVES ON LEADERSHIP by Tony O. Elumelu, CON."},"content":{"rendered":"<p><strong>Discours d&#039;ouverture<\/strong><strong>\u00a0<\/strong><\/p>\n<p><strong>PERSPECTIVES AM\u00c9RICAINES ET AFRICAINES SUR LE LEADERSHIP<\/strong><\/p>\n<p>livr\u00e9 par<\/p>\n<p><strong>Tony O.Elumelu<\/strong>, ESCROQUER,<\/p>\n<p>Fondateur, Fondation Tony Elumelu<\/p>\n<p>au<\/p>\n<p><strong>Sommet de la Bourse Mandela Washington<\/strong><\/p>\n<p>2<sup>sd<\/sup> Ao\u00fbt 2017<\/p>\n<p>Washington DC<\/p>\n<p><strong>PROTOCOLE<\/strong><strong>\u00a0<\/strong><\/p>\n<ul>\n<li style=\"list-style-type: none;\">\n<ul>\n<li style=\"list-style-type: none;\">\n<ul>\n<li>En tant qu\u2019\u00e9tudiants en histoire, vous devez \u00e9galement reconna\u00eetre le r\u00f4le jou\u00e9 par le pr\u00e9sident Barack Obama et, plus important encore, nous reconnaissons Madiba lui-m\u00eame.<\/li>\n<li>Je voudrais commencer par remercier le gouvernement am\u00e9ricain d\u2019avoir rendu cela possible, en cr\u00e9ant un forum comme celui-ci pour ceux \u00e0 qui appartient l\u2019avenir de l\u2019Afrique.<\/li>\n<\/ul>\n<p>&nbsp;<\/p>\n<ul>\n<li>L\u2019Afrique a en effet grand besoin de dirigeants comme Madiba et c\u2019est pourquoi je suis ravi d\u2019interagir avec vous aujourd\u2019hui, 1000 Africains, convaincus que l\u2019avenir appartient vraiment et que vous devez saisir l\u2019avenir pour commencer r\u00e9ellement \u00e0 fa\u00e7onner le destin de notre continent.<\/li>\n<\/ul>\n<p>&nbsp;<\/p>\n<ul>\n<li>Mes coll\u00e8gues m&#039;ont pr\u00e9par\u00e9 quelques remarques aujourd&#039;hui, je vais les coller sur notre site Internet apr\u00e8s notre conversation d&#039;aujourd&#039;hui mais j&#039;ai d\u00e9cid\u00e9 que cela devrait adopter un mod\u00e8le diff\u00e9rent<\/li>\n<\/ul>\n<p>&nbsp;<\/p>\n<ul>\n<li>Pour moi, c&#039;est comme des conversations avec mes fr\u00e8res et s\u0153urs, des conversations avec mes jeunes fr\u00e8res et s\u0153urs de la m\u00eame famille. Vous avez suivi ce programme jusqu&#039;\u00e0 la fin et le travail acad\u00e9mique a \u00e9t\u00e9 effectu\u00e9, les d\u00e9finitions conceptuelles et la compr\u00e9hension du leadership ont \u00e9t\u00e9 partag\u00e9es avec vous.<\/li>\n<\/ul>\n<p>&nbsp;<\/p>\n<p>&nbsp;<\/p>\n<ul>\n<li>Je pense que ce que je veux faire avec vous aujourd&#039;hui, c&#039;est son aspect pratique dans le contexte de notre continent et, plus important encore, un appel \u00e0 vous tous pour qu&#039;ils r\u00e9alisent que l&#039;Afrique a effectivement grand besoin du 21<sup>st<\/sup> des dirigeants du si\u00e8cle qui contribueront \u00e0 transformer le continent.<\/li>\n<\/ul>\n<p>&nbsp;<\/p>\n<ul>\n<li>Pour un continent qui est dot\u00e9 de tant de ressources, nous devrions en fait \u00eatre une terre d&#039;abondance, mais malheureusement, nous n&#039;avons pas r\u00e9ussi \u00e0 y parvenir et la seule raison pour laquelle il en est ainsi est le manque de bon leadership dans les secteurs priv\u00e9 et priv\u00e9. secteurs publics.<\/li>\n<\/ul>\n<p>&nbsp;<\/p>\n<ul>\n<li>J&#039;aimerais partager le fardeau que je porte lorsque je voyage partout dans le monde et que vous voyez des progr\u00e8s, mais les progr\u00e8s que vous voyez dans d&#039;autres parties du monde font un peu d\u00e9faut sur notre continent, alors lorsque le gouvernement am\u00e9ricain organise un \u00e9v\u00e9nement comme celui-ci et s\u00e9lectionne effectivement de grands Africains comme vous, il faut saisir l&#039;opportunit\u00e9.<\/li>\n<\/ul>\n<p>&nbsp;<\/p>\n<ul>\n<li>C\u2019est ce que font les gens intelligents : lorsqu\u2019ils ont une opportunit\u00e9, ils l\u2019exploitent pleinement. Nous n\u2019exploiterions pas cela si, dans quelques ann\u00e9es \u00e0 venir, l\u2019Afrique restait ce qu\u2019elle a toujours \u00e9t\u00e9.<\/li>\n<\/ul>\n<p>&nbsp;<\/p>\n<ul>\n<li>Aujourd&#039;hui, vous allez obtenir votre dipl\u00f4me et devenir Mandela Fellows, alors je vous f\u00e9licite \u00e0 tous, mais plus important encore, vous portez un \u00e9norme fardeau moral, ce que vous vivez ou allez traverser n&#039;est pas une fin, vous devez le voir comme une fin. signifie vers une fin. Jusqu&#039;\u00e0 ce que vous soyez capable de r\u00e9aliser les aspirations et les r\u00eaves de Mandela pour l&#039;Afrique, on peut dire que vous n&#039;\u00eates pas digne de devenir un associ\u00e9 ou un camarade de Mandela.<\/li>\n<\/ul>\n<p>&nbsp;<\/p>\n<ul>\n<li>Nous devons commencer \u00e0 pr\u00eacher par l\u2019exemple en Afrique. Si vous \u00eates appel\u00e9 ap\u00f4tre ou disciple de quelqu\u2019un, vous ne devriez pas en faire moins.<\/li>\n<\/ul>\n<p>&nbsp;<\/p>\n<ul>\n<li>Mandela a v\u00e9cu une belle vie, il a r\u00e9alis\u00e9 un objectif, c&#039;est-\u00e0-dire que l&#039;apartheid doit \u00eatre corrig\u00e9, il a \u00e9galement r\u00e9alis\u00e9 que pour un homme, r\u00eaver est une chose mais qu&#039;un r\u00eave n&#039;est rien s&#039;il n&#039;est pas converti en r\u00e9alit\u00e9.<\/li>\n<\/ul>\n<p>&nbsp;<\/p>\n<ul>\n<li>Et ainsi, apr\u00e8s avoir d\u00e9fini le but, il a essay\u00e9 de rendre cela possible et dans le processus, il a rencontr\u00e9 beaucoup de gens, de d\u00e9fis, de difficult\u00e9s mais il n&#039;a jamais abandonn\u00e9. Il a finalement eu l&#039;opportunit\u00e9 de rassembler son pays, l&#039;Afrique du Sud a obtenu son ind\u00e9pendance et a \u00e9t\u00e9 gouvern\u00e9e par des noirs.<\/li>\n<\/ul>\n<p>&nbsp;<\/p>\n<ul>\n<li>Ce pour quoi il s\u2019est battu \u2013 l\u2019apartheid \u2013 \u00e9tait un syst\u00e8me odieux et totalement mauvais pour le peuple. Il aimait les gens, il a sacrifi\u00e9 sa famille pour les gens, il a sacrifi\u00e9 la partie active de sa vie pour son peuple et jusqu&#039;au bout, vous avez vu comment il a v\u00e9cu sa vie, sur un continent o\u00f9 les gens veulent mourir au pouvoir, il l&#039;a pens\u00e9 il \u00e9tait temps de passer \u00e0 autre chose.<\/li>\n<\/ul>\n<p>&nbsp;<\/p>\n<ul>\n<li>Alors vous allez \u00eatre appel\u00e9s les Mandela, l&#039;Afrique \u00e0 une \u00e9poque comme celle-ci a besoin de vous, l&#039;Afrique a travers\u00e9 son propre colonialisme, nos p\u00e8res se sont battus pour l&#039;\u00e9mancipation politique de l&#039;Afrique mais aujourd&#039;hui nous avons la pauvret\u00e9.<\/li>\n<\/ul>\n<p>&nbsp;<\/p>\n<p>&nbsp;<\/p>\n<ul>\n<li>L&#039;Afrique est colonis\u00e9e par la faim et la pauvret\u00e9 et donc si vous \u00eates appel\u00e9s les amis de Mandela, vous devriez revenir avec un programme selon lequel le leadership se produit \u00e0 tous les niveaux et que m\u00eame si l&#039;apartheid a disparu, il existe d&#039;autres formes d&#039;oppression, d&#039;injustice et de difficult\u00e9s et la plus grande des tout cela n\u2019est que pauvret\u00e9, qui se manifeste de bien d\u2019autres mani\u00e8res.<\/li>\n<\/ul>\n<p>&nbsp;<\/p>\n<ul>\n<li>Le ch\u00f4mage des jeunes en Afrique est un d\u00e9fi pour nous tous, c&#039;est une menace pour tout le monde et parfois je me demande si nous, nos dirigeants ou tout le monde reconnaissons ce que cela signifie.<\/li>\n<\/ul>\n<p>&nbsp;<\/p>\n<ul>\n<li>Nous devons tous travailler dur pour sortir les jeunes de la rue. Si nous n\u2019y parvenons pas, nous serons tous condamn\u00e9s. Nous disposons de ressources naturelles et d\u2019une structure d\u00e9mographique qui, si elles sont bien exploit\u00e9es, peuvent nous conf\u00e9rer un avantage comp\u00e9titif en tant que continent dans le monde. 21<sup>st<\/sup> si\u00e8cle, mais nous ne faisons pas tout ce que nous devons faire.<\/li>\n<\/ul>\n<p>&nbsp;<\/p>\n<ul>\n<li>Donc, votre g\u00e9n\u00e9ration devrait \u00eatre une g\u00e9n\u00e9ration diff\u00e9rente, elle ne devrait pas \u00eatre une g\u00e9n\u00e9ration de paroles. Il ne faut pas que ce soit une g\u00e9n\u00e9ration qui sait seulement se plaindre mais qui est incapable de changer les choses lorsque l\u2019occasion se pr\u00e9sente.<\/li>\n<\/ul>\n<p>&nbsp;<\/p>\n<ul>\n<li>Votre g\u00e9n\u00e9ration ne doit pas \u00eatre une g\u00e9n\u00e9ration passive et docile, nous savons qu&#039;au Canada un homme de moins de 39 ans Trudeau est pr\u00e9sident, en France, Macron vient d&#039;arriver.<\/li>\n<\/ul>\n<p>&nbsp;<\/p>\n<ul>\n<li>Et donc, si ma g\u00e9n\u00e9ration est gaspill\u00e9e et celles qui nous ont pr\u00e9c\u00e9d\u00e9s, votre g\u00e9n\u00e9ration devrait \u00eatre diff\u00e9rente et ne jamais utiliser ma g\u00e9n\u00e9ration comme crit\u00e8re pour ne pas faire ce que vous devriez faire.<\/li>\n<\/ul>\n<p>&nbsp;<\/p>\n<ul>\n<li>Nous devons tous comprendre qu\u2019au 21<sup>st<\/sup> si\u00e8cle, personne d\u2019autre que nous ne d\u00e9veloppera notre continent.<\/li>\n<\/ul>\n<p>&nbsp;<\/p>\n<ul>\n<li>Et si nous n\u2019avons pas r\u00e9ussi \u00e0 jouer ce r\u00f4le, vous devez faire les choses diff\u00e9remment parce que vous \u00eates mieux inform\u00e9s, l\u2019\u00e2ge dans lequel vous \u00e9voluez est un \u00e2ge d\u2019autonomisation, l\u2019\u00e2ge o\u00f9 vous avez tout pour faire la diff\u00e9rence.<\/li>\n<\/ul>\n<p>&nbsp;<\/p>\n<ul>\n<li>Nous devrions cesser d\u2019\u00eatre totalement passifs quant \u00e0 la fa\u00e7on dont nous sommes gouvern\u00e9s<\/li>\n<\/ul>\n<p>&nbsp;<\/p>\n<ul>\n<li>Quand nous grandissions, nous pensions que la politique \u00e9tait r\u00e9serv\u00e9e aux gens de seconde zone, mais nous avons depuis longtemps r\u00e9alis\u00e9 la stupidit\u00e9 de ce genre de pens\u00e9e, les bases soutiennent la super structure, car si vous avez une base faible, la structure ne durera pas.<\/li>\n<\/ul>\n<p>&nbsp;<\/p>\n<ul>\n<li>Nous restons un continent dont le destin est fa\u00e7onn\u00e9 par des gens que nous consid\u00e9rons ou appelons des citoyens de seconde zone.<\/li>\n<\/ul>\n<p>&nbsp;<\/p>\n<ul>\n<li>Et je dis aux gens, quand vous allez dans un pays (et je connais pertinemment un pays), o\u00f9 un fou dirige le flux de la circulation. Cela vous dit que quelque chose ne va pas fondamentalement dans cette soci\u00e9t\u00e9, cela vous dit que tout le monde est en dessous du QI de cet homme fou ou que ce fou fa\u00e7onnera tout le monde pour qu&#039;il fonctionne de cette fa\u00e7on et c&#039;est ce \u00e0 quoi cette g\u00e9n\u00e9ration devrait \u00eatre intol\u00e9rante, sinon vous le ferez. Je ne paierai pas une bonne r\u00e9compense au nom que vous portez ou au gouvernement am\u00e9ricain qui a pens\u00e9 que c&#039;\u00e9tait sage, vraiment sage parce que je fais partie de ces gens qui ont dit que l&#039;\u00e9poque dans laquelle nous vivons n&#039;est pas celle de l&#039;aum\u00f4ne, apprenez aux gens comment devenir autonomes et p\u00eacheurs.<\/li>\n<\/ul>\n<p>&nbsp;<\/p>\n<ul>\n<li>Et je crois que la connaissance est l&#039;une des meilleures choses que vous puissiez offrir \u00e0 l&#039;humanit\u00e9 et vous rassembler tous, venus de 49 pays africains dans cette salle, 1 000 d&#039;entre vous pour vous former aux valeurs du leadership, est en effet l&#039;un des plus beaux cadeaux que l&#039;on puisse offrir. pour nous en tant que continent, mais il nous incombe \u00e0 tous de profiter de ce moment et de cette opportunit\u00e9 uniques.<\/li>\n<\/ul>\n<p>&nbsp;<\/p>\n<ul>\n<li>Alors, en regagnant vos places respectives, vous devez prendre certaines r\u00e9solutions<\/li>\n<\/ul>\n<p>&nbsp;<\/p>\n<ul>\n<li>Tout d\u2019abord, vous devez vous dire que ce n\u2019est qu\u2019un d\u00e9but \u2013 un appel \u00e0 l\u2019action et que vous r\u00e9aliserez l\u2019action.<\/li>\n<\/ul>\n<p>&nbsp;<\/p>\n<ul>\n<li>Deuxi\u00e8mement, vous devez vous dire que le leadership ne concerne pas uniquement le pr\u00e9sident ou le leadership politique et que le leadership se produit \u00e0 tous les niveaux. Il y a tellement de choses que chacun d\u2019entre nous peut faire et vous devez jouer votre propre r\u00f4le pour y parvenir.<\/li>\n<\/ul>\n<p>&nbsp;<\/p>\n<ul>\n<li>]On me dit que dans la r\u00e9union, nous avons des entrepreneurs, des gens du secteur public, des ONG\/soci\u00e9t\u00e9 civile.<\/li>\n<\/ul>\n<p>&nbsp;<\/p>\n<ul>\n<li>La semaine derni\u00e8re, je disais avec certains de mes coll\u00e8gues qu\u2019une soci\u00e9t\u00e9 d\u00e9pourvue de groupes de pression ne survivrait pas et c\u2019est ce que je constate dans la plupart des pays africains. Nous devons demander des comptes \u00e0 nos dirigeants politiques, nous devons exiger un bon leadership dans les secteurs public et priv\u00e9.<\/li>\n<\/ul>\n<p>&nbsp;<\/p>\n<ul>\n<li>C\u2019est le minimum, le minimum absolu dont l\u2019Afrique a besoin dans un moment comme celui-ci.<\/li>\n<\/ul>\n<p>&nbsp;<\/p>\n<ul>\n<li>Troisi\u00e8mement, vous devez vous dire que ce n\u2019est pas une g\u00e9n\u00e9ration qui se plaint ou qui se plaint, c\u2019est une g\u00e9n\u00e9ration qui agit. On parle trop et on se plaint trop.<\/li>\n<\/ul>\n<p>&nbsp;<\/p>\n<ul>\n<li>Nous devons r\u00e9aliser qu\u2019il n\u2019y a pas de moment dans l\u2019histoire que celui o\u00f9 nous disposons d\u2019un nouveau moment pour affirmer notre leadership et vous devez comprendre que le leadership, dans une large mesure, ne vous est pas accord\u00e9, il ne vous est pas remis. Vous devez vous pr\u00e9parer au leadership et vous saurez l&#039;accepter.<\/li>\n<\/ul>\n<p>&nbsp;<\/p>\n<ul>\n<li>Il y a un vide de leadership en Afrique, dans le secteur public il y en a, dans le secteur priv\u00e9 il y en a et ce leader peut \u00eatre vous. Cela devrait en fait \u00eatre vous-m\u00eames.<\/li>\n<\/ul>\n<p>&nbsp;<\/p>\n<ul>\n<li>Je terminerai donc en disant que nous avons men\u00e9 des luttes pour l&#039;ind\u00e9pendance politique, mais nous avons r\u00e9alis\u00e9 que ce qui est tout aussi important, sinon plus important \u2013 l&#039;emploi \u00e9conomique, des emplois pour nos jeunes, la prosp\u00e9rit\u00e9 \u00e9conomique pour tous, une croissance inclusive qui reconna\u00eet tout le monde, apportant nos femmes aux activit\u00e9s de l\u2019\u00c9tat et de l\u2019\u00e9conomie.<\/li>\n<\/ul>\n<p>&nbsp;<\/p>\n<ul>\n<li>Enfin, s&#039;il y a une chose que vous ne devez pas oublier dans la conversation d&#039;aujourd&#039;hui, c&#039;est bien l&#039;h\u00e9ritage, c&#039;est l&#039;h\u00e9ritage. J&#039;ai essay\u00e9 d&#039;\u00e9tudier l&#039;humanit\u00e9, j&#039;ai essay\u00e9 d&#039;\u00e9tudier les dirigeants, \u00e0 la fois politiques et \u00e9conomiques, parce que j&#039;essaie d&#039;\u00eatre un bon leader et j&#039;ai essay\u00e9 de voir ces dirigeants que je respecte et pourquoi ils ont r\u00e9ussi.<\/li>\n<\/ul>\n<p>&nbsp;<\/p>\n<ul>\n<li>Le recul, comme on dit, est le plus grand enseignement, quand je regarde ces gens, leur vie, leurs doctrines, leurs \u00e9crits, leurs philosophies, etc. Je vois un fil conducteur d&#039;h\u00e9ritage.<\/li>\n<\/ul>\n<p>&nbsp;<\/p>\n<ul>\n<li>Quand vous commencez avec la fin en vue, vous faites bien, alors en tant que jeunes dirigeants \u00e0 qui appartient v\u00e9ritablement l&#039;avenir de notre continent, qui doivent lutter pour assumer le leadership tout comme nos parents ont lutt\u00e9 pour le leadership politique, nous devons penser \u00e0 l&#039;h\u00e9ritage, vous devez demander vous-m\u00eame, comment aimerai-je qu&#039;on se souvienne de moi.<\/li>\n<\/ul>\n<p>&nbsp;<\/p>\n<ul>\n<li>Parce que c&#039;est en trouvant des r\u00e9ponses \u00e0 ces questions que s&#039;explique le v\u00e9ritable sens de notre existence en tant qu&#039;\u00eatres humains.<\/li>\n<\/ul>\n<p>&nbsp;<\/p>\n<ul>\n<li>Lorsque ma famille et moi avons d\u00e9cid\u00e9 de lancer la Fondation Tony Elumelu et de doter la Fondation d&#039;une somme de $100 millions pour former, capitaliser et autonomiser 10 000 Africains, nous ne l&#039;avons pas fait parce que nous \u00e9tions les plus riches ou parce que nous avons tant, nous eu du mal \u00e0 y parvenir.<\/li>\n<\/ul>\n<p>&nbsp;<\/p>\n<ul>\n<li>Mais il s&#039;agissait de d\u00e9finir, de comprendre et de nous r\u00e9concilier avec la fa\u00e7on dont nous voulons qu&#039;on se souvienne de nous longtemps apr\u00e8s notre d\u00e9part, car \u00e0 quoi sert-il \u00e0 quiconque de garder toutes vos ressources sur des comptes bancaires, vous ne savez m\u00eame pas comment vont vos enfants. d\u00e9penser de l&#039;argent<\/li>\n<\/ul>\n<p>&nbsp;<\/p>\n<ul>\n<li>Si vous n&#039;en partagez pas une partie pour apporter la prosp\u00e9rit\u00e9 \u00e9conomique \u00e0 tous, en r\u00e9alisant que la pauvret\u00e9, o\u00f9 qu&#039;elle soit, est une menace pour l&#039;humanit\u00e9 partout dans le monde.<\/li>\n<\/ul>\n<p>&nbsp;<\/p>\n<ul>\n<li>Alors mesdames et messieurs, en revenant, un mot : h\u00e9ritage, merci beaucoup.<\/li>\n<\/ul>\n<p><strong>Questions et r\u00e9ponses<\/strong><\/p>\n<ul>\n<li><strong>Pourquoi certains dirigeants africains ne veulent pas quitter leurs fonctions ?<\/strong><\/li>\n<li>La r\u00e9ponse est l\u2019h\u00e9ritage, quand les gens r\u00e9alisent qu\u2019ils ne peuvent pas rester \u00e9ternellement au m\u00eame endroit et que quoi que vous soyez aujourd\u2019hui, les gens qui suivront le d\u00e9passeront m\u00eame et penseront \u00e0 ce que l\u2019histoire dira d\u2019eux, ils feront les choses diff\u00e9remment.<\/li>\n<li>Cependant, l\u2019Afrique du Sud n\u2019a pas obtenu son ind\u00e9pendance sur un plateau d\u2019or et c\u2019est pourquoi je dis que cette g\u00e9n\u00e9ration est peut-\u00eatre un type diff\u00e9rent. \u00e0 cette g\u00e9n\u00e9ration, nous devons exiger ce qui est bon pour nous.<\/li>\n<li>Nous sommes gouvern\u00e9s par des gens qui, biologiquement, ont encore quelques ann\u00e9es \u00e0 vivre et qui vont vous laisser des d\u00e9fis.<\/li>\n<li>Nous sommes condamn\u00e9s et induits en erreur par ceux qui ont moins de 10 ans de plus sur terre, donc cela remet beaucoup en question.<\/li>\n<li>Cette g\u00e9n\u00e9ration ne conna\u00eet m\u00eame pas le niveau de pouvoir dont elle dispose. Nous vivons \u00e0 l\u2019\u00e8re du num\u00e9rique o\u00f9 en Afrique, entre autres, les moins de 30 ans constituent 60% de notre population.<\/li>\n<li>Il existe donc un pouvoir pour apporter des changements positifs, mais il faut du temps pour que les gens r\u00e9alisent le pouvoir qu\u2019ils ont et les vieux politiciens manipulent et exploitent cette faiblesse.<\/li>\n<li>Chers amis Mandela, vous devez toujours vous rappeler ce que Mandela repr\u00e9sentait et dans le contexte de ce que nous souffrons aujourd\u2019hui. Son \u00e9poque \u00e9tait l\u2019apartheid politique, aujourd\u2019hui il est difficile pour les gens de manger et d\u2019envoyer leurs enfants \u00e0 l\u2019\u00e9cole.<\/li>\n<li>Nous devons donc \u00eatre amis avec la v\u00e9ritable essence de qui nous sommes et de qui nous voulons \u00eatre au 21<sup>st<\/sup> si\u00e8cle en nous posant de profondes questions.<\/li>\n<li><strong>Quel est le r\u00f4le de Tony Elumelu et de la Fondation Tony Elumelu dans le changement du cadre politique en Afrique ?<\/strong><\/li>\n<li>Cr\u00e9er la Fondation Tony Elumelu vise \u00e0 autonomiser \u00e9conomiquement nos jeunes et je serais heureux si un jour un entrepreneur Tony Elumelu devenait pr\u00e9sident de son pays et que cela se produise.<\/li>\n<li>Nous jouons \u00e9galement un r\u00f4le de plaidoyer parce que nous sommes conscients que pour que les entrepreneurs r\u00e9ussissent, l&#039;environnement op\u00e9rationnel doit \u00eatre favorable et nous nous engageons aupr\u00e8s du gouvernement pour contribuer \u00e0 l&#039;\u00e9laboration des politiques.<\/li>\n<li>Certains gouvernements, nous les renfor\u00e7ons, nous envoyons des boursiers notamment dans le domaine de la gestion \u00e9conomique.<\/li>\n<li>Je dirais donc que changer l\u2019Afrique est une responsabilit\u00e9 collective pour nous tous. Chacun d\u2019entre nous doit comprendre que nous avons besoin de l\u2019Afrique, d\u2019une Afrique am\u00e9lior\u00e9e au 21<sup>st<\/sup> si\u00e8cle parce que la v\u00e9rit\u00e9 est que le monde bouge et que de nouveaux dirigeants apparaissent dans d\u2019autres parties du monde et que nous pourrions \u00eatre confront\u00e9s \u00e0 un risque \u00e9norme que l\u2019Afrique retarde encore davantage au lieu de progresser.<\/li>\n<li>Tony Elumelu, la Fondation Tony Elumelu, vous-m\u00eames, amis de l\u2019Afrique et autres Africains, devez donc comprendre que nous avons besoin d\u2019un nouveau type de leadership, de secteur public et de secteur priv\u00e9, pour faire avancer l\u2019Afrique.<\/li>\n<\/ul>\n<p>&nbsp;<\/p>\n<ul>\n<li><strong>Comment g\u00e9rez-vous les autres gouvernements qui tentent d\u2019interf\u00e9rer en Afrique ?<\/strong><\/li>\n<li>Dans le 21<sup>st<\/sup> si\u00e8cle, nous avons besoin d\u2019investissements massifs en Afrique et les investissements ne doivent avoir aucune coloration.<\/li>\n<li>Nous devrions encourager les Africains, les Chinois, les Japonais et les Am\u00e9ricains \u00e0 investir en Afrique, car c\u2019est l\u2019afflux d\u2019investissements qui nous aidera en fin de compte \u00e0 cr\u00e9er les emplois dont nous avons besoin en tant que continent et qui est r\u00e9sum\u00e9 dans la philosophie \u00e9conomique de l\u2019Africapitalisme.<\/li>\n<li>Il s\u2019agit du secteur priv\u00e9 qui s\u2019implique en investissant dans des secteurs cl\u00e9s qui contribueront \u00e0 cr\u00e9er la prosp\u00e9rit\u00e9 \u00e9conomique et la richesse sociale et nous devons commencer \u00e0 changer notre mentalit\u00e9 en tant que peuple.<\/li>\n<li>Dans le 21<sup>st<\/sup> si\u00e8cle, nous devrions nous engager d\u2019une mani\u00e8re diff\u00e9rente pour cr\u00e9er des opportunit\u00e9s.<\/li>\n<li>Si nous disposons des bons dirigeants, nos dirigeants s\u2019engageront de mani\u00e8re \u00e0 cr\u00e9er des opportunit\u00e9s pour leur peuple. C&#039;est le manque d&#039;opportunit\u00e9s, motiv\u00e9 par la myopie du leadership, qui cr\u00e9e le genre de probl\u00e8mes que nous constatons.<\/li>\n<\/ul>\n<p>&nbsp;<\/p>\n<ul>\n<li><strong>Comment avez-vous fait, construit UBA, qu\u2019est-ce qui vous a inspir\u00e9 pour d\u00e9marrer le TEF et que se passe-t-il apr\u00e8s le TEF\u00a0?<\/strong><\/li>\n<li>La premi\u00e8re raison est notre peuple, ce que vous \u00eates pour le continent africain est ce que les gens sont pour notre organisation.<\/li>\n<li>Nos dirigeants devraient tous vous encourager car les dirigeants qui sont l\u00e0 aujourd\u2019hui ne le seront pas \u00e9ternellement.<\/li>\n<li>Ainsi, les grands dirigeants disposent d\u2019une r\u00e9serve de successeurs, de sorte que lorsqu\u2019ils vivront, d\u2019autres viendront, car cela est in\u00e9vitable. nous avons donc constitu\u00e9 la bonne \u00e9quipe, partag\u00e9 les aspirations, ils en \u00e9taient propri\u00e9taires et y ont adh\u00e9r\u00e9 et nous avions une intention strat\u00e9gique \u00e0 trois niveaux.<\/li>\n<li>Le niveau 1 consistait \u00e0 r\u00e9cup\u00e9rer une banque en difficult\u00e9, \u00e0 la redresser et \u00e0 la rendre viable, et nous nous sommes fix\u00e9s un d\u00e9lai. Donc, dirigeants, il est toujours bon d&#039;avoir un objectif, une vision, de cr\u00e9er des jalons et de fixer un calendrier, car j&#039;aimerais que vous d\u00e9veloppiez des aspirations \u00e0 long terme et que vous r\u00e9fl\u00e9chissiez \u00e0 long terme pour r\u00e9aliser ces aspirations, car c&#039;est \u00e0 long terme que vous cr\u00e9ez r\u00e9ellement. impact significatif<\/li>\n<li>Si vous ne cr\u00e9ez pas de jalons et ne r\u00e9alisez pas de victoires, vous risquez de vous d\u00e9courager.<\/li>\n<li>L&#039;objectif du deuxi\u00e8me niveau \u00e9tait de devenir l&#039;une des 10 premi\u00e8res banques du pays, de travailler dur et d&#039;y parvenir.<\/li>\n<li>L\u2019intention du troisi\u00e8me niveau \u00e9tait de devenir l\u2019une des trois premi\u00e8res banques et nous y sommes parvenus. donc je dirai que l&#039;art. donc tout cela nous a aid\u00e9 \u00e0 accomplir ce que nous avons accompli.<\/li>\n<li>Je dirais donc que cela nous a beaucoup aid\u00e9 : recruter les bonnes personnes, r\u00e9fl\u00e9chir \u00e0 ce que nous voulons r\u00e9aliser, fixer des jalons, travailler tr\u00e8s dur, \u00eatre r\u00e9silients. Tout cela nous a aid\u00e9 \u00e0 r\u00e9aliser ce que nous souhaitons r\u00e9aliser.<\/li>\n<li><strong>Motivation:<\/strong> J&#039;ai grandi comme un gar\u00e7on africain typique \u2013 n\u00e9, \u00e9lev\u00e9 et scolaris\u00e9 en Afrique, j&#039;ai travaill\u00e9 en Afrique et j&#039;ai atteint un certain niveau de confort. Lorsque j&#039;ai pris ma retraite en tant que PDG de l&#039;UBA et que je me suis demand\u00e9 si je pouvais institutionnaliser la chance, car nous sommes tous le produit de nombreux facteurs, du type d&#039;endroit o\u00f9 vous avez travaill\u00e9, du type de dirigeants que vous avez, de votre \u00e9ducation. J&#039;ai donc pens\u00e9 que ce serait c&#039;est sympa d&#039;apporter son soutien aux jeunes africains qui ont des id\u00e9es et pas du capital.<\/li>\n<li>Lorsque vous avez franchi le niveau auquel vous \u00eates aujourd\u2019hui, il est plus facile pour les banques de vous accorder des pr\u00eats, mais \u00e0 premi\u00e8re vue, il vous serait difficile d\u2019obtenir des pr\u00eats.<\/li>\n<li>Ensuite, s&#039;il s&#039;agissait d&#039;une fondation nig\u00e9riane ou africaine, j&#039;ai r\u00e9alis\u00e9 que je pense que c&#039;\u00e9tait Benjamin Disreali, qui avait dit que la pauvret\u00e9, o\u00f9 qu&#039;elle soit, \u00e9tait une menace pour l&#039;humanit\u00e9 partout et parce que je suis n\u00e9 au Nigeria et que je suis plut\u00f4t un citoyen africain. , il faut laisser la prosp\u00e9rit\u00e9 se propager. En fin de compte, notre espoir n&#039;est pas ce que nous faisons en tant que Fondation, mais la mani\u00e8re dont nous aidons \u00e0 catalyser l&#039;action, par exemple, nous parlons \u00e0 d&#039;autres organisations et disons que nous avons de nombreuses personnes qui postulent, en acceptent et aident. Nous voulons que ce soit un mouvement sur le continent.<\/li>\n<li>Dans 7 ans, nous r\u00e9aliserions un autre programme ou nous lancerions dans d&#039;autres choses, mais il s&#039;agit avant tout de cr\u00e9er des opportunit\u00e9s \u00e9conomiques pour tout le monde.<\/li>\n<li><strong>Pensez-vous que le renversement de Kadhafi \u00e9tait justifi\u00e9 ?<\/strong><\/li>\n<li>Je pense que c&#039;est une question difficile et mes coll\u00e8gues auraient grincer des dents si je ne devais pas dire quelque chose, mais je veux dire quelque chose.<\/li>\n<li>La nature a horreur du vide et en Afrique, nous devons prendre notre destin en main.<\/li>\n<li>Nous devons nous pr\u00e9occuper du r\u00e9cit sur l\u2019Afrique, nous devons \u00eatre capables de raconter nous-m\u00eames nos histoires. Nous devons \u00eatre capables de faire savoir \u00e0 ceux avec qui nous sommes en relation les choses qui sont importantes pour nous en tant que peuple.<\/li>\n<li>Nous ne devons pas permettre que notre agenda soit fix\u00e9 \u00e0 notre place. Le leadership n\u2019est pas \u00e9tranger \u00e0 l\u2019Afrique. Lorsque mes grands-parents parlent de l\u2019Afrique, on voit que le leadership est fermement ancr\u00e9 dans notre histoire et nos origines en tant que peuple et que la fa\u00e7on dont nous d\u00e9finissons le leadership est diff\u00e9rente de celle de la Chine.<\/li>\n<li>Nous ne devons pas permettre qu\u2019une seule forme de leadership d\u00e9termine le leadership du reste du monde. Les gens ont soutenu, et je fais partie de ce camp, que l&#039;absence de certaines personnes a cr\u00e9\u00e9 un d\u00e9s\u00e9quilibre r\u00e9gional et s\u00e9curitaire. Nous avons \u00e9galement vu des gens se repentir, tourner la page et devenir de meilleurs dirigeants. \u00c0 un moment donn\u00e9, le monde d\u00e9battra de certaines de ces questions. Les \u00e9tudiants en politique et les acteurs qui ont jou\u00e9 un r\u00f4le commenteront davantage cette question.<\/li>\n<li><strong>Que faisons-nous pour encourager d\u2019autres Africains dot\u00e9s \u00e0 soutenir les jeunes entrepreneurs ?<\/strong><\/li>\n<li>Je crois fermement \u00e0 la prosp\u00e9rit\u00e9 et au fait que nous ne devrions pas criminaliser la richesse, mais cela devient un probl\u00e8me lorsque votre richesse est \u00e9gocentrique, car le type de croissance dont nous avons besoin en Afrique est une croissance inclusive et une prosp\u00e9rit\u00e9 mutuelle.<\/li>\n<li>Et cela est d\u00e9fini dans l\u2019h\u00e9ritage, je pense que c\u2019est un d\u00e9ficit mental pour un homme de penser qu\u2019il peut accumuler des richesses pour toujours. Vous devez trouver comment partager ce que vous accumulez.<\/li>\n<li>Je pense que nous devrions nous engager dans les m\u00e9dias sociaux, en \u00e9crivant de mani\u00e8re constructive pour montrer que ce que nous faisons et j&#039;ai vu comment ce que nous faisons catalyse les autres.<\/li>\n<li>Et il se trouve que dans l\u2019histoire de l\u2019Am\u00e9rique, o\u00f9 la philanthropie est consid\u00e9rablement avanc\u00e9e, il a fallu le d\u00e9c\u00e8s de JP Morgan, Vanderbilt, pour que le monde se r\u00e9veille et fasse les choses diff\u00e9remment.<\/li>\n<li>C&#039;est un voyage, il a commenc\u00e9 et nous esp\u00e9rons que d&#039;autres le rattraperont. Il s&#039;agit d&#039;un h\u00e9ritage, pas de l&#039;argent sur votre compte bancaire pour lequel les gens se souviendront de vous, c&#039;est de l&#039;impression que vous avez cr\u00e9\u00e9e pour laquelle les gens se souviendront de vous.<\/li>\n<li><strong>Comment g\u00e9rez-vous le rejet ?<\/strong><\/li>\n<\/ul>\n<p>Les entrepreneurs n\u2019abandonnent pas, ils sont r\u00e9silients<\/p>\n<ul>\n<li><strong>Pouvez-vous prescrire un parcours professionnel \u00e0 ceux qui se lancent en politique ?<\/strong><\/li>\n<\/ul>\n<p>Je suis totalement favorable \u00e0 une bonne r\u00e9mun\u00e9ration de nos dirigeants, soutenons-les afin que nous puissions les tenir fermement responsables. La raison pour laquelle nous ne l&#039;avons pas, c&#039;est que lorsque les gens sont au pouvoir, ils ne perdent pas leur h\u00e9ritage et ne se distinguent pas. Ces dirigeants du secteur public devraient comprendre qu\u2019il y a une vie apr\u00e8s le service.<\/p>\n<p>&nbsp;<\/p>\n<ul>\n<li><strong>Comment aidez-vous les entreprises \u00e0 forte intensit\u00e9 de capital comme la mienne \u00e0 se d\u00e9velopper et serez-vous pr\u00eat \u00e0 investir dans mon entreprise\u00a0?<\/strong><\/li>\n<\/ul>\n<p>Je ne peux pas vous dire si je vais investir mais envoyer un mail \u00e0 Heirs Holdings en termes d&#039;ampleur, nous essayons de cr\u00e9er un fonds panafricain. F\u00e9licitations pour votre r\u00e9ussite, c&#039;est ce que vous me devez tous de cr\u00e9er plus d&#039;emplois.<\/p>\n<p>Merci.<\/li>\n<\/ul>\n<\/li>\n<\/ul>\n<p><strong>Tony O. Elumelu,<\/strong> ESCROQUER<\/p>\n<p>Pr\u00e9sident, Heirs Holdings Group<\/p>\n<p>Fondateur, Fondation Tony Elumelu<\/p>\n<p>&nbsp;<\/p>\n<p>Twitter\u00a0: @TonyOElumelu\u00a0; Facebook : Tony Elumelu et Instagram @TonyOElumelu<\/p>\n<p>Twitter : @Heirs_Holdings et Instagram : @HeirsHoldings<\/p>\n<p>Twitter : @TonyElumeluFDN et Instagram : @TonyElumeluFoundation<\/p>\n<p>&nbsp;<\/p>","protected":false},"excerpt":{"rendered":"<p>Discours d&#039;ouverture PERSPECTIVES AM\u00c9RICAINES ET AFRICAINES SUR LE LEADERSHIP prononc\u00e9 par Tony O. Elumelu, CON, fondateur de la Fondation Tony Elumelu lors du Mandela Washington Fellowship Summit, 2 ao\u00fbt 2017, Washington, DC PROTOCOLE En tant qu&#039;\u00e9tudiants en histoire, vous devez \u00e9galement reconna\u00eetre le r\u00f4le du pr\u00e9sident Barack Obama. jou\u00e9 et surtout on reconna\u00eet Madiba lui-m\u00eame. Je voudrais \u2026<\/p>","protected":false},"author":21,"featured_media":0,"comment_status":"closed","ping_status":"closed","sticky":false,"template":"","format":"standard","meta":{"_exactmetrics_skip_tracking":false,"_exactmetrics_sitenote_active":false,"_exactmetrics_sitenote_note":"","_exactmetrics_sitenote_category":0,"cybocfi_hide_featured_image":"","footnotes":""},"categories":[20,62],"tags":[24,25,28,29,36,44,47,48,49],"class_list":["post-3924","post","type-post","status-publish","format-standard","hentry","category-articles","category-interviews-speeches","tag-africa","tag-africapitalism","tag-elumelu","tag-entrepreneur","tag-philanthropy","tag-tef","tag-tony-elumelu","tag-tony-elumelu-entrepreneur","tag-tony-elumelu-foundation"],"_links":{"self":[{"href":"https:\/\/www.tonyelumelufoundation.org\/fr\/wp-json\/wp\/v2\/posts\/3924","targetHints":{"allow":["GET"]}}],"collection":[{"href":"https:\/\/www.tonyelumelufoundation.org\/fr\/wp-json\/wp\/v2\/posts"}],"about":[{"href":"https:\/\/www.tonyelumelufoundation.org\/fr\/wp-json\/wp\/v2\/types\/post"}],"author":[{"embeddable":true,"href":"https:\/\/www.tonyelumelufoundation.org\/fr\/wp-json\/wp\/v2\/users\/21"}],"replies":[{"embeddable":true,"href":"https:\/\/www.tonyelumelufoundation.org\/fr\/wp-json\/wp\/v2\/comments?post=3924"}],"version-history":[{"count":0,"href":"https:\/\/www.tonyelumelufoundation.org\/fr\/wp-json\/wp\/v2\/posts\/3924\/revisions"}],"wp:attachment":[{"href":"https:\/\/www.tonyelumelufoundation.org\/fr\/wp-json\/wp\/v2\/media?parent=3924"}],"wp:term":[{"taxonomy":"category","embeddable":true,"href":"https:\/\/www.tonyelumelufoundation.org\/fr\/wp-json\/wp\/v2\/categories?post=3924"},{"taxonomy":"post_tag","embeddable":true,"href":"https:\/\/www.tonyelumelufoundation.org\/fr\/wp-json\/wp\/v2\/tags?post=3924"}],"curies":[{"name":"wp","href":"https:\/\/api.w.org\/{rel}","templated":true}]}}