{"id":4173,"date":"2017-10-04T19:14:10","date_gmt":"2017-10-04T19:14:10","guid":{"rendered":"http:\/\/www.tonyelumelufoundation.org\/?p=4173"},"modified":"2018-09-04T15:16:59","modified_gmt":"2018-09-04T15:16:59","slug":"la-video-du-forum-tef-2017","status":"publish","type":"post","link":"https:\/\/www.tonyelumelufoundation.org\/fr\/videos\/the-tef-forum-2017-video","title":{"rendered":"Vid\u00e9o du Forum TEF 2017"},"content":{"rendered":"<p style=\"text-align: left;\">Le troisi\u00e8me Forum annuel sur l&#039;entrepreneuriat de la Fondation Tony Elumelu se tiendra \u00e0 Lagos, au Nig\u00e9ria, les 13 et 14 octobre 2017. Le Forum sur l&#039;entrepreneuriat du TEF est le rassemblement le plus inclusif d&#039;entrepreneurs africains, o\u00f9 plus de 54 pays africains repr\u00e9sent\u00e9s rencontreront des chefs d&#039;entreprise, des entrepreneurs \u00e9tablis et des d\u00e9cideurs politiques. pour forger des partenariats, partager des id\u00e9es et fa\u00e7onner des solutions con\u00e7ues en Afrique pour acc\u00e9l\u00e9rer la transformation de l\u2019Afrique.<\/p>\n<p>Le rassemblement est le point culminant du programme d&#039;entrepreneuriat TEF, l&#039;engagement de notre fondateur de 100 millions de dollars pour identifier, former, encadrer et autonomiser 10 000 entrepreneurs africains sur 10 ans. L&#039;\u00e9dition 2017 du Forum sur l&#039;entrepreneuriat de la Fondation Tony Elumelu proposera des sessions d&#039;apprentissage interactives entre les entrepreneurs africains, d&#039;une part, et les leaders d&#039;opinion, les investisseurs et les entrepreneurs chevronn\u00e9s, d&#039;autre part.<\/p>\n<p>Ce sera un rassemblement de tout l\u2019\u00e9cosyst\u00e8me entrepreneurial africain<\/p>\n<p style=\"text-align: center;\"><iframe src=\"https:\/\/www.youtube.com\/embed\/6zgs9ibAKu8?ecver=1&enablejsapi=1\" width=\"654\" height=\"480\" frameborder=\"0\" allowfullscreen=\"allowfullscreen\"><\/iframe><\/p>","protected":false},"excerpt":{"rendered":"<p>Le troisi\u00e8me Forum annuel sur l&#039;entrepreneuriat de la Fondation Tony Elumelu se tiendra \u00e0 Lagos, au Nig\u00e9ria, les 13 et 14 octobre 2017. Le Forum sur l&#039;entrepreneuriat du TEF est le rassemblement le plus inclusif d&#039;entrepreneurs africains, o\u00f9 plus de 54 pays africains repr\u00e9sent\u00e9s rencontreront des chefs d&#039;entreprise, des entrepreneurs \u00e9tablis et des d\u00e9cideurs politiques. pour forger des partenariats, partager des id\u00e9es et fa\u00e7onner des solutions con\u00e7ues en Afrique pour acc\u00e9l\u00e9rer le\u2026<\/p>","protected":false},"author":21,"featured_media":540,"comment_status":"closed","ping_status":"closed","sticky":false,"template":"","format":"standard","meta":{"_exactmetrics_skip_tracking":false,"_exactmetrics_sitenote_active":false,"_exactmetrics_sitenote_note":"","_exactmetrics_sitenote_category":0,"cybocfi_hide_featured_image":"","footnotes":""},"categories":[20,17,18,14],"tags":[],"class_list":["post-4173","post","type-post","status-publish","format-standard","has-post-thumbnail","hentry","category-articles","category-marketing-materials","category-news","category-videos"],"_links":{"self":[{"href":"https:\/\/www.tonyelumelufoundation.org\/fr\/wp-json\/wp\/v2\/posts\/4173","targetHints":{"allow":["GET"]}}],"collection":[{"href":"https:\/\/www.tonyelumelufoundation.org\/fr\/wp-json\/wp\/v2\/posts"}],"about":[{"href":"https:\/\/www.tonyelumelufoundation.org\/fr\/wp-json\/wp\/v2\/types\/post"}],"author":[{"embeddable":true,"href":"https:\/\/www.tonyelumelufoundation.org\/fr\/wp-json\/wp\/v2\/users\/21"}],"replies":[{"embeddable":true,"href":"https:\/\/www.tonyelumelufoundation.org\/fr\/wp-json\/wp\/v2\/comments?post=4173"}],"version-history":[{"count":0,"href":"https:\/\/www.tonyelumelufoundation.org\/fr\/wp-json\/wp\/v2\/posts\/4173\/revisions"}],"wp:featuredmedia":[{"embeddable":true,"href":"https:\/\/www.tonyelumelufoundation.org\/fr\/wp-json\/wp\/v2\/media\/540"}],"wp:attachment":[{"href":"https:\/\/www.tonyelumelufoundation.org\/fr\/wp-json\/wp\/v2\/media?parent=4173"}],"wp:term":[{"taxonomy":"category","embeddable":true,"href":"https:\/\/www.tonyelumelufoundation.org\/fr\/wp-json\/wp\/v2\/categories?post=4173"},{"taxonomy":"post_tag","embeddable":true,"href":"https:\/\/www.tonyelumelufoundation.org\/fr\/wp-json\/wp\/v2\/tags?post=4173"}],"curies":[{"name":"wp","href":"https:\/\/api.w.org\/{rel}","templated":true}]}}