{"id":4350,"date":"2017-11-03T16:11:33","date_gmt":"2017-11-03T16:11:33","guid":{"rendered":"http:\/\/www.tonyelumelufoundation.org\/?p=4350"},"modified":"2017-11-03T16:11:33","modified_gmt":"2017-11-03T16:11:33","slug":"autonomiser-la-jeunesse-africaine-a-declare-elumelu-lors-du-sommet-dobama","status":"publish","type":"post","link":"https:\/\/www.tonyelumelufoundation.org\/fr\/articles\/empower-africas-youth-elumelu-says-at-the-obama-summit","title":{"rendered":"Donner du pouvoir \u00e0 la jeunesse africaine, d\u00e9clare Elumelu lors du sommet d&#039;Obama"},"content":{"rendered":"<p>Le philanthrope et investisseur africain Tony O. Elumelu s&#039;est joint \u00e0 d&#039;autres dirigeants civiques mondiaux lors du sommet inaugural organis\u00e9 par la Fondation Obama pour discuter d&#039;id\u00e9es innovantes et de solutions cr\u00e9atives pour r\u00e9soudre les probl\u00e8mes sociaux les plus difficiles du monde.<\/p>\n<p>L&#039;\u00e9v\u00e9nement immersif de deux jours, qui s&#039;est tenu du 31 octobre au 1er novembre 2017 \u00e0 Chicago, aux \u00c9tats-Unis, a inspir\u00e9 et donn\u00e9 aux participants les moyens de cr\u00e9er des changements positifs dans leurs communaut\u00e9s. Environ 500 dirigeants civiques du monde entier ont organis\u00e9 des conf\u00e9rences, des ateliers et des \u00e9v\u00e9nements interactifs.<\/p>\n<p>Lors de la s\u00e9ance pl\u00e9ni\u00e8re intitul\u00e9e \u00ab\u00a0Construire des \u00e9cosyst\u00e8mes entrepreneuriaux dans les march\u00e9s \u00e9mergents\u00a0\u00bb, Elumelu a parl\u00e9 de la n\u00e9cessit\u00e9 urgente d&#039;autonomiser la jeunesse africaine et de stimuler ses id\u00e9es entrepreneuriales pour encourager le d\u00e9veloppement du continent.<\/p>\n<p>\u00ab Pour que l\u2019Afrique se transforme, nous avons besoin que les jeunes hommes et femmes soient \u00e9conomiquement autonomes \u00bb, a-t-il d\u00e9clar\u00e9.<\/p>\n<p>Elumelu a salu\u00e9 l&#039;am\u00e9lioration constante de l&#039;environnement des affaires du Nigeria, suite<a href=\"https:\/\/www.vanguardngr.com\/2017\/10\/nigeria-moves-24-points-world-bank-ease-business\/\" target=\"_blank\" rel=\"noopener\">\u00a0le rapport r\u00e9cemment publi\u00e9 par la Banque mondiale sur le Nigeria progresse de 24 points dans l&#039;indice de facilit\u00e9 de faire des affaires.<\/a>. Il a \u00e9galement partag\u00e9 ses principes commerciaux personnels, affirmant que l&#039;entrepreneuriat n\u00e9cessite la capacit\u00e9 de r\u00e9fl\u00e9chir en profondeur, d&#039;ex\u00e9cuter des id\u00e9es et de maximiser les opportunit\u00e9s.<\/p>\n<p>Un repr\u00e9sentant de la Fondation Obama \u00e9tait \u00e9galement pr\u00e9sent \u00e0 la r\u00e9cente Fondation Tony Elumelu pour soutenir le plus grand rassemblement d&#039;entrepreneurs africains en Afrique.<\/p>","protected":false},"excerpt":{"rendered":"<p>Le philanthrope et investisseur africain, Tony O. Elumelu, a rejoint d'autres leaders civiques mondiaux lors du Sommet inaugural organis\u00e9 par la Fondation Obama pour discuter d'id\u00e9es novatrices et de solutions cr\u00e9atives pour r\u00e9soudre les probl\u00e8mes sociaux les plus difficiles du monde. L'\u00e9v\u00e9nement immersif de deux jours, qui s'est tenu du 31 octobre au 1er novembre 2017 \u00e0 Chicago, aux \u00c9tats-Unis, a inspir\u00e9 et donn\u00e9 aux participants les moyens de ...<\/p>","protected":false},"author":21,"featured_media":0,"comment_status":"closed","ping_status":"closed","sticky":false,"template":"","format":"standard","meta":{"_exactmetrics_skip_tracking":false,"_exactmetrics_sitenote_active":false,"_exactmetrics_sitenote_note":"","_exactmetrics_sitenote_category":0,"cybocfi_hide_featured_image":"","footnotes":""},"categories":[20],"tags":[],"class_list":["post-4350","post","type-post","status-publish","format-standard","hentry","category-articles"],"_links":{"self":[{"href":"https:\/\/www.tonyelumelufoundation.org\/fr\/wp-json\/wp\/v2\/posts\/4350","targetHints":{"allow":["GET"]}}],"collection":[{"href":"https:\/\/www.tonyelumelufoundation.org\/fr\/wp-json\/wp\/v2\/posts"}],"about":[{"href":"https:\/\/www.tonyelumelufoundation.org\/fr\/wp-json\/wp\/v2\/types\/post"}],"author":[{"embeddable":true,"href":"https:\/\/www.tonyelumelufoundation.org\/fr\/wp-json\/wp\/v2\/users\/21"}],"replies":[{"embeddable":true,"href":"https:\/\/www.tonyelumelufoundation.org\/fr\/wp-json\/wp\/v2\/comments?post=4350"}],"version-history":[{"count":0,"href":"https:\/\/www.tonyelumelufoundation.org\/fr\/wp-json\/wp\/v2\/posts\/4350\/revisions"}],"wp:attachment":[{"href":"https:\/\/www.tonyelumelufoundation.org\/fr\/wp-json\/wp\/v2\/media?parent=4350"}],"wp:term":[{"taxonomy":"category","embeddable":true,"href":"https:\/\/www.tonyelumelufoundation.org\/fr\/wp-json\/wp\/v2\/categories?post=4350"},{"taxonomy":"post_tag","embeddable":true,"href":"https:\/\/www.tonyelumelufoundation.org\/fr\/wp-json\/wp\/v2\/tags?post=4350"}],"curies":[{"name":"wp","href":"https:\/\/api.w.org\/{rel}","templated":true}]}}