{"id":5194,"date":"2018-07-05T15:19:36","date_gmt":"2018-07-05T15:19:36","guid":{"rendered":"http:\/\/www.tonyelumelufoundation.org\/?p=5194"},"modified":"2018-10-30T15:46:20","modified_gmt":"2018-10-30T15:46:20","slug":"principales-citations-de-la-session-interactive-avec-le-president-emmanuel-macron-tony-elumelu-entrepreneurs","status":"publish","type":"post","link":"https:\/\/www.tonyelumelufoundation.org\/fr\/news\/top-quotes-from-the-interactive-session-with-president-emmanuel-macron-tony-elumelu-entrepreneurs","title":{"rendered":"Principales citations de la session interactive avec le pr\u00e9sident Emmanuel Macron et les entrepreneurs Tony Elumelu"},"content":{"rendered":"<p>La session interactive avec Tony Elumelu Entrepreneurs et le Pr\u00e9sident Emmanuel Macron a \u00e9t\u00e9 remarquable ! Voici quelques citations de la s\u00e9ance.<\/p>\n<p><img fetchpriority=\"high\" decoding=\"async\" class=\"alignnone size-medium wp-image-5190 aligncenter\" src=\"https:\/\/www.tonyelumelufoundation.org\/uploads\/2018\/07\/Screen-Shot-2018-07-04-at-6.21.40-PM-600x400.png\" alt=\"\" width=\"600\" height=\"400\"><\/p>\n<p>\u00ab Nous voulons que la France et le reste du monde sachent que l\u2019Afrique a bien plus \u00e0 offrir. Nous sommes un continent d\u2019opportunit\u00e9s. \u2013 Tony O.Elumelu<\/p>\n<p>\u00ab Votre nationalit\u00e9 ne d\u00e9finit pas votre capacit\u00e9 \u00e0 r\u00e9ussir. Le succ\u00e8s commence dans votre esprit. -Pr\u00e9sident Emmanuel Macron<\/p>\n<p>\u00ab L\u2019entrepreneuriat et l\u2019innovation sont les r\u00e9ponses dont l\u2019Afrique a besoin. Les jeunes devraient \u00eatre obs\u00e9d\u00e9s par l\u2019innovation. -Pr\u00e9sident Emmanuel Macron<\/p>\n<p>\u00ab L&#039;entrepreneuriat, les entrepreneurs et ceux qu&#039;ils inspirent sont l&#039;\u00e9l\u00e9ment vital de la transformation de l&#039;Afrique. \u00bb \u2013 Tony O.Elumelu<\/p>\n<p><img decoding=\"async\" class=\"alignnone size-medium wp-image-5204 aligncenter\" src=\"https:\/\/www.tonyelumelufoundation.org\/uploads\/2018\/07\/Screen-Shot-2018-07-04-at-6.30.10-PM-308x450.png\" alt=\"\" width=\"308\" height=\"450\"><\/p>\n<p>\u00ab Ne vous arr\u00eatez jamais \u00e0 votre premier \u00e9chec. Et apprenez toujours de vos \u00e9checs. -Pr\u00e9sident Emmanuel Macron<\/p>\n<p>\u00ab Les entrepreneurs africains sont pr\u00eats \u00e0 r\u00e9ussir et ils comprennent que leur succ\u00e8s ne concerne pas seulement eux-m\u00eames mais celui du continent tout entier. \u00bb \u2013 Tony O.Elumelu<\/p>\n<p>\u00ab Aux jeunes entrepreneurs, je dirais : prenez un risque. Il n\u2019y a pas de succ\u00e8s sans prendre de risques. -Pr\u00e9sident Emmanuel Macron<\/p>\n<p>\u00ab Personne ne devrait d\u00e9cider pour l\u2019Afrique. L&#039;Afrique doit d\u00e9cider par elle-m\u00eame. Il est temps d\u2019assumer la responsabilit\u00e9 de l\u2019h\u00e9ritage que nous laissons derri\u00e8re nous. \u2013 Pr\u00e9sident Emmanuel Macron<\/p>\n<p><img decoding=\"async\" class=\"alignnone size-medium wp-image-5210 aligncenter\" src=\"https:\/\/www.tonyelumelufoundation.org\/uploads\/2018\/07\/Screen-Shot-2018-07-05-at-4.51.09-PM-481x450.png\" alt=\"\" width=\"481\" height=\"450\"><\/p>","protected":false},"excerpt":{"rendered":"<p>La session interactive avec les entrepreneurs Tony Elumelu et le pr\u00e9sident Emmanuel Macron a \u00e9t\u00e9 remarquable ! Voici quelques citations tir\u00e9es de la session. \u201cNous voulons que la France et le reste du monde sachent que l'Afrique a beaucoup plus \u00e0 offrir. Nous sommes un continent d'opportunit\u00e9s.\u201d - Tony O. Elumelu \u201cVotre nationalit\u00e9 ne d\u00e9finit pas votre ...<\/p>","protected":false},"author":21,"featured_media":0,"comment_status":"closed","ping_status":"closed","sticky":false,"template":"","format":"standard","meta":{"_exactmetrics_skip_tracking":false,"_exactmetrics_sitenote_active":false,"_exactmetrics_sitenote_note":"","_exactmetrics_sitenote_category":0,"cybocfi_hide_featured_image":"","footnotes":""},"categories":[20,18],"tags":[],"class_list":["post-5194","post","type-post","status-publish","format-standard","hentry","category-articles","category-news"],"_links":{"self":[{"href":"https:\/\/www.tonyelumelufoundation.org\/fr\/wp-json\/wp\/v2\/posts\/5194","targetHints":{"allow":["GET"]}}],"collection":[{"href":"https:\/\/www.tonyelumelufoundation.org\/fr\/wp-json\/wp\/v2\/posts"}],"about":[{"href":"https:\/\/www.tonyelumelufoundation.org\/fr\/wp-json\/wp\/v2\/types\/post"}],"author":[{"embeddable":true,"href":"https:\/\/www.tonyelumelufoundation.org\/fr\/wp-json\/wp\/v2\/users\/21"}],"replies":[{"embeddable":true,"href":"https:\/\/www.tonyelumelufoundation.org\/fr\/wp-json\/wp\/v2\/comments?post=5194"}],"version-history":[{"count":0,"href":"https:\/\/www.tonyelumelufoundation.org\/fr\/wp-json\/wp\/v2\/posts\/5194\/revisions"}],"wp:attachment":[{"href":"https:\/\/www.tonyelumelufoundation.org\/fr\/wp-json\/wp\/v2\/media?parent=5194"}],"wp:term":[{"taxonomy":"category","embeddable":true,"href":"https:\/\/www.tonyelumelufoundation.org\/fr\/wp-json\/wp\/v2\/categories?post=5194"},{"taxonomy":"post_tag","embeddable":true,"href":"https:\/\/www.tonyelumelufoundation.org\/fr\/wp-json\/wp\/v2\/tags?post=5194"}],"curies":[{"name":"wp","href":"https:\/\/api.w.org\/{rel}","templated":true}]}}