{"id":5412,"date":"2016-10-30T17:24:59","date_gmt":"2016-10-30T17:24:59","guid":{"rendered":"http:\/\/162.144.94.120\/~staging\/?p=88"},"modified":"2018-11-16T15:55:44","modified_gmt":"2018-11-16T15:55:44","slug":"la-fondation-tony-elumelu-reunit-lafrique","status":"publish","type":"post","link":"https:\/\/www.tonyelumelufoundation.org\/fr\/news\/the-tony-elumelu-foundation-convenes-africa","title":{"rendered":"La Fondation Tony Elumelu organise le plus grand rassemblement d&#039;entrepreneurs d&#039;Afrique."},"content":{"rendered":"<p><strong>Lagos, Nig\u00e9ria, 30 octobre 2016<\/strong> \u2013 Hier, la Fondation Tony Elumelu (TEF) a cl\u00f4tur\u00e9 le 2e Forum d&#039;entrepreneuriat TEF \u2013 le plus grand rassemblement d&#039;entrepreneurs africains et le point culminant du programme annuel d&#039;entrepreneuriat TEF.<\/p>\n<p>Le Forum c\u00e9l\u00e8bre la cohorte 2016 des entrepreneurs Tony Elumelu \u2013 s\u00e9lectionn\u00e9s parmi plus de 45 000 candidats dans 54 pays africains \u2013 et leur ach\u00e8vement de la formation en ligne innovante de 12 semaines du programme. \u00c0 la fin du programme, les entrepreneurs Tony Elumelu deviennent membres du plus grand r\u00e9seau d&#039;anciens \u00e9l\u00e8ves entrepreneurs en Afrique.<\/p>\n<p>&quot;Le Forum TEF est la pi\u00e8ce ma\u00eetresse du programme d&#039;entrepreneuriat TEF et, \u00e0 travers lui, nous donnons dans la perspective de responsabiliser le b\u00e9n\u00e9ficiaire, au lieu de le rendre d\u00e9pendant de nous&quot;, a expliqu\u00e9 <strong>Tony O. Elumelu, CON.<\/strong>\u00ab En cons\u00e9quence, nos entrepreneurs changeront le visage de l\u2019Afrique, cr\u00e9ant une vague d\u2019entreprises africaines dynamiques, apportant de la richesse \u00e0 leurs communaut\u00e9s et \u00e0 leurs pays, et stimulant la croissance \u00e9conomique sur l\u2019ensemble du continent. \u00bb<\/p>\n<p>Parmi les intervenants du secteur public figuraient\u00a0:<\/p>\n<p>SEM Ernest Bai Koroma, Pr\u00e9sident de la Sierra Leone<br \/>\nPr\u00e9sident Olusegun Obasanjo, ancien pr\u00e9sident du Nig\u00e9ria<br \/>\nPremier ministre Lionel Zinsou, ancien Premier ministre de la R\u00e9publique du B\u00e9nin<br \/>\nAh. Lai Mohammed, Ministre de l&#039;Information, du Tourisme et de la Culture<\/p>\n<p>Parmi les intervenants du secteur priv\u00e9 figuraient\u00a0:<\/p>\n<p>Kennedy Uzoka, PDG du groupe United Bank for Africa (UBA)<br \/>\nMme Folorunso Alakija, vice-pr\u00e9sidente de Famfa Oil<br \/>\nSegun Awolowo, PDG du Conseil nig\u00e9rian de promotion des exportations<br \/>\nClem Ugorji, directeur des affaires publiques et de la communication, Coca-Cola Afrique de l&#039;Ouest<br \/>\nEmeke Iweriebor, PDG r\u00e9gional d&#039;UBA Afrique (francophone)<br \/>\nMatthew Pearson, responsable des ventes d&#039;actions africaines chez ICBC Standard Bank<br \/>\nSam Nwanze, directeur des investissements chez Heirs Holdings<\/p>\n<p>Visitez le site Web du TEF Forum pour une liste compl\u00e8te des intervenants\u00a0: https:\/\/tonyelumelufoundation.org\/programme\/tefforum2016\/speakers\/<\/p>\n<p>Dans le cadre de l&#039;engagement de 100 millions de $ sur 10 ans du programme d&#039;entrepreneuriat du TEF, les participants sont d\u00e9sormais \u00e9ligibles pour recevoir jusqu&#039;\u00e0 10 000 $ de capital d&#039;amor\u00e7age pour mettre en \u0153uvre leurs plans d&#039;affaires.<\/p>\n<p><strong>Parminder Vir OBE, PDG du TEF<\/strong> a d\u00e9clar\u00e9 : \u00ab Nous sommes fiers d\u2019avoir cr\u00e9\u00e9 une plateforme unique permettant aux entrepreneurs africains de nouer des relations et des partenariats commerciaux. Ce faisant, nous cr\u00e9ons un \u00e9cosyst\u00e8me qui favorise l\u2019innovation et la collaboration, \u00e0 une \u00e9chelle que peu de gens croyaient possible.<\/p>\n<p>Le Forum permet aux entrepreneurs de partager et d&#039;acqu\u00e9rir des connaissances, de nouer des partenariats transfrontaliers et d&#039;entrer en contact avec des investisseurs et des d\u00e9cideurs politiques. La premi\u00e8re journ\u00e9e a \u00e9t\u00e9 marqu\u00e9e par des panels pl\u00e9ni\u00e8res, des masterclasses, des discussions de style TED et des opportunit\u00e9s de r\u00e9seautage sp\u00e9cifiques au secteur. La deuxi\u00e8me journ\u00e9e \u00e9tait une r\u00e9union ax\u00e9e sur les politiques, ax\u00e9e sur l&#039;am\u00e9lioration d&#039;un environnement favorable.<\/p>\n<p>L&#039;investissement \u00e0 long terme de la Fondation dans l&#039;autonomisation des entrepreneurs africains est embl\u00e9matique de la philosophie de l&#039;Africapitalisme de Tony Elumelu, qui positionne le secteur priv\u00e9 africain, et surtout les entrepreneurs, comme le catalyseur du d\u00e9veloppement social et \u00e9conomique du continent.<\/p>","protected":false},"excerpt":{"rendered":"<p>Lagos, Nigeria, 30 octobre 2016 - Hier, la Fondation Tony Elumelu (TEF) a cl\u00f4tur\u00e9 le 2e Forum de l'entrepreneuriat TEF - le plus grand rassemblement d'entrepreneurs africains et le point culminant du programme annuel d'entrepreneuriat TEF. Le Forum c\u00e9l\u00e8bre la cohorte 2016 des Entrepreneurs Tony Elumelu - s\u00e9lectionn\u00e9s parmi plus de 45 000 candidats dans 54 pays africains - ...<\/p>","protected":false},"author":21,"featured_media":282,"comment_status":"closed","ping_status":"closed","sticky":false,"template":"","format":"standard","meta":{"_exactmetrics_skip_tracking":false,"_exactmetrics_sitenote_active":false,"_exactmetrics_sitenote_note":"","_exactmetrics_sitenote_category":0,"cybocfi_hide_featured_image":"","footnotes":""},"categories":[18],"tags":[],"class_list":["post-5412","post","type-post","status-publish","format-standard","has-post-thumbnail","hentry","category-news"],"_links":{"self":[{"href":"https:\/\/www.tonyelumelufoundation.org\/fr\/wp-json\/wp\/v2\/posts\/5412","targetHints":{"allow":["GET"]}}],"collection":[{"href":"https:\/\/www.tonyelumelufoundation.org\/fr\/wp-json\/wp\/v2\/posts"}],"about":[{"href":"https:\/\/www.tonyelumelufoundation.org\/fr\/wp-json\/wp\/v2\/types\/post"}],"author":[{"embeddable":true,"href":"https:\/\/www.tonyelumelufoundation.org\/fr\/wp-json\/wp\/v2\/users\/21"}],"replies":[{"embeddable":true,"href":"https:\/\/www.tonyelumelufoundation.org\/fr\/wp-json\/wp\/v2\/comments?post=5412"}],"version-history":[{"count":0,"href":"https:\/\/www.tonyelumelufoundation.org\/fr\/wp-json\/wp\/v2\/posts\/5412\/revisions"}],"wp:featuredmedia":[{"embeddable":true,"href":"https:\/\/www.tonyelumelufoundation.org\/fr\/wp-json\/wp\/v2\/media\/282"}],"wp:attachment":[{"href":"https:\/\/www.tonyelumelufoundation.org\/fr\/wp-json\/wp\/v2\/media?parent=5412"}],"wp:term":[{"taxonomy":"category","embeddable":true,"href":"https:\/\/www.tonyelumelufoundation.org\/fr\/wp-json\/wp\/v2\/categories?post=5412"},{"taxonomy":"post_tag","embeddable":true,"href":"https:\/\/www.tonyelumelufoundation.org\/fr\/wp-json\/wp\/v2\/tags?post=5412"}],"curies":[{"name":"wp","href":"https:\/\/api.w.org\/{rel}","templated":true}]}}