{"id":5416,"date":"2017-10-25T15:57:02","date_gmt":"2017-10-25T15:57:02","guid":{"rendered":"http:\/\/www.tonyelumelufoundation.org\/?p=4268"},"modified":"2018-11-16T14:40:48","modified_gmt":"2018-11-16T14:40:48","slug":"presentations-de-la-session-du-forum-tef-2017","status":"publish","type":"post","link":"https:\/\/www.tonyelumelufoundation.org\/fr\/articles\/tef-forum-2017-session-presentations","title":{"rendered":"Pr\u00e9sentations des sessions du Forum TEF 2017"},"content":{"rendered":"<p><a href=\"https:\/\/www.tonyelumelufoundation.org\/fr\/tef-forum2017\/\">Forum sur l&#039;entrepreneuriat de la Fondation Tony Elumelu (Forum TEF)<\/a> est le rassemblement le plus inclusif d&#039;entrepreneurs africains, o\u00f9 plus de 54 pays africains repr\u00e9sent\u00e9s rencontrent des chefs d&#039;entreprise, des entrepreneurs \u00e9tablis et des d\u00e9cideurs politiques pour forger des partenariats, partager des id\u00e9es et fa\u00e7onner des solutions con\u00e7ues en Afrique pour acc\u00e9l\u00e9rer la transformation de l&#039;Afrique.<\/p>\n<p>Le rassemblement est le point culminant du programme d&#039;entrepreneuriat TEF, l&#039;engagement de notre fondateur de 100 millions de dollars pour identifier, former, encadrer et autonomiser 10 000 entrepreneurs africains sur 10 ans.<\/p>\n<p>L&#039;\u00e9dition 2017 du Forum sur l&#039;entrepreneuriat de la Fondation Tony Elumelu a pr\u00e9sent\u00e9 des sessions d&#039;apprentissage interactives entre les entrepreneurs africains, d&#039;une part, et les leaders d&#039;opinion, les investisseurs et les entrepreneurs chevronn\u00e9s, d&#039;autre part. C\u2019\u00e9tait un rassemblement de tout l\u2019\u00e9cosyst\u00e8me entrepreneurial africain.<\/p>\n<p>Si vous avez manqu\u00e9 les s\u00e9ances, cliquez sur l&#039;un des liens ci-dessous pour parcourir les pr\u00e9sentations ou regarder la vid\u00e9o<\/p>\n<p><a href=\"https:\/\/www.tonyelumelufoundation.org\/fr\/nouvelles-2\/discours-de-tony-elumelus-au-forum-dentrepreneuriat-de-la-fondation-tony-elumelu-2017\/\">Discours de Tony O. Elumelu<\/a><\/p>\n<p><a href=\"https:\/\/www.tonyelumelufoundation.org\/fr\/nouvelles-2\/discours-du-vice-president-professeur-yemi-osinbajos-discours-au-forum-dentrepreneuriat-du-tef-2017\/\">Discours du vice-pr\u00e9sident, professeur Yemi Osinbajo<\/a><\/p>\n<p><a href=\"https:\/\/www.tonyelumelufoundation.org\/uploads\/2017\/10\/TEF-FORUM-2017_Alhaji-Dangotes-Presentation.pdf\">S\u00e9ance avec Alhaji Aliko Dangote, PDG du groupe Dangote<\/a><\/p>\n<p><a href=\"https:\/\/www.tonyelumelufoundation.org\/uploads\/2017\/10\/TEF-FORUM-2017_Digital-Marketing-Masterclass_Tope-Adubi.pdf\">Marketing num\u00e9rique avec Tope Adubi<\/a><\/p>\n<p><a href=\"https:\/\/www.tonyelumelufoundation.org\/uploads\/2017\/10\/TEF-FORUM-2017_Digital-Marketing-Masterclass_Kathleen-Ndongmo.pdf\">Marketing num\u00e9rique avec Kathleen Ndgongmo<\/a><\/p>\n<p><a href=\"https:\/\/www.tonyelumelufoundation.org\/uploads\/2017\/10\/TEF-FORUM-2017_Digital-Marketing-Masterclass_Debola-Williams.pdf\">Marketing num\u00e9rique avec Debola Williams<\/a><\/p>\n<p><a href=\"https:\/\/tonyelumelufoundation.org\/wp-content\/uploads\/2017\/10\/TEF-FORUM-2017_Finance-Masterclass_Managing-Taxes-for-Small-Businesses_Moshood-Olajide-1.pdf\">Masterclass en finance avec Moshood Olajide<\/a><\/p>\n<p><a href=\"https:\/\/www.tonyelumelufoundation.org\/uploads\/2017\/10\/TEF-FORUM-2017_Finance-Masterclass_Are-You-Investor-Ready_Bunmi-Akinremi.pdf\">Masterclass en finance avec Bunmi Akinremi<\/a><\/p>\n<p><a href=\"https:\/\/www.tonyelumelufoundation.org\/uploads\/2017\/10\/TEF-FORUM-2017_Finance-Masterclass_-Seed-to-Scale-Sourcing-Finance-_Dapo-Okubadejo.pdf\">Masterclass en Finance avec Dapo Okubadejo<\/a><\/p>\n<p><a href=\"https:\/\/www.tonyelumelufoundation.org\/uploads\/2017\/10\/TEF-FORUM-2017_Greentec_Presentation.pdf\">S\u00e9ance en petits groupes avec Greentec<\/a><\/p>","protected":false},"excerpt":{"rendered":"<p>Le Forum de l'entrepreneuriat de la Fondation Tony Elumelu (TEF Forum) est le rassemblement le plus inclusif d'entrepreneurs africains, o\u00f9 plus de 54 pays africains repr\u00e9sent\u00e9s rencontrent des chefs d'entreprise, des entrepreneurs \u00e9tablis et des d\u00e9cideurs politiques pour forger des partenariats, partager des id\u00e9es et fa\u00e7onner des solutions africaines afin d'acc\u00e9l\u00e9rer la transformation de l'Afrique. Ce rassemblement est le point culminant du programme d'entrepreneuriat du TEF, ...<\/p>","protected":false},"author":21,"featured_media":4208,"comment_status":"closed","ping_status":"closed","sticky":false,"template":"","format":"standard","meta":{"_exactmetrics_skip_tracking":false,"_exactmetrics_sitenote_active":false,"_exactmetrics_sitenote_note":"","_exactmetrics_sitenote_category":0,"cybocfi_hide_featured_image":"","footnotes":""},"categories":[20],"tags":[],"class_list":["post-5416","post","type-post","status-publish","format-standard","has-post-thumbnail","hentry","category-articles"],"_links":{"self":[{"href":"https:\/\/www.tonyelumelufoundation.org\/fr\/wp-json\/wp\/v2\/posts\/5416","targetHints":{"allow":["GET"]}}],"collection":[{"href":"https:\/\/www.tonyelumelufoundation.org\/fr\/wp-json\/wp\/v2\/posts"}],"about":[{"href":"https:\/\/www.tonyelumelufoundation.org\/fr\/wp-json\/wp\/v2\/types\/post"}],"author":[{"embeddable":true,"href":"https:\/\/www.tonyelumelufoundation.org\/fr\/wp-json\/wp\/v2\/users\/21"}],"replies":[{"embeddable":true,"href":"https:\/\/www.tonyelumelufoundation.org\/fr\/wp-json\/wp\/v2\/comments?post=5416"}],"version-history":[{"count":0,"href":"https:\/\/www.tonyelumelufoundation.org\/fr\/wp-json\/wp\/v2\/posts\/5416\/revisions"}],"wp:featuredmedia":[{"embeddable":true,"href":"https:\/\/www.tonyelumelufoundation.org\/fr\/wp-json\/wp\/v2\/media\/4208"}],"wp:attachment":[{"href":"https:\/\/www.tonyelumelufoundation.org\/fr\/wp-json\/wp\/v2\/media?parent=5416"}],"wp:term":[{"taxonomy":"category","embeddable":true,"href":"https:\/\/www.tonyelumelufoundation.org\/fr\/wp-json\/wp\/v2\/categories?post=5416"},{"taxonomy":"post_tag","embeddable":true,"href":"https:\/\/www.tonyelumelufoundation.org\/fr\/wp-json\/wp\/v2\/tags?post=5416"}],"curies":[{"name":"wp","href":"https:\/\/api.w.org\/{rel}","templated":true}]}}