{"id":5438,"date":"2018-04-16T15:07:15","date_gmt":"2018-04-16T15:07:15","guid":{"rendered":"http:\/\/www.tonyelumelufoundation.org\/?p=5044"},"modified":"2018-04-16T15:07:15","modified_gmt":"2018-04-16T15:07:15","slug":"elumelu-ouvre-un-forum-sur-leconomie-numerique-pour-lafrique-avec-le-president-de-la-banque-mondiale-et-le-pdg-de-linkedin","status":"publish","type":"post","link":"https:\/\/www.tonyelumelufoundation.org\/fr\/news\/elumelu-opens-digital-economy-for-africa-forum-with-world-bank-president-and-linkedin-ceo","title":{"rendered":"Elumelu ouvre le forum sur l&#039;\u00e9conomie num\u00e9rique pour l&#039;Afrique avec le pr\u00e9sident de la Banque mondiale et le PDG de LinkedIn"},"content":{"rendered":"<p>Premi\u00e8re publication <a href=\"http:\/\/report.ng\/elumelu-opens-digital-economy-for-africa-forum-with-world-bank-president-and-linkedin-ceo\/\" target=\"_blank\" rel=\"noopener\">ici<\/a><\/p>\n<p>Pr\u00e9sident de Heirs Holdings et fondateur de la Fondation Tony Elumelu, Tony O. Elumelu rejoindra Jim Yong Kim, pr\u00e9sident du Groupe de la Banque mondiale et Jeff Weiner, PDG de LinkedIn lors du d\u00e9bat d&#039;ouverture du Forum \u00ab L&#039;\u00e9conomie num\u00e9rique pour l&#039;Afrique \u00bb \u00e0 Washington, DC. organis\u00e9e par le Groupe de la Banque mondiale.<\/p>\n<p>L&#039;\u00e9v\u00e9nement, qui se tiendra le 19 avril 2018 au complexe principal du Groupe de la Banque mondiale, servira \u00e9galement \u00e0 lancer l&#039;initiative \u00c9conomie num\u00e9rique pour l&#039;Afrique du Groupe de la Banque mondiale en collaboration avec la SFI, dans le cadre d&#039;un effort important pour r\u00e9aliser le potentiel num\u00e9rique de l&#039;Afrique.<\/p>\n<p>Suivez Heirs Holdings sur Twitter\u00a0<a href=\"https:\/\/twitter.com\/Heirs_Holdings\" target=\"_blank\" rel=\"noopener\">ici<\/a> pour rejoindre la conversation en temps r\u00e9el.<\/p>","protected":false},"excerpt":{"rendered":"<p>Premi\u00e8re publication ici Pr\u00e9sident de Heirs Holdings et fondateur de la Fondation Tony Elumelu, Tony O. Elumelu se joindra \u00e0 Jim Yong Kim, pr\u00e9sident du Groupe de la Banque mondiale, et \u00e0 Jeff Weiner, PDG de LinkedIn, lors du d\u00e9bat d'ouverture du forum \u2018\u00c9conomie num\u00e9rique pour l'Afrique\u2019 organis\u00e9 par le Groupe de la Banque mondiale \u00e0 Washington. L'\u00e9v\u00e9nement, qui se tiendra le ...<\/p>","protected":false},"author":21,"featured_media":0,"comment_status":"closed","ping_status":"closed","sticky":false,"template":"","format":"standard","meta":{"_exactmetrics_skip_tracking":false,"_exactmetrics_sitenote_active":false,"_exactmetrics_sitenote_note":"","_exactmetrics_sitenote_category":0,"cybocfi_hide_featured_image":"","footnotes":""},"categories":[20,18],"tags":[],"class_list":["post-5438","post","type-post","status-publish","format-standard","hentry","category-articles","category-news"],"_links":{"self":[{"href":"https:\/\/www.tonyelumelufoundation.org\/fr\/wp-json\/wp\/v2\/posts\/5438","targetHints":{"allow":["GET"]}}],"collection":[{"href":"https:\/\/www.tonyelumelufoundation.org\/fr\/wp-json\/wp\/v2\/posts"}],"about":[{"href":"https:\/\/www.tonyelumelufoundation.org\/fr\/wp-json\/wp\/v2\/types\/post"}],"author":[{"embeddable":true,"href":"https:\/\/www.tonyelumelufoundation.org\/fr\/wp-json\/wp\/v2\/users\/21"}],"replies":[{"embeddable":true,"href":"https:\/\/www.tonyelumelufoundation.org\/fr\/wp-json\/wp\/v2\/comments?post=5438"}],"version-history":[{"count":0,"href":"https:\/\/www.tonyelumelufoundation.org\/fr\/wp-json\/wp\/v2\/posts\/5438\/revisions"}],"wp:attachment":[{"href":"https:\/\/www.tonyelumelufoundation.org\/fr\/wp-json\/wp\/v2\/media?parent=5438"}],"wp:term":[{"taxonomy":"category","embeddable":true,"href":"https:\/\/www.tonyelumelufoundation.org\/fr\/wp-json\/wp\/v2\/categories?post=5438"},{"taxonomy":"post_tag","embeddable":true,"href":"https:\/\/www.tonyelumelufoundation.org\/fr\/wp-json\/wp\/v2\/tags?post=5438"}],"curies":[{"name":"wp","href":"https:\/\/api.w.org\/{rel}","templated":true}]}}