{"id":628,"date":"2012-05-30T12:25:53","date_gmt":"2012-05-30T12:25:53","guid":{"rendered":"http:\/\/www.tonyelumelufoundation.org\/?post_type=pressrelease&#038;p=628"},"modified":"2018-11-16T11:44:06","modified_gmt":"2018-11-16T11:44:06","slug":"le-programme-de-developpement-du-leadership-de-la-fondation-tony-elumelu-demarre-sa-deuxieme-annee","status":"publish","type":"post","link":"https:\/\/www.tonyelumelufoundation.org\/fr\/news\/tony-elumelu-foundations-leadership-development-programme-starts-second-year","title":{"rendered":"Le programme de d\u00e9veloppement du leadership de la Fondation Tony Elumelu d\u00e9marre sa deuxi\u00e8me ann\u00e9e"},"content":{"rendered":"<p style=\"text-align: justify;\">S&#039;appuyant sur le lancement r\u00e9ussi de son programme de stages sur les march\u00e9s africains (AMIP) pour les \u00e9tudiants et dipl\u00f4m\u00e9s du MBA en 2011, <a href=\"https:\/\/www.tonyelumelufoundation.org\/fr\/\" target=\"_blank\">La Fondation Tony Elumelu (TEF)<\/a> est heureux d&#039;annoncer que le programme pr\u00e9sentera une s\u00e9lection plus large de pays africains au cours de sa deuxi\u00e8me ann\u00e9e, passant de trois \u00e0 sept pays r\u00e9partis \u00e0 travers l&#039;Afrique de l&#039;Est, de l&#039;Ouest, centrale et australe.<\/p>\n<p>AMIP, le programme phare de d\u00e9veloppement du leadership de la Fondation, est con\u00e7u pour contribuer \u00e0 am\u00e9liorer la comp\u00e9titivit\u00e9 des entreprises du secteur priv\u00e9 \u00e0 forte croissance en Afrique tout en pr\u00e9sentant certains des jeunes talents les plus brillants du monde aux postes de direction \u00e0 travers l&#039;Afrique.<\/p>\n<p style=\"text-align: justify;\">La deuxi\u00e8me \u00e9dition de l&#039;AMIP, qui d\u00e9butera le 31 mai 2012, verra plus de 30 associ\u00e9s du programme travailler dans des entreprises d\u00e9tenues ou exploit\u00e9es par des Africains \u00e0 Abuja et Lagos, au Nigeria ; Accra, Ghana; Dakar, S\u00e9n\u00e9gal; Douala, Cameroun ; Kigali, Rwanda\u00a0; Lusaka, Zambie\u00a0; et Nairobi, Kenya. Les associ\u00e9s doivent travailler sur des projets strat\u00e9giques \u00e0 court terme et \u00e0 fort impact pendant leur s\u00e9jour dans leur entreprise d&#039;accueil.<\/p>\n<p style=\"text-align: justify;\">&quot;La diffusion de l&#039;AMIP \u00e0 travers l&#039;Afrique est passionnante car en tant que fondation panafricaine, nous commen\u00e7ons \u00e0 prendre conscience de notre pr\u00e9sence dans le d\u00e9veloppement du leadership des entreprises \u00e0 travers l&#039;Afrique, maintenant que nous avons tripl\u00e9 nos partenariats avec les entreprises h\u00f4tes&quot;, d\u00e9clare Efe Osagie Odeleye, responsable du programme AMIP au TEF. . \u00ab Le programme est d\u00e9sormais beaucoup plus int\u00e9ressant car nous avons affaire \u00e0 des entreprises, des langues, des cultures et des secteurs suppl\u00e9mentaires. Nos associ\u00e9s s\u00e9lectionn\u00e9s sont des personnes hautement comp\u00e9titives, capables de r\u00e9agir positivement \u00e0 la nouvelle port\u00e9e de l&#039;AMIP \u00e0 travers l&#039;Afrique.<\/p>\n<p style=\"text-align: justify;\">Les associ\u00e9s proviennent d&#039;\u00e9coles de premier plan en Afrique, en Europe et aux \u00c9tats-Unis. Les \u00e9coles comprennent la Lagos Business School ; \u00c9cole de commerce de l&#039;Universit\u00e9 du Ghana\u00a0; Centre Africain d&#039;Etudes Sup\u00e9rieures en Gestion (CESAG), S\u00e9n\u00e9gal ; L&#039;\u00e9cole de commerce de l&#039;Universit\u00e9 de Capetown, Afrique du Sud\u00a0; \u00c9cole de commerce de Londres\u00a0; et IESE, Espagne. Les associ\u00e9s viennent \u00e9galement de programmes de MBA aux \u00c9tats-Unis tels que la Yale University School of Management ; \u00c9cole de gestion Fuqua de l&#039;Universit\u00e9 Duke\u00a0; \u00c9cole de commerce Thunderbird\u00a0; La Booth School of Business de l&#039;Universit\u00e9 de Chicago\u00a0; L&#039;\u00c9cole de commerce Ross de l&#039;Universit\u00e9 du Michigan\u00a0; \u00c9cole de gestion Krannert de l&#039;Universit\u00e9 Purdue\u00a0; L&#039;\u00c9cole de commerce George Washington\u00a0; et l&#039;Universit\u00e9 Vanderbilt.<\/p>\n<p style=\"text-align: justify;\">\u00abBeaucoup de mes cours en \u00e9cole de commerce m&#039;ont pr\u00e9par\u00e9 \u00e0 ce programme\u00bb, d\u00e9clare Adenike Jemiyo, \u00e9tudiante en deuxi\u00e8me ann\u00e9e de MBA \u00e0 la Lagos Business School qui se rend \u00e0 Nairobi en tant qu&#039;associ\u00e9e en gestion de projet chez Seven Seas Technologies, un fournisseur de services int\u00e9gr\u00e9s d&#039;affaires et solutions technologiques \u00e0 travers l&#039;Afrique dans le gouvernement et les secteurs de la finance, des t\u00e9l\u00e9communications, de l&#039;immobilier et des services. \u00ab J\u2019ai h\u00e2te de mettre ces comp\u00e9tences \u00e0 profit et d\u2019avoir un impact. \u00bb<\/p>\n<p style=\"text-align: justify;\">Une autre innovation du programme 2012 est l&#039;inclusion d&#039;entit\u00e9s du secteur public en contact avec le secteur priv\u00e9 en tant qu&#039;h\u00f4tes. TEF pilote cette ann\u00e9e son expansion vers le secteur public avec la Capital Markets Authority de Nairobi, r\u00e9gulateur des march\u00e9s de capitaux du Kenya, ainsi qu&#039;avec la Securities and Exchange Commission (SEC) d&#039;Abuja, au Nigeria. Co-Creation Hub (CcHub), le premier laboratoire vivant ouvert et espace de pr\u00e9-incubation du Nig\u00e9ria, et avec lequel TEF s&#039;associe d\u00e9j\u00e0 dans le cadre d&#039;une initiative d&#039;innovation technologique sociale, est \u00e9galement impliqu\u00e9 dans l&#039;AMIP cette ann\u00e9e. Parmi les autres soci\u00e9t\u00e9s h\u00f4tes figurent Injaro Investments, une soci\u00e9t\u00e9 de capital-risque bas\u00e9e \u00e0 Accra qui r\u00e9alise des investissements \u00e0 impact dans l&#039;agriculture et d&#039;autres domaines o\u00f9 les besoins sont \u00e9lev\u00e9s en Afrique\u00a0; Mit Chimie, une entreprise de plastique et de produits chimiques en pleine croissance \u00e0 Douala ; Manobi SA, un op\u00e9rateur de services de donn\u00e9es mobiles \u00e0 Dakar ; Uniongold Ltd., une soci\u00e9t\u00e9 d&#039;investissement \u00e0 Lusaka ; et l&#039;\u00c9cole de Finance et de Banque de Kigali.<\/p>\n<p style=\"text-align: justify;\">\u00ab Le besoin de renforcer les capacit\u00e9s de gestion n&#039;a jamais \u00e9t\u00e9 aussi grand dans le monde, et particuli\u00e8rement en Afrique \u00bb, d\u00e9clare Daniel Annerose, PDG\/Directeur g\u00e9n\u00e9ral de Manobi. \u00abNous sommes tr\u00e8s heureux de participer \u00e0 cet effort de la Fondation Tony Elumelu pour aider les jeunes hommes et femmes visionnaires qui seront le moteur du succ\u00e8s de ce continent.\u00bb<\/p>\n<p style=\"text-align: justify;\">Les associ\u00e9s devront produire des livrables li\u00e9s \u00e0 leurs fonctions professionnelles et bas\u00e9s sur les probl\u00e8mes pr\u00e9sent\u00e9s et les solutions requises par chaque entreprise h\u00f4te. Les projets vont du d\u00e9veloppement de nouveaux produits et des strat\u00e9gies d&#039;expansion \u00e0 la restructuration organisationnelle. Cela donnera aux associ\u00e9s une occasion rare de travailler en \u00e9troite collaboration avec des entrepreneurs et des \u00e9quipes de direction, de produire et de faire des pr\u00e9sentations aux dirigeants et d&#039;\u00e9clairer la prise de d\u00e9cision.<\/p>\n<p style=\"text-align: justify;\">\u00ab \u00c0 la Fondation Tony Elumelu, nous pensons que m\u00eame si les entreprises africaines disposent du capital dont elles ont besoin pour se lancer ou fonctionner, elles manquent souvent de leadership ou de ressources entrepreneuriales pour g\u00e9rer le capital dont elles disposent \u00bb, d\u00e9clare le Dr Wiebe K. Boer. \u00ab C\u2019est l\u2019une des raisons pour lesquelles nous avons lanc\u00e9 l\u2019AMIP, et je suis ravi que le programme ait une port\u00e9e encore plus grande \u00e0 travers l\u2019Afrique cette ann\u00e9e. \u00bb<\/p>\n<h4>\u00c0 propos de la Fondation Tony Elumelu<\/h4>\n<p style=\"text-align: justify;\">La Fondation Tony Elumelu est une institution \u00e0 but non lucratif bas\u00e9e en Afrique et financ\u00e9e par l&#039;Afrique, qui se consacre \u00e0 la promotion et \u00e0 la c\u00e9l\u00e9bration de l&#039;excellence en mati\u00e8re de leadership d&#039;entreprise et d&#039;entrepreneuriat \u00e0 travers l&#039;Afrique. En tant que philanthropie catalytique du 21e si\u00e8cle, la Fondation s&#039;engage dans la transformation \u00e9conomique de l&#039;Afrique en am\u00e9liorant la comp\u00e9titivit\u00e9 et la croissance du secteur priv\u00e9 africain. Fond\u00e9e par Tony O. Elumelu, MFR, la Fondation identifie et aborde les d\u00e9fis syst\u00e9miques qui freinent les entrepreneurs africains. Pour plus d&#039;informations sur la Fondation Tony Elumelu, <a href=\"https:\/\/www.tonyelumelufoundation.org\/fr\/\" target=\"_blank\">Cliquez ici<\/a>.<\/p>\n<h4>\u00c0 propos du programme de stages sur les march\u00e9s africains (AMIP)<\/h4>\n<p style=\"text-align: justify;\">Le programme de stages sur les march\u00e9s africains (AMIP) de la Fondation Tony Elumelu est un programme de leadership con\u00e7u pour donner aux \u00e9tudiants de MBA passionn\u00e9s par le d\u00e9veloppement \u00e9conomique de l&#039;Afrique l&#039;opportunit\u00e9 d&#039;acqu\u00e9rir une exp\u00e9rience directe des affaires sur les march\u00e9s \u00e9mergents, de d\u00e9velopper des comp\u00e9tences essentielles et de construire un r\u00e9seau dans le domaines de l\u2019entrepreneuriat professionnel et de la gestion d\u2019entreprise dans toute l\u2019Afrique. Pour plus d&#039;informations, cliquez ici pour visiter la page AMIP de la Fondation Tony Elumelu.<\/p>\n<p style=\"text-align: justify;\">Pour plus d&#039;information veuillez contacter:<\/p>\n<p>JeNika P. Mukoro<\/p>\n<p>Directrice, marketing et communications corporatives<\/p>\n<p><a href=\"mailto:jenika.mukoro@tonyelumelufoundation.org\" target=\"_blank\">jenika.mukoro@tonyelumelufoundation.org<\/a><\/p>","protected":false},"excerpt":{"rendered":"<p>S'appuyant sur le lancement r\u00e9ussi de son programme de stages sur les march\u00e9s africains (AMIP) pour les \u00e9tudiants et dipl\u00f4m\u00e9s MBA en 2011, la Fondation Tony Elumelu (TEF) a le plaisir d'annoncer que le programme pr\u00e9sentera une plus grande s\u00e9lection de pays africains dans sa deuxi\u00e8me ann\u00e9e, passant de trois \u00e0 sept pays qui se r\u00e9partissent entre l'est, l'ouest, le centre ...<\/p>","protected":false},"author":21,"featured_media":629,"comment_status":"open","ping_status":"open","sticky":false,"template":"","format":"standard","meta":{"_exactmetrics_skip_tracking":false,"_exactmetrics_sitenote_active":false,"_exactmetrics_sitenote_note":"","_exactmetrics_sitenote_category":0,"cybocfi_hide_featured_image":"","footnotes":""},"categories":[18],"tags":[],"class_list":["post-628","post","type-post","status-publish","format-standard","has-post-thumbnail","hentry","category-news"],"_links":{"self":[{"href":"https:\/\/www.tonyelumelufoundation.org\/fr\/wp-json\/wp\/v2\/posts\/628","targetHints":{"allow":["GET"]}}],"collection":[{"href":"https:\/\/www.tonyelumelufoundation.org\/fr\/wp-json\/wp\/v2\/posts"}],"about":[{"href":"https:\/\/www.tonyelumelufoundation.org\/fr\/wp-json\/wp\/v2\/types\/post"}],"author":[{"embeddable":true,"href":"https:\/\/www.tonyelumelufoundation.org\/fr\/wp-json\/wp\/v2\/users\/21"}],"replies":[{"embeddable":true,"href":"https:\/\/www.tonyelumelufoundation.org\/fr\/wp-json\/wp\/v2\/comments?post=628"}],"version-history":[{"count":0,"href":"https:\/\/www.tonyelumelufoundation.org\/fr\/wp-json\/wp\/v2\/posts\/628\/revisions"}],"wp:featuredmedia":[{"embeddable":true,"href":"https:\/\/www.tonyelumelufoundation.org\/fr\/wp-json\/wp\/v2\/media\/629"}],"wp:attachment":[{"href":"https:\/\/www.tonyelumelufoundation.org\/fr\/wp-json\/wp\/v2\/media?parent=628"}],"wp:term":[{"taxonomy":"category","embeddable":true,"href":"https:\/\/www.tonyelumelufoundation.org\/fr\/wp-json\/wp\/v2\/categories?post=628"},{"taxonomy":"post_tag","embeddable":true,"href":"https:\/\/www.tonyelumelufoundation.org\/fr\/wp-json\/wp\/v2\/tags?post=628"}],"curies":[{"name":"wp","href":"https:\/\/api.w.org\/{rel}","templated":true}]}}