{"id":7199,"date":"2018-10-30T11:20:35","date_gmt":"2018-10-30T11:20:35","guid":{"rendered":"http:\/\/tonyelumelufoundation.org\/?p=7199"},"modified":"2018-10-30T16:39:20","modified_gmt":"2018-10-30T16:39:20","slug":"met-en-lumiere-le-forum-dentrepreneuriat-de-tony-elumelu","status":"publish","type":"post","link":"https:\/\/www.tonyelumelufoundation.org\/fr\/news\/highlights-the-tony-elumelu-entrepreneurship-forum","title":{"rendered":"Temps forts\u00a0: Le Forum sur l&#039;entrepreneuriat Tony Elumelu"},"content":{"rendered":"<div dir=\"ltr\"><\/div>\n<div dir=\"ltr\">Alors que la quatri\u00e8me \u00e9dition du Forum sur l&#039;entrepreneuriat de la Fondation Tony Elumelu (TEF) touche \u00e0 sa fin, nous r\u00e9fl\u00e9chissons aux activit\u00e9s engageantes et passionnantes qui ont une fois de plus positionn\u00e9 ce forum comme le plus grand rassemblement d&#039;entrepreneurs africains.<\/div>\n<div><\/div>\n<div dir=\"ltr\">Le forum de cette ann\u00e9e a offert aux entrepreneurs africains, invit\u00e9s et autres dignitaires importants une exp\u00e9rience inoubliable.<\/div>\n<div dir=\"ltr\"><\/div>\n<div dir=\"ltr\"><img fetchpriority=\"high\" decoding=\"async\" class=\"size-medium wp-image-7209 aligncenter\" src=\"https:\/\/tonyelumelufoundation.org\/wp-content\/uploads\/2018\/10\/DAGE8871-300x200.jpg\" alt=\"\" width=\"300\" height=\"200\" srcset=\"https:\/\/www.tonyelumelufoundation.org\/wp-content\/uploads\/2018\/10\/DAGE8871-300x200.jpg 300w, https:\/\/www.tonyelumelufoundation.org\/wp-content\/uploads\/2018\/10\/DAGE8871-768x512.jpg 768w, https:\/\/www.tonyelumelufoundation.org\/wp-content\/uploads\/2018\/10\/DAGE8871-1024x683.jpg 1024w\" sizes=\"(max-width: 300px) 100vw, 300px\" \/><\/div>\n<div><\/div>\n<div dir=\"ltr\">Voici les \u00e9v\u00e9nements majeurs qui ont rendu cet \u00e9v\u00e9nement inoubliable :<\/div>\n<div><\/div>\n<div dir=\"ltr\">Chidimma Ugbojiaku, responsable de la sant\u00e9 et de la s\u00e9curit\u00e9 (HSE) de TenOil Energy, a donn\u00e9 une conf\u00e9rence sur la sant\u00e9 et la s\u00e9curit\u00e9 aux entrepreneurs et \u00e0 tous ceux qui \u00e9taient pr\u00e9sents pour commencer la journ\u00e9e.<\/div>\n<div><\/div>\n<div dir=\"ltr\">Le PDG de la Fondation Tony Elumelu, Parminder Vir, a souhait\u00e9 la bienvenue aux entrepreneurs. Dans son discours, elle a c\u00e9l\u00e9br\u00e9 le parcours du programme d&#039;entrepreneuriat de la Fondation Tony Elumelu jusqu&#039;\u00e0 pr\u00e9sent, soulignant certaines des r\u00e9alisations majeures enregistr\u00e9es. Ces r\u00e9alisations concernent la cr\u00e9ation d\u2019emplois, la g\u00e9n\u00e9ration de revenus et les objectifs de durabilit\u00e9.<\/div>\n<div><\/div>\n<div dir=\"ltr\">Ifeyinwa Ugochukwu, directrice des partenariats \u00e0 la Fondation Tony Elumelu, a pr\u00e9sent\u00e9 les partenaires \u2013 Comit\u00e9 international de la Croix-Rouge (CICR), Programme des Nations Unies pour le d\u00e9veloppement (PNUD) et Deutsche Gesellschaft f\u00fcr Internationale Zusammenarbeit (GIZ) \u2013 de la Fondation Tony Elumelu. Elle a expliqu\u00e9 les raisons pour lesquelles la Fondation a ouvert le programme d&#039;entrepreneuriat aux partenaires, soulignant la n\u00e9cessit\u00e9 de redonner au continent africain.<\/div>\n<div dir=\"ltr\"><\/div>\n<div dir=\"ltr\"><img decoding=\"async\" class=\"size-medium wp-image-7215 aligncenter\" src=\"https:\/\/tonyelumelufoundation.org\/wp-content\/uploads\/2018\/10\/Partners_TEFforum20181-300x200.jpg\" alt=\"\" width=\"300\" height=\"200\" srcset=\"https:\/\/www.tonyelumelufoundation.org\/wp-content\/uploads\/2018\/10\/Partners_TEFforum20181-300x200.jpg 300w, https:\/\/www.tonyelumelufoundation.org\/wp-content\/uploads\/2018\/10\/Partners_TEFforum20181-768x512.jpg 768w, https:\/\/www.tonyelumelufoundation.org\/wp-content\/uploads\/2018\/10\/Partners_TEFforum20181-1024x683.jpg 1024w, https:\/\/www.tonyelumelufoundation.org\/wp-content\/uploads\/2018\/10\/Partners_TEFforum20181.jpg 1080w\" sizes=\"(max-width: 300px) 100vw, 300px\" \/><\/div>\n<div><\/div>\n<div dir=\"ltr\">Les partenaires, habilement repr\u00e9sent\u00e9s par Eloi Fillion (chef du CICR Nigeria), Samuel Bwalya (directeur pays du PNUD Nigeria) et Helge Michael Sato (gestionnaire de portefeuille GIZ) ont tous parl\u00e9 individuellement de ce que leurs partenariats respectifs avec la Fondation Tony Elumelu signifient pour leurs organisations.<\/div>\n<div dir=\"ltr\"><\/div>\n<div><\/div>\n<div dir=\"ltr\">Bola Atta, responsable du marketing et des communications d&#039;entreprise du Groupe UBA, a reconnu la pr\u00e9sence de dignitaires du secteur public \u00e0 l&#039;\u00e9v\u00e9nement et a parl\u00e9 du r\u00f4le des collaborations des secteurs priv\u00e9 et public dans l&#039;\u00e9radication de la pauvret\u00e9 en Afrique. Apr\u00e8s cela, elle a pr\u00e9sent\u00e9 le gouverneur Mohammed Abdullahi Abubakar de l&#039;\u00c9tat de Bauchi et le s\u00e9nateur Abubakar Atiku Bagudu, gouverneur de l&#039;\u00c9tat de Kebbi.<\/div>\n<div dir=\"ltr\"><\/div>\n<div><\/div>\n<div dir=\"ltr\">L&#039;administrateur du TEF et PDG d&#039;AVON Medical a remis des prix aux anciens entrepreneurs et mentors qui se sont distingu\u00e9s par leurs r\u00e9alisations exceptionnelles dans l&#039;\u00e9cosyst\u00e8me \u00e9conomique africain.<\/div>\n<div dir=\"ltr\"><\/div>\n<div dir=\"ltr\"><img decoding=\"async\" class=\"size-medium wp-image-7216 aligncenter\" src=\"https:\/\/tonyelumelufoundation.org\/wp-content\/uploads\/2018\/10\/DAGE7843-300x200.jpg\" alt=\"\" width=\"300\" height=\"200\" srcset=\"https:\/\/www.tonyelumelufoundation.org\/wp-content\/uploads\/2018\/10\/DAGE7843-300x200.jpg 300w, https:\/\/www.tonyelumelufoundation.org\/wp-content\/uploads\/2018\/10\/DAGE7843-768x512.jpg 768w, https:\/\/www.tonyelumelufoundation.org\/wp-content\/uploads\/2018\/10\/DAGE7843-1024x683.jpg 1024w\" sizes=\"(max-width: 300px) 100vw, 300px\" \/><\/div>\n<div><\/div>\n<div dir=\"ltr\">Ancr\u00e9s par la correspondante de la BBC, Mayeni Jones, les entrepreneurs ont particip\u00e9 \u00e0 un passionnant concours de pitch pour r\u00e9v\u00e9ler le candidat ayant l&#039;id\u00e9e d&#039;entreprise la plus pr\u00eate \u00e0 investir. Ils ont eu trois minutes pour pr\u00e9senter leur argumentaire devant un jury d&#039;experts compos\u00e9 de Sam Nwanze, Lanre Da Silva-Ajayi, Oluchi Orlandi et Alessia Balducci.<\/div>\n<div dir=\"ltr\"><\/div>\n<div dir=\"ltr\">Apr\u00e8s chaque pitch, chaque membre du jury a donn\u00e9 aux entrepreneurs des conseils d&#039;experts tir\u00e9s de leur riche exp\u00e9rience en affaires.<\/div>\n<div dir=\"ltr\"><\/div>\n<div><\/div>\n<div dir=\"ltr\">Le GMD du Groupe UBA, M. Kennedy Uzoka, a remerci\u00e9 la Fondation Tony Elumelu pour son travail dans l&#039;\u00e9cosyst\u00e8me de l&#039;entrepreneuriat. Il a \u00e9galement conseill\u00e9 aux entrepreneurs de continuer \u00e0 travailler sur leurs id\u00e9es et \u00e0 les am\u00e9liorer pour rester uniques, affirmant qu&#039;il est impossible d&#039;emp\u00eacher les gens d&#039;essayer d&#039;imiter leurs id\u00e9es.<\/div>\n<div dir=\"ltr\"><\/div>\n<div><\/div>\n<div dir=\"ltr\">Parminder Vir a annonc\u00e9 le gagnant du concours : Mahassin Quadri, TEF Entrepreneur 2015.<\/div>\n<div dir=\"ltr\"><\/div>\n<div dir=\"ltr\">Lors de la session suivante, l&#039;administrateur du TEF, fondateur d&#039;Avon Medical et champion de GAVI pour la vaccination en Afrique, le Dr Awele V. Elumelu, a rejoint la correspondante africaine de CNNMoney, Eleni Giokos, pour une discussion au coin du feu. Ils ont discut\u00e9 de l&#039;importance des partenariats entre les secteurs priv\u00e9 et public pour l&#039;\u00e9conomie africaine, du soutien du gouvernement au secteur de la sant\u00e9, notamment \u00e0 travers le financement, et de l&#039;importance d&#039;investir dans la femme africaine.<\/div>\n<div dir=\"ltr\"><\/div>\n<div><\/div>\n<div dir=\"ltr\">Le PDG de la Fondation Tony Elumelu, Parminder Vir, a pr\u00e9sent\u00e9 le documentaire Tony Elumelu Foundation Impact \u00e0 toutes les personnes pr\u00e9sentes, parmi lesquelles notre fondateur, M. Tony O. Elumelu, le pr\u00e9sident Nana Akufo-Addo du Ghana et le pr\u00e9sident Uhuru Kenyatta du Kenya qui ont rejoint le forum via un diffusion en direct en ligne. Le documentaire pr\u00e9sentait le travail de nos diff\u00e9rents entrepreneurs sur place dans leurs diff\u00e9rents lieux d&#039;affaires, leurs victoires, leurs d\u00e9fis, leurs \u00e9checs et leurs perspectives en affaires.<\/div>\n<div dir=\"ltr\"><\/div>\n<div><\/div>\n<div dir=\"ltr\">Le pr\u00e9sident Uhuru Kenyatta a adress\u00e9 un message de bonne volont\u00e9 \u00e0 M. Tony O. Elumelu et aux entrepreneurs pr\u00e9sents au forum. Il a salu\u00e9 le travail de la fondation et de son fondateur, M. Elumelu, affirmant son soutien \u00e0 la croissance de l&#039;entrepreneuriat en Afrique. Il a en outre encourag\u00e9 les entrepreneurs \u00e0 saisir les opportunit\u00e9s et \u00e0 se rappeler que rien n&#039;est impossible. Enfin, il a implor\u00e9 les d\u00e9cideurs politiques et les dirigeants de cr\u00e9er des politiques qui facilitent l\u2019instauration d\u2019un environnement sain permettant aux jeunes entrepreneurs de s\u2019\u00e9panouir.<\/div>\n<div dir=\"ltr\"><\/div>\n<div dir=\"ltr\"><\/div>\n<div dir=\"ltr\">Ensuite, c&#039;\u00e9tait le point culminant de l&#039;\u00e9v\u00e9nement.<\/div>\n<div dir=\"ltr\">Le pr\u00e9sident Nana Akufo-Addo et le fondateur de la Fondation Tony Elumelu, Tony O. Elumelu, ont pris part au dialogue du fondateur pour discuter de l&#039;\u00e9cosyst\u00e8me de l&#039;entrepreneuriat africain, du r\u00f4le du gouvernement dans la croissance de l&#039;\u00e9conomie et des opportunit\u00e9s qui existent en Afrique. Le pr\u00e9sident a parl\u00e9 des programmes organis\u00e9s au Ghana pour soutenir et autonomiser les entrepreneurs du pays. En outre, il a soulign\u00e9 l&#039;importance des petites et moyennes entreprises dans la croissance de l&#039;\u00e9conomie et la n\u00e9cessit\u00e9 de changer le discours africain qui pr\u00e9sente le continent comme un lieu ayant besoin d&#039;aide ou d&#039;aide.<\/div>\n<div dir=\"ltr\"><\/div>\n<div><\/div>\n<div dir=\"ltr\">Tony O. Elumelu a f\u00e9licit\u00e9 les entrepreneurs du TEF pour leur dynamisme et leur volont\u00e9 de d\u00e9velopper l&#039;\u00e9conomie africaine. Il a \u00e9galement r\u00e9it\u00e9r\u00e9 que la transformation de l&#039;Afrique ne peut se produire sans le soutien des gouvernements et des dirigeants politiques, car ces jeunes Africains ont besoin d&#039;un environnement op\u00e9rationnel ad\u00e9quat pour r\u00e9ussir. Le dialogue s&#039;est termin\u00e9 par une s\u00e9ance de questions et r\u00e9ponses au cours de laquelle les entrepreneurs ont eu l&#039;occasion de leur poser des questions.<\/div>\n<div><\/div>\n<div dir=\"ltr\"><\/div>\n<div dir=\"ltr\">Le pr\u00e9sident du Ghana et M. Tony O. Elumelu ont \u00e9t\u00e9 rejoints sur sc\u00e8ne par le PDG de la Fondation Parminder Vir, le gouverneur Mohammed Abdullahi Abubakar de l&#039;\u00c9tat de Bauchi, le s\u00e9nateur Abubakar Atiku Bagudu, le gouverneur de l&#039;\u00c9tat de Kebbi, le Dr Awele V. Elumelu, les partenaires du TEF. , d&#039;autres dignitaires et le sp\u00e9cialiste de l&#039;information commerciale de la Fondation, Folarin Aiyegbusi, pour lancer TEFConnect : la plus grande plateforme au monde pour les entrepreneurs africains et l&#039;\u00e9cosyst\u00e8me entrepreneurial dans son ensemble.<\/div>\n<div dir=\"ltr\"><\/div>\n<div><\/div>\n<div dir=\"ltr\">M. Tony Elumelu et le pr\u00e9sident Nana Akufo-Addo ont visit\u00e9 le march\u00e9 TEF o\u00f9 les entrepreneurs du TEF ont pr\u00e9sent\u00e9 leurs produits et services avec grand style.<\/div>\n<div dir=\"ltr\"><\/div>\n<div><\/div>\n<div dir=\"ltr\">Le responsable du programme d&#039;entrepreneuriat, Uwem Uwemakpan, a anim\u00e9 la f\u00eate des anciens \u00e9l\u00e8ves, dynamisant la foule apr\u00e8s une journ\u00e9e passionnante. Le point culminant de la f\u00eate est survenu lorsque la c\u00e9l\u00e8bre danseuse nig\u00e9riane Kaffy et la chanteuse nig\u00e9riane Flavor ont offert \u00e0 la foule leurs performances.<\/div>\n<div dir=\"ltr\"><\/div>\n<div dir=\"ltr\">Retrouvez tous les moments forts sur #TEFforum2018 et sur nos pages de r\u00e9seaux sociaux<\/div>","protected":false},"excerpt":{"rendered":"<p>Alors que la quatri\u00e8me \u00e9dition du Forum de l'entrepreneuriat de la Fondation Tony Elumelu (TEF) touche \u00e0 sa fin, nous nous rem\u00e9morons les activit\u00e9s engageantes et passionnantes qui ont une nouvelle fois fait de ce forum le plus grand rassemblement d'entrepreneurs africains. Le forum de cette ann\u00e9e a permis aux entrepreneurs africains, aux invit\u00e9s et \u00e0 d'autres dignitaires importants de vivre une exp\u00e9rience unique. Voici ...<\/p>","protected":false},"author":21,"featured_media":7031,"comment_status":"open","ping_status":"open","sticky":false,"template":"","format":"standard","meta":{"_exactmetrics_skip_tracking":false,"_exactmetrics_sitenote_active":false,"_exactmetrics_sitenote_note":"","_exactmetrics_sitenote_category":0,"cybocfi_hide_featured_image":"","footnotes":""},"categories":[18],"tags":[],"class_list":["post-7199","post","type-post","status-publish","format-standard","has-post-thumbnail","hentry","category-news"],"_links":{"self":[{"href":"https:\/\/www.tonyelumelufoundation.org\/fr\/wp-json\/wp\/v2\/posts\/7199","targetHints":{"allow":["GET"]}}],"collection":[{"href":"https:\/\/www.tonyelumelufoundation.org\/fr\/wp-json\/wp\/v2\/posts"}],"about":[{"href":"https:\/\/www.tonyelumelufoundation.org\/fr\/wp-json\/wp\/v2\/types\/post"}],"author":[{"embeddable":true,"href":"https:\/\/www.tonyelumelufoundation.org\/fr\/wp-json\/wp\/v2\/users\/21"}],"replies":[{"embeddable":true,"href":"https:\/\/www.tonyelumelufoundation.org\/fr\/wp-json\/wp\/v2\/comments?post=7199"}],"version-history":[{"count":0,"href":"https:\/\/www.tonyelumelufoundation.org\/fr\/wp-json\/wp\/v2\/posts\/7199\/revisions"}],"wp:featuredmedia":[{"embeddable":true,"href":"https:\/\/www.tonyelumelufoundation.org\/fr\/wp-json\/wp\/v2\/media\/7031"}],"wp:attachment":[{"href":"https:\/\/www.tonyelumelufoundation.org\/fr\/wp-json\/wp\/v2\/media?parent=7199"}],"wp:term":[{"taxonomy":"category","embeddable":true,"href":"https:\/\/www.tonyelumelufoundation.org\/fr\/wp-json\/wp\/v2\/categories?post=7199"},{"taxonomy":"post_tag","embeddable":true,"href":"https:\/\/www.tonyelumelufoundation.org\/fr\/wp-json\/wp\/v2\/tags?post=7199"}],"curies":[{"name":"wp","href":"https:\/\/api.w.org\/{rel}","templated":true}]}}