{"id":8269,"date":"2019-04-03T20:00:03","date_gmt":"2019-04-03T20:00:03","guid":{"rendered":"http:\/\/tonyelumelufoundation.org\/?p=8269"},"modified":"2024-06-03T12:12:54","modified_gmt":"2024-06-03T11:12:54","slug":"ifeyinwa-ugochukwu","status":"publish","type":"post","link":"https:\/\/www.tonyelumelufoundation.org\/fr\/articles\/ifeyinwa-ugochukwu","title":{"rendered":"Ifeyinwa Ugochukwu"},"content":{"rendered":"<p><span class=\"x_spelle\">Ifeyinwa<\/span><span class=\"x_apple-converted-space\">\u00a0<\/span>Ugochukwu est avocat et d\u00e9fenseur passionn\u00e9 du pouvoir transformateur de l\u2019entrepreneuriat en tant que cl\u00e9 du d\u00e9veloppement \u00e9conomique de l\u2019Afrique.<\/p>\n<p>Nomm\u00e9 en avril 2019 troisi\u00e8me Directeur G\u00e9n\u00e9ral de The Tony<span class=\"x_apple-converted-space\">\u00a0<\/span><span class=\"x_spelle\">Elumelu<\/span><span class=\"x_apple-converted-space\">\u00a0<\/span>Foundation (TEF), premi\u00e8re philanthropie d&#039;Afrique,<span class=\"x_apple-converted-space\">\u00a0<\/span><span class=\"x_spelle\">Ifeyinwa<\/span><span class=\"x_apple-converted-space\">\u00a0<\/span>a la particularit\u00e9 d\u2019\u00eatre le premier Africain \u00e0 occuper ce poste.<\/p>\n<p><span class=\"x_spelle\">Ifeyinwa<\/span><span class=\"x_apple-converted-space\">\u00a0<\/span>rejoint le<span class=\"x_apple-converted-space\">\u00a0<\/span><a href=\"https:\/\/www.tonyelumelufoundation.org\/fr\/nouvelles-2\/la-fondation-tony-elumelu-lance-sa-publicite-tele-2024\/\" target=\"_blank\" rel=\"noopener noreferrer\" data-auth=\"NotApplicable\">Tony<span class=\"x_apple-converted-space\">\u00a0<\/span><span class=\"x_spelle\">Elumelu<\/span><span class=\"x_apple-converted-space\">\u00a0<\/span>Fondation<\/a><span class=\"x_apple-converted-space\">\u00a0<\/span>en 2017 en tant que directrice des partenariats et des \u00e9valuations, poste qu&#039;elle a occup\u00e9 pendant deux ans. \u00c0 ce poste, elle a d\u00e9velopp\u00e9 le cadre institutionnel de la Fondation pour les partenariats financiers et \u00e0 valeur ajout\u00e9e afin d&#039;\u00e9tendre l&#039;impact de l&#039;US$100m.<span class=\"x_apple-converted-space\">\u00a0<\/span><a href=\"https:\/\/www.tonyelumelufoundation.org\/fr\/programmes\/\" target=\"_blank\" rel=\"noopener noreferrer\" data-auth=\"NotApplicable\">Programme d'entrepreneuriat TEF<\/a><span class=\"x_apple-converted-space\">\u00a0<\/span>au-del\u00e0 de son objectif initial de responsabiliser 10 000 entrepreneurs.<span class=\"x_apple-converted-space\">\u00a0<\/span>\u00a0Les partenariats strat\u00e9giques qui en ont r\u00e9sult\u00e9 avec des gouvernements, des institutions de financement du d\u00e9veloppement, des organisations multilat\u00e9rales et des organisations priv\u00e9es ont conduit \u00e0 une s\u00e9lection record de 3\u00a0050 entrepreneurs en 2019.<\/p>\n<p class=\"x_MsoNormal\">En tant que PDG,<span class=\"x_apple-converted-space\">\u00a0<\/span><span class=\"x_spelle\">Ifeyinwa<\/span><span class=\"x_apple-converted-space\">\u00a0<\/span>est responsable du d\u00e9veloppement global et de la mise en \u0153uvre des initiatives de la Fondation, supervisant ses op\u00e9rations quotidiennes, y compris le programme d&#039;entrepreneuriat TEF,\u00a0<a href=\"https:\/\/tefconnect.com\/\" target=\"_blank\" rel=\"noopener noreferrer\" data-auth=\"NotApplicable\"><span class=\"x_spelle\">TEFConnect<\/span><\/a>\u00a0\u2013 la plateforme de r\u00e9seautage num\u00e9rique pour les entrepreneurs africains, le suivi et l\u2019\u00e9valuation, la recherche et l\u2019engagement des anciens \u00e9l\u00e8ves. Elle dirige \u00e9galement le positionnement, le partenariat et l&#039;engagement de la Fondation avec l&#039;\u00e9cosyst\u00e8me de d\u00e9veloppement au sens large alors que le TEF se lance dans sa prochaine \u00e9tape d&#039;\u00e9chelle, d&#039;impact \u00e9largi et d&#039;exploration intelligente de ses donn\u00e9es exclusives sur l&#039;entrepreneuriat africain.<\/p>\n<p class=\"x_MsoNormal\">Ifeyinwa Ugochukwu est une leader confirm\u00e9e dot\u00e9e d&#039;une vision commerciale et de la capacit\u00e9 de rassembler les gens, tirant parti de ses connaissances et de sa perspective mondiale alors que la Fondation ex\u00e9cute sa strat\u00e9gie visant \u00e0 transformer l&#039;Afrique par l&#039;entrepreneuriat tout en apportant de la valeur \u00e0 l&#039;Afrique et aux Africains gr\u00e2ce aux milliers d&#039;entrepreneurs qu&#039;elle a d\u00e9j\u00e0 habilit\u00e9s. et bien d\u2019autres milliers \u00e0 venir.<\/p>","protected":false},"excerpt":{"rendered":"<p>Ifeyinwa Ugochukwu est avocate et passionn\u00e9e par le pouvoir de transformation de l'entrepreneuriat comme cl\u00e9 du d\u00e9veloppement \u00e9conomique de l'Afrique. Nomm\u00e9e en avril 2019 troisi\u00e8me directrice g\u00e9n\u00e9rale de la Fondation Tony Elumelu (TEF), la principale philanthropie africaine, Ifeyinwa a la particularit\u00e9 d'\u00eatre la premi\u00e8re Africaine \u00e0 occuper ce poste. Ifeyinwa a rejoint la Fondation Tony Elumelu en 2017 en tant que ...<\/p>","protected":false},"author":21,"featured_media":459,"comment_status":"closed","ping_status":"open","sticky":false,"template":"","format":"standard","meta":{"_exactmetrics_skip_tracking":false,"_exactmetrics_sitenote_active":false,"_exactmetrics_sitenote_note":"","_exactmetrics_sitenote_category":0,"cybocfi_hide_featured_image":"","footnotes":""},"categories":[20],"tags":[],"class_list":["post-8269","post","type-post","status-publish","format-standard","has-post-thumbnail","hentry","category-articles"],"_links":{"self":[{"href":"https:\/\/www.tonyelumelufoundation.org\/fr\/wp-json\/wp\/v2\/posts\/8269","targetHints":{"allow":["GET"]}}],"collection":[{"href":"https:\/\/www.tonyelumelufoundation.org\/fr\/wp-json\/wp\/v2\/posts"}],"about":[{"href":"https:\/\/www.tonyelumelufoundation.org\/fr\/wp-json\/wp\/v2\/types\/post"}],"author":[{"embeddable":true,"href":"https:\/\/www.tonyelumelufoundation.org\/fr\/wp-json\/wp\/v2\/users\/21"}],"replies":[{"embeddable":true,"href":"https:\/\/www.tonyelumelufoundation.org\/fr\/wp-json\/wp\/v2\/comments?post=8269"}],"version-history":[{"count":0,"href":"https:\/\/www.tonyelumelufoundation.org\/fr\/wp-json\/wp\/v2\/posts\/8269\/revisions"}],"wp:featuredmedia":[{"embeddable":true,"href":"https:\/\/www.tonyelumelufoundation.org\/fr\/wp-json\/wp\/v2\/media\/459"}],"wp:attachment":[{"href":"https:\/\/www.tonyelumelufoundation.org\/fr\/wp-json\/wp\/v2\/media?parent=8269"}],"wp:term":[{"taxonomy":"category","embeddable":true,"href":"https:\/\/www.tonyelumelufoundation.org\/fr\/wp-json\/wp\/v2\/categories?post=8269"},{"taxonomy":"post_tag","embeddable":true,"href":"https:\/\/www.tonyelumelufoundation.org\/fr\/wp-json\/wp\/v2\/tags?post=8269"}],"curies":[{"name":"wp","href":"https:\/\/api.w.org\/{rel}","templated":true}]}}