{"id":8966,"date":"2019-07-05T14:41:34","date_gmt":"2019-07-05T14:41:34","guid":{"rendered":"https:\/\/www.tonyelumelufoundation.org\/?p=8966"},"modified":"2024-03-11T09:47:35","modified_gmt":"2024-03-11T08:47:35","slug":"faq-sur-le-programme-dentrepreneuriat-des-jeunes-du-pnud-et-du-tef","status":"publish","type":"post","link":"https:\/\/www.tonyelumelufoundation.org\/fr\/news\/the-tef-undp-youth-entrepreneurship-programme-faqs","title":{"rendered":"FAQ sur le programme d&#039;entrepreneuriat des jeunes du TEF-PNUD"},"content":{"rendered":"<p>Le Programme des Nations Unies pour le D\u00e9veloppement (PNUD) et la Fondation Tony Elumelu (TEF) ont lanc\u00e9 le&nbsp;<strong>TEF \u2013 Programme d\u2019entrepreneuriat des jeunes du PNUD<\/strong>&nbsp;pour donner \u00e0 100 000 jeunes entrepreneurs africains suppl\u00e9mentaires au cours des 10 prochaines ann\u00e9es un capital d\u2019amor\u00e7age, une formation en gestion d\u2019entreprise et un mentorat.<\/p>\n<p>Ce programme d\u00e9coule de l'approche \u00e9prouv\u00e9e de la Fondation en mati\u00e8re de philanthropie, qui donne la priorit\u00e9 aux entrepreneurs africains en tant qu'acteurs cl\u00e9s du d\u00e9veloppement \u00e9conomique.<\/p>\n<p>La premi\u00e8re phase de ce partenariat est mise en \u0153uvre cette ann\u00e9e (2019) et permettra d&#039;autonomiser 2\u00a0100 entrepreneurs des pays suivants de la r\u00e9gion du Sahel et du lac Tchad : Burkina Faso, Cameroun, Tchad, Mali, Mauritanie, Niger et Nigeria.<\/p>\n<p>Nous avons pr\u00e9par\u00e9 des r\u00e9ponses \u00e0 vos \u00ab Questions fr\u00e9quemment pos\u00e9es \u00bb (FAQ) pour des \u00e9claircissements suppl\u00e9mentaires\u00a0:<\/p>\n<p><strong><u>FAQ<\/u><\/strong><\/p>\n<ol>\n<li><strong>Qu&#039;est-ce que le programme d&#039;entrepreneuriat des jeunes TEF-PNUD ?<\/strong><\/li>\n<\/ol>\n<p>Le programme d&#039;entrepreneuriat des jeunes TEF-PNUD est un partenariat entre le Programme des Nations Unies pour le d\u00e9veloppement (PNUD) et la Fondation Tony Elumelu (TEF) visant \u00e0 autonomiser 100 000 entrepreneurs suppl\u00e9mentaires sur 10 ans \u00e0 travers le continent africain.<\/p>\n<ol start=\"2\">\n<li><strong>Est-ce diff\u00e9rent du programme d\u2019entrepreneuriat de la Fondation Tony Elumelu lanc\u00e9 en 2015\u00a0?<\/strong><\/li>\n<\/ol>\n<p>Oui, c&#039;est diff\u00e9rent. Le programme d&#039;entrepreneuriat de la Fondation Tony Elumelu (TEF) est l&#039;initiative phare US$100m de la Fondation lanc\u00e9e en 2015 pour encadrer, former et financer 10 000 entrepreneurs africains sur 10 ans. Ce programme en est actuellement \u00e0 sa cinqui\u00e8me ann\u00e9e et a permis jusqu&#039;\u00e0 pr\u00e9sent de responsabiliser plus de 7 500 entrepreneurs dans les 54 pays africains.<\/p>\n<ol start=\"3\">\n<li><strong>Quels sont les crit\u00e8res de candidature \u00e0 la premi\u00e8re phase (2019) du programme d&#039;entrepreneuriat TEF-PNUD\u00a0?<\/strong><\/li>\n<\/ol>\n<p>Vous devez \u00eatre un entrepreneur africain r\u00e9sidant dans l&#039;un de ces pays r\u00e9pertori\u00e9s dans la r\u00e9gion du Sahel et du Lac Tchad\u00a0: Nigeria, Niger, Tchad, Cameroun, Mauritanie, Mali et Burkina Faso. Votre entreprise ne doit pas exister depuis plus de 3 ans. Les entreprises au stade de l\u2019id\u00e9e\/concept sont \u00e9galement encourag\u00e9es.<\/p>\n<ol start=\"4\">\n<li><strong>L\u2019\u00e9ligibilit\u00e9 pour les ann\u00e9es suivantes sera-t-elle la m\u00eame qu\u2019en 2019 ?<\/strong><\/li>\n<\/ol>\n<p>L&#039;accent est mis sur les pays du Sahel uniquement pour la phase pilote au cours de laquelle un premier groupe de 2 100 entrepreneurs de la r\u00e9gion du Sahel et du lac Tchad sera responsabilis\u00e9.<\/p>\n<ol start=\"5\">\n<li><strong>Puis-je postuler si je suis un ancien b\u00e9n\u00e9ficiaire du programme Entrepreneuriat TEF ?<\/strong><\/li>\n<\/ol>\n<p>Non, vous ne pouvez pas postuler si vous avez \u00e9t\u00e9 b\u00e9n\u00e9ficiaire du Programme Entrepreneuriat TEF. Ceci est ouvert aux entrepreneurs qui n\u2019ont pas b\u00e9n\u00e9fici\u00e9 de notre programme d\u2019entrepreneuriat.<\/p>\n<ol start=\"6\">\n<li><strong>Que gagneront les entrepreneurs africains du programme ?<\/strong><\/li>\n<\/ol>\n<p>Les entrepreneurs africains b\u00e9n\u00e9ficieront d\u2019un capital d\u2019amor\u00e7age non remboursable, d\u2019un acc\u00e8s \u00e0 une formation commerciale de 12 semaines et d\u2019un mentorat. Ils b\u00e9n\u00e9ficieront \u00e9galement d\u2019une visibilit\u00e9 et de nombreuses opportunit\u00e9s de r\u00e9seautage d\u2019affaires.<\/p>\n<ol start=\"7\">\n<li><strong>Combien de candidatures ont \u00e9t\u00e9 re\u00e7ues dans le cadre du Programme d\u2019entrepreneuriat TEF-PNUD 2019\u00a0?<\/strong><\/li>\n<\/ol>\n<p>Plus de 81 000 candidatures ont \u00e9t\u00e9 re\u00e7ues.<strong>&nbsp;<\/strong><strong>&nbsp;<\/strong><\/p>\n<ol start=\"8\">\n<li><strong>Quand a \u00e9t\u00e9 faite l\u2019annonce des candidats pr\u00e9s\u00e9lectionn\u00e9s pour la formation commerciale\u00a0?<\/strong><\/li>\n<\/ol>\n<p>Parmi plus de 81 000 candidats, les candidats pr\u00e9s\u00e9lectionn\u00e9s pour la formation commerciale ont \u00e9t\u00e9 annonc\u00e9s le 8 octobre 2019.&nbsp;<a href=\"http:\/\/www.tefconnect.com\/\" target=\"_blank\" rel=\"noopener\">www.tefconnect.com<\/a>&nbsp;&nbsp;et <a href=\"http:\/\/www.tonyelumelufoundation.org\/fr\/\">www.tonyelumelufoundation.org<\/a>&nbsp; pour la liste compl\u00e8te des candidats pr\u00e9s\u00e9lectionn\u00e9s.<\/p>\n<ol start=\"9\">\n<li><strong>Quel est le calendrier du programme d\u2019entrepreneuriat des jeunes TEF-PNUD\u00a0?<\/strong><\/li>\n<\/ol>\n<ul>\n<li style=\"list-style-type: none;\">\n<ul>\n<li>81 000 candidatures avaient \u00e9t\u00e9 re\u00e7ues au 20 ao\u00fbt<\/li>\n<li>5 240 personnes ont \u00e9t\u00e9 pr\u00e9s\u00e9lectionn\u00e9es en octobre pour recevoir une formation commerciale<\/li>\n<li>2 500 personnes seront pr\u00e9s\u00e9lectionn\u00e9es pour le concours de pitch en d\u00e9cembre<\/li>\n<li>Les 2 100 finalistes qui recevront un capital d&#039;amor\u00e7age seront annonc\u00e9s en d\u00e9cembre 2019.<strong>&nbsp;<\/strong><\/li>\n<\/ul>\n<\/li>\n<\/ul>\n<ol start=\"10\">\n<li><strong>Que gagneront les entrepreneurs pr\u00e9s\u00e9lectionn\u00e9s gr\u00e2ce au programme\u00a0?<\/strong><\/li>\n<\/ol>\n<p>Les entrepreneurs pr\u00e9s\u00e9lectionn\u00e9s auront acc\u00e8s \u00e0 une solide formation commerciale qui les \u00e9quipera pour l\u2019\u00e9laboration de leur plan d\u2019affaires et les pr\u00e9parera \u00e0 pr\u00e9senter leurs id\u00e9es commerciales.<\/p>\n<p>\u00c0 la fin de la formation, les entrepreneurs \u00e0 succ\u00e8s seront invit\u00e9s \u00e0 pr\u00e9senter leur plan d&#039;affaires pour avoir une chance d&#039;acc\u00e9der au capital d&#039;amor\u00e7age non remboursable.<\/p>\n<ol start=\"11\">\n<li><strong>Quand auront lieu les sessions de pitch ?<\/strong><\/li>\n<\/ol>\n<p>Des sessions de pitch d&#039;entrepreneurs ayant suivi la formation en ligne ou hors ligne auront lieu dans les 7 pays\u00a0; Burkina Faso, Cameroun, Tchad, Mali, Mauritanie, Niger et Nigeria en d\u00e9cembre 2019<\/p>\n<ol start=\"12\">\n<li><strong>Quand la liste d\u00e9finitive des entrepreneurs \u00e0 succ\u00e8s ayant acc\u00e8s au financement sera-t-elle annonc\u00e9e ?<\/strong><\/li>\n<\/ol>\n<p>Cette liste d\u00e9finitive des entrepreneurs qui auront acc\u00e8s au financement sera annonc\u00e9e dans quelques jours.<\/p>\n<p><span style=\"font-size: inherit;\">&nbsp; 13<span style=\"color: #000000;\">.&nbsp;&nbsp;&nbsp;&nbsp;<\/span><\/span><span style=\"color: #ff0000;\"><b style=\"font-size: inherit;\">O\u00f9 puis-je trouver plus d&#039;informations ?<\/b><\/span><\/p>\n<div>\n<p><b>&nbsp;<\/b><span lang=\"en-US\">Visitez le site du TEF :&nbsp;<\/span><span lang=\"en-US\"><u><a href=\"https:\/\/www.tonyelumelufoundation.org\/fr\/\" target=\"_blank\" rel=\"noopener noreferrer\">www.tonyelumelufoundation.org<\/a><\/u><\/span><span lang=\"en-US\">, nos pages de r\u00e9seaux sociaux ou visitez TEFConnect sur&nbsp;<\/span><span lang=\"en-US\"><u><a href=\"http:\/\/www.tefconnect.com\/\" target=\"_blank\" rel=\"noopener noreferrer\">www.tefconnect.com<\/a><\/u><\/span><span lang=\"en-US\">.<\/span><span lang=\"en-US\">&nbsp;<\/span><\/p>\n<\/div>\n<p>Pour en savoir plus \u00e0 ce sujet, cliquez sur <a href=\"https:\/\/www.tonyelumelufoundation.org\/fr\/des-articles-2\/le-pnud-sassocie-a-la-fondation-tony-elumelu-pour-autonomiser-100-000-jeunes-entrepreneurs-en-afrique\/\">ICI<\/a> pour le fran\u00e7ais et <a href=\"https:\/\/www.tonyelumelufoundation.org\/fr\/des-articles-2\/8988\/\">ICI<\/a> pour l&#039;anglais.<\/p>","protected":false},"excerpt":{"rendered":"<p>Le Programme des Nations Unies pour le d\u00e9veloppement (PNUD) et la Fondation Tony Elumelu (TEF) ont lanc\u00e9 le Programme d&#039;entrepreneuriat des jeunes TEF \u2013 PNUD pour donner \u00e0 100 000 jeunes entrepreneurs africains suppl\u00e9mentaires au cours des 10 prochaines ann\u00e9es un capital d&#039;amor\u00e7age, une formation en gestion d&#039;entreprise et un mentorat. Ce programme est n\u00e9 de l&#039;approche philanthropique \u00e9prouv\u00e9e de la Fondation qui donne la priorit\u00e9 aux entrepreneurs africains\u2026<\/p>","protected":false},"author":21,"featured_media":9023,"comment_status":"closed","ping_status":"open","sticky":false,"template":"","format":"standard","meta":{"_exactmetrics_skip_tracking":false,"_exactmetrics_sitenote_active":false,"_exactmetrics_sitenote_note":"","_exactmetrics_sitenote_category":0,"cybocfi_hide_featured_image":"","footnotes":""},"categories":[665,66,18,63],"tags":[],"class_list":["post-8966","post","type-post","status-publish","format-standard","has-post-thumbnail","hentry","category-faqs","category-media-kit","category-news","category-press-releases"],"_links":{"self":[{"href":"https:\/\/www.tonyelumelufoundation.org\/fr\/wp-json\/wp\/v2\/posts\/8966","targetHints":{"allow":["GET"]}}],"collection":[{"href":"https:\/\/www.tonyelumelufoundation.org\/fr\/wp-json\/wp\/v2\/posts"}],"about":[{"href":"https:\/\/www.tonyelumelufoundation.org\/fr\/wp-json\/wp\/v2\/types\/post"}],"author":[{"embeddable":true,"href":"https:\/\/www.tonyelumelufoundation.org\/fr\/wp-json\/wp\/v2\/users\/21"}],"replies":[{"embeddable":true,"href":"https:\/\/www.tonyelumelufoundation.org\/fr\/wp-json\/wp\/v2\/comments?post=8966"}],"version-history":[{"count":0,"href":"https:\/\/www.tonyelumelufoundation.org\/fr\/wp-json\/wp\/v2\/posts\/8966\/revisions"}],"wp:featuredmedia":[{"embeddable":true,"href":"https:\/\/www.tonyelumelufoundation.org\/fr\/wp-json\/wp\/v2\/media\/9023"}],"wp:attachment":[{"href":"https:\/\/www.tonyelumelufoundation.org\/fr\/wp-json\/wp\/v2\/media?parent=8966"}],"wp:term":[{"taxonomy":"category","embeddable":true,"href":"https:\/\/www.tonyelumelufoundation.org\/fr\/wp-json\/wp\/v2\/categories?post=8966"},{"taxonomy":"post_tag","embeddable":true,"href":"https:\/\/www.tonyelumelufoundation.org\/fr\/wp-json\/wp\/v2\/tags?post=8966"}],"curies":[{"name":"wp","href":"https:\/\/api.w.org\/{rel}","templated":true}]}}