{"id":9021,"date":"2019-07-11T12:23:51","date_gmt":"2019-07-11T12:23:51","guid":{"rendered":"https:\/\/www.tonyelumelufoundation.org\/?p=9021"},"modified":"2019-07-12T11:25:26","modified_gmt":"2019-07-12T11:25:26","slug":"foire-aux-questions-a-quoi-attendre-du-programme-dentreprenariat-tef-pnud-pour-les-jeunes-du-sahel","status":"publish","type":"post","link":"https:\/\/www.tonyelumelufoundation.org\/fr\/news\/foire-aux-questions-a-quoi-sattendre-du-programme-dentreprenariat-tef-pnud-pour-les-jeunes-du-sahel","title":{"rendered":"FOIRE AUX QUESTIONS: \u00c0 QUOI S&#039;ATTENDRE DU PROGRAMME D&#039;ENTREPRENARIAT TEF-PNUD POUR LES JEUNES DU SAHEL"},"content":{"rendered":"<p>Le Programme des Nations Unies pour le D\u00e9veloppement (PNUD) et la Fondation Tony Elumelu (TEF) ont lanc\u00e9 le programme d&#039;entrepreneuriat TEF-PNUD pour les jeunes du Sahel pour autonomiser 100 000 jeunes entrepreneurs africains sur une p\u00e9riode de 10 ans avec un capital. de d\u00e9marrage, une formation commerciale et du mentorat. La premi\u00e8re phase de ce partenariat intitul\u00e9 \u00ab Programme d&#039;Entrepreneuriat TEF-PNUD pour les Jeunes du Sahel \u00bb sera mise en \u0153uvre cette ann\u00e9e (2019) et autonomisera 2 000 entrepreneurs des pays suivants dans les r\u00e9gions du Sahel et du Lac Tchad : Burkina Faso , Cameroun, Tchad, Mali, Mauritanie, Niger et Nigeria.<\/p>\n<p>Nous avons pr\u00e9par\u00e9 des r\u00e9ponses aux questions usuelles pour fournir des \u00e9claircissements suppl\u00e9mentaires.<\/p>\n<p><strong><u>FAQ<\/u><\/strong><\/p>\n<p><strong>1.Qu&#039;est-ce que le programme d&#039;entrepreneuriat TEF-PNUD pour les jeunes du Sahel ?<\/strong><\/p>\n<p>Le programme d&#039;entrepreneuriat TEF-PNUD pour les jeunes du Sahel est un partenariat entre le Programme des Nations Unies pour le D\u00e9veloppement (PNUD) et la Fondation Tony Elumelu (TEF) afin d&#039;autonomiser 100 000 entrepreneurs suppl\u00e9mentaires sur une p\u00e9riode de 10 ans. \u00e0 travers l&#039;Afrique.<\/p>\n<p><strong>2. Ce programme est-il diff\u00e9rent du programme d&#039;entrepreneuriat de la Fondation Tony Elumelu ?<\/strong><\/p>\n<p>Oui, il en est diff\u00e9rent. Le programme d&#039;entrepreneuriat de TEF est l&#039;initiative phare de 100 millions de dollars lanc\u00e9e par la Fondation Tony Elumelu en 2015 pour encadrer, former et financer 10 000 entrepreneurs africains sur une p\u00e9riode de 10 ans. Le programme est actuellement \u00e0 la cinqui\u00e8me ann\u00e9e de son engagement et a jusqu&#039;\u00e0 pr\u00e9sent autonomis\u00e9 plus de 7 500 entrepreneurs dans 54 pays africains.<\/p>\n<p><strong>3. Pour la phase pilote du partenariat TEF-PNUD intitul\u00e9e \u00ab Programme d&#039;Entreprenariat TEF-PNUD pour les Jeunes du Sahel \u00bb, quels sont les crit\u00e8res pour postuler ?<\/strong><\/p>\n<p>Vous devez \u00eatre un entrepreneur africain r\u00e9sidant dans l&#039;un des pays suivants des r\u00e9gions du Sahel et du Lac Tchad : le Nig\u00e9ria, le Niger, le Tchad, le Cameroun, la Mauritanie, le Mali et le Burkina Faso. Votre entreprise ne doit pas avoir plus de 3 ans. Les entreprises potentielles au stade d&#039;id\u00e9es sont encourag\u00e9es.<\/p>\n<p><strong>4. Les conditions d&#039;\u00e9ligibilit\u00e9 pour les ann\u00e9es suivantes seront-elles les m\u00eames qu&#039;en 2019 ?<\/strong><\/p>\n<p>Non. L&#039;accent mis sur les pays du Sahel ne concerne que la phase pilote o\u00f9 un groupe initial de 2 000 entrepreneurs des r\u00e9gions du Sahel et du Lac Tchad sera autonomis\u00e9e.<\/p>\n<p><strong>5. Pourrais-je postuler si j&#039;\u00e9tais un ancien b\u00e9n\u00e9ficiaire du programme d&#039;Entrepreneuriat de TEF?<\/strong><\/p>\n<p>Non, vous ne pouvez pas postuler si vous avez d\u00e9j\u00e0 retenu le programme d&#039;entrepreneuriat de TEF. Le programme TEF-PNUD n&#039;est ouvert qu&#039;aux entrepreneurs qui n&#039;ont pas \u00e9t\u00e9 b\u00e9n\u00e9ficiaires du programme de TEF.<\/p>\n<p><strong>6. Que gagneront les entrepreneurs africains du programme ?\u00a0<\/strong><\/p>\n<p>Les entrepreneurs africains auront acc\u00e8s \u00e0 un capital de d\u00e9marrage non remboursable, une formation commerciale et un mentorat de 12 semaines. Ils b\u00e9n\u00e9ficieront \u00e9galement d&#039;une visibilit\u00e9 et de nombreuses opportunit\u00e9s de r\u00e9seautage professionnel.<\/p>\n<p><strong>7. Quelle est la date limite pour postuler avant la cl\u00f4ture de la fen\u00eatre des candidatures 2019 ?<\/strong><\/p>\n<p>La date limite pour postuler \u00e0 l&#039;\u00e9dition 2019 est le 5 ao\u00fbt 2019.<\/p>\n<p><strong>8. O\u00f9 les entrepreneurs peuvent-ils postuler ?<\/strong><\/p>\n<p>Les candidatures seront trait\u00e9es sur <a href=\"http:\/\/www.tefconnect.com\/\" target=\"_blank\" rel=\"noopener\">TEFConnect<\/a>, la plus grande plateforme de r\u00e9seau num\u00e9rique destin\u00e9e aux entrepreneurs africains.<\/p>\n<p>Les entrepreneurs int\u00e9ress\u00e9s peuvent postuler sur <a href=\"http:\/\/www.tefconnect.com\/\" target=\"_blank\" rel=\"noopener\">www.tefconnect.com<\/a>ou se rendre dans l&#039;agence UBA (United Bank for Africa) la plus proche dans leur pays.<\/p>\n<p><strong>9. O\u00f9 pourrais-je avoir plus d&#039;informations ?<\/strong><\/p>\n<p>Visitez le site Internet du TEF :\u00a0<a href=\"https:\/\/www.tonyelumelufoundation.org\/fr\/\">www.tonyelumelufoundation.org<\/a>ou les pages de m\u00e9dias sociaux. Vous pourrez \u00e9galement visiter TEFConnect sur\u00a0<a href=\"http:\/\/www.tefconnect.com\/\" target=\"_blank\" rel=\"noopener\">www.tefconnect.com<\/a>.<\/p>\n<p>Postulez\u00a0<a href=\"https:\/\/tefconnect.com\/signup\" target=\"_blank\" rel=\"noopener\">ICI<\/a>!<\/p>\n<p>Pour en savoir plus sur ce sujet, cliquez <a href=\"https:\/\/www.tonyelumelufoundation.org\/fr\/des-articles-2\/le-pnud-sassocie-a-la-fondation-tony-elumelu-pour-autonomiser-100-000-jeunes-entrepreneurs-en-afrique-2\/\">ICI\u00a0<\/a>pour le fran\u00e7ais et <a href=\"https:\/\/www.tonyelumelufoundation.org\/fr\/des-articles-2\/le-pnud-sassocie-a-la-fondation-tony-elumelu-pour-autonomiser-100-000-jeunes-entrepreneurs-en-afrique\/\">L<\/a><u>UN\u00a0<\/u>pour l&#039;anglais.<\/p>\n<p>&nbsp;<\/p>","protected":false},"excerpt":{"rendered":"<p>Le Programme des Nations Unies pour le D\u00e9veloppement (PNUD) et la Fondation Tony Elumelu (TEF) ont lanc\u00e9 le programme d'entreprenariat TEF-PNUD pour les jeunes du Sahel pour autonomiser 100 000 jeunes entrepreneurs africains sur une p\u00e9riode de 10 ans avec un capital de d\u00e9marrage, une formation commerciale et du mentorat. La premi\u00e8re phase de ce ...<\/p>","protected":false},"author":21,"featured_media":9026,"comment_status":"open","ping_status":"open","sticky":false,"template":"","format":"standard","meta":{"_exactmetrics_skip_tracking":false,"_exactmetrics_sitenote_active":false,"_exactmetrics_sitenote_note":"","_exactmetrics_sitenote_category":0,"cybocfi_hide_featured_image":"","footnotes":""},"categories":[18,63],"tags":[],"class_list":["post-9021","post","type-post","status-publish","format-standard","has-post-thumbnail","hentry","category-news","category-press-releases"],"_links":{"self":[{"href":"https:\/\/www.tonyelumelufoundation.org\/fr\/wp-json\/wp\/v2\/posts\/9021","targetHints":{"allow":["GET"]}}],"collection":[{"href":"https:\/\/www.tonyelumelufoundation.org\/fr\/wp-json\/wp\/v2\/posts"}],"about":[{"href":"https:\/\/www.tonyelumelufoundation.org\/fr\/wp-json\/wp\/v2\/types\/post"}],"author":[{"embeddable":true,"href":"https:\/\/www.tonyelumelufoundation.org\/fr\/wp-json\/wp\/v2\/users\/21"}],"replies":[{"embeddable":true,"href":"https:\/\/www.tonyelumelufoundation.org\/fr\/wp-json\/wp\/v2\/comments?post=9021"}],"version-history":[{"count":0,"href":"https:\/\/www.tonyelumelufoundation.org\/fr\/wp-json\/wp\/v2\/posts\/9021\/revisions"}],"wp:featuredmedia":[{"embeddable":true,"href":"https:\/\/www.tonyelumelufoundation.org\/fr\/wp-json\/wp\/v2\/media\/9026"}],"wp:attachment":[{"href":"https:\/\/www.tonyelumelufoundation.org\/fr\/wp-json\/wp\/v2\/media?parent=9021"}],"wp:term":[{"taxonomy":"category","embeddable":true,"href":"https:\/\/www.tonyelumelufoundation.org\/fr\/wp-json\/wp\/v2\/categories?post=9021"},{"taxonomy":"post_tag","embeddable":true,"href":"https:\/\/www.tonyelumelufoundation.org\/fr\/wp-json\/wp\/v2\/tags?post=9021"}],"curies":[{"name":"wp","href":"https:\/\/api.w.org\/{rel}","templated":true}]}}