{"id":9125,"date":"2019-07-27T00:19:43","date_gmt":"2019-07-27T00:19:43","guid":{"rendered":"https:\/\/www.tonyelumelufoundation.org\/?p=9125"},"modified":"2019-07-28T00:40:37","modified_gmt":"2019-07-28T00:40:37","slug":"autonomiser-les-jeunes-entrepreneurs-africains-les-presidents-africains-et-les-dirigeants-mondiaux-abordent-la-creation-demplois-et-lautonomisation-des-jeunes-lors-du-forum-sur-lentrepr","status":"publish","type":"post","link":"https:\/\/www.tonyelumelufoundation.org\/fr\/news\/empowering-young-african-entrepreneurs-african-presidents-and-global-leaders-tackle-job-creation-youth-empowerment-at-the-2019-tony-elumelu-foundation-entrepreneurship-forum","title":{"rendered":"Autonomiser les jeunes entrepreneurs africains\u00a0: les pr\u00e9sidents africains et les dirigeants mondiaux s\u2019attaquent \u00e0 la cr\u00e9ation d\u2019emplois et \u00e0 l\u2019autonomisation des jeunes lors du Forum sur l\u2019entrepreneuriat 2019 de la Fondation Tony Elumelu"},"content":{"rendered":"<p>&nbsp;<\/p>\n<ul>\n<li><em>Plus de 5 000 participants et 60 intervenants sur 3 continents convergent vers le plus grand rassemblement d&#039;entrepreneurs africains<\/em><\/li>\n<li><em>150 propri\u00e9taires de PME de 20 pays africains exposent au UBA Marketplace<\/em><\/li>\n<\/ul>\n<p>Lors du 5 r\u00e9cemment conclu<sup>th<\/sup>\u00a0\u00e9dition du Forum sur l&#039;entrepreneuriat de la Fondation Tony Elumelu (TEF), cinq pr\u00e9sidents africains et des milliers de jeunes entrepreneurs africains ont converg\u00e9 vers le rassemblement le plus influent de l&#039;\u00e9cosyst\u00e8me de l&#039;entrepreneuriat africain. La cr\u00e9ation d&#039;emplois et l&#039;autonomisation des jeunes \u00e9taient les th\u00e8mes cl\u00e9s abord\u00e9s lors du Forum.<\/p>\n<p>La Fondation Tony Elumelu, qui a \u00e9t\u00e9 \u00e0 l&#039;avant-garde de la d\u00e9fense de l&#039;entrepreneuriat comme catalyseur de la transformation \u00e9conomique de l&#039;Afrique, a organis\u00e9 un forum de deux jours le 26<sup>th<\/sup>\u00a0et 27<sup>th<\/sup>\u00a0du mois de juillet \u00e0 l&#039;h\u00f4tel Transcorp Hilton, \u00e0 Abuja, si\u00e8ge du gouvernement du Nigeria. L&#039;\u00e9v\u00e9nement a r\u00e9uni plus de 5 000 participants venus de 54 pays africains, dont des repr\u00e9sentants des 7 521 b\u00e9n\u00e9ficiaires du programme d&#039;entrepreneuriat de la Fondation Tony Elumelu.<\/p>\n<p>Plus de 60 intervenants internationaux des secteurs public et priv\u00e9 de 3 continents ont particip\u00e9 \u00e0 des masterclasses interactives, des s\u00e9ances pl\u00e9ni\u00e8res et des d\u00e9bats visant \u00e0 g\u00e9n\u00e9rer des id\u00e9es et \u00e0 d\u00e9finir les mesures concr\u00e8tes que l&#039;Afrique doit prendre pour autonomiser sa jeunesse et acc\u00e9l\u00e9rer le d\u00e9veloppement du continent. Les invit\u00e9s ont interagi directement avec de jeunes entrepreneurs en herbe venus des 20 pays africains pr\u00e9sents dans UBA, qui ont expos\u00e9 leurs produits et solutions innovants sur le march\u00e9 UBA, propuls\u00e9 par la banque mondiale africaine, United Bank for Africa (UBA).<\/p>\n<p>Mod\u00e9r\u00e9s par le journaliste am\u00e9ricain et animateur de l&#039;\u00e9mission de CNN, Fareed Zakaria GPS, les d\u00e9bats pr\u00e9sidentiels, qui ont constitu\u00e9 le point culminant de l&#039;\u00e9v\u00e9nement de deux jours, se sont concentr\u00e9s sur la voie \u00e0 suivre pour \u00e9radiquer la pauvret\u00e9 en Afrique \u00e0 travers la cr\u00e9ation d&#039;emplois. Les dirigeants du secteur public pr\u00e9sents au panel comprennent SE Paul Kagame, Pr\u00e9sident de la R\u00e9publique du Rwanda ; SEM Macky Sall, Pr\u00e9sident de la R\u00e9publique du S\u00e9n\u00e9gal ; SEM F\u00e9lix Tshisekedi, Pr\u00e9sident de la R\u00e9publique D\u00e9mocratique du Congo (RDC) ; SEM (Prof.) Yemi Osinbajo (SAN), vice-pr\u00e9sident de la R\u00e9publique f\u00e9d\u00e9rale du Nig\u00e9ria\u00a0; et l&#039;honorable (Dr) Ruhakana Rugunda, Premier ministre de la R\u00e9publique d&#039;Ouganda, repr\u00e9sentant le Pr\u00e9sident de l&#039;Ouganda, SE Yoweri Museveni.<\/p>\n<p>Les soins de sant\u00e9 ont jou\u00e9 un r\u00f4le dominant dans les conversations alors que les dirigeants des secteurs public et priv\u00e9 ont abord\u00e9 ce th\u00e8me lors de la s\u00e9ance pl\u00e9ni\u00e8re \u00ab Le r\u00f4le des soins de sant\u00e9 dans la transformation \u00e9conomique \u00bb. Les intervenants de ce panel comprennent le Dr Awele Elumelu, administrateur de la Fondation Tony Elumelu et fondateur\/PDG d&#039;Avon Medical Practice ; SE (Mme) Aisha Buhari, Premi\u00e8re Dame de la R\u00e9publique f\u00e9d\u00e9rale du Nigeria, SE (Mme.) Djena Kaba Cond\u00e9, Premi\u00e8re Dame de Guin\u00e9e ; SE (Mme.) Ke\u00efta Aminata Maiga, Premi\u00e8re Dame du Mali ; Gilles Carbonnier, vice-pr\u00e9sident du Comit\u00e9 international de la Croix-Rouge (CICR) ; Oulimata Sarr, directrice r\u00e9gionale par int\u00e9rim, ONU Femmes Afrique centrale et occidentale ; et le Dr Tedros Adhanom Ghebreyesus, directeur g\u00e9n\u00e9ral de l&#039;Organisation mondiale de la sant\u00e9.<\/p>\n<p>Lors du Forum, Tony O. Elumelu (CON), fondateur de Tony Elumelu, a r\u00e9it\u00e9r\u00e9 l&#039;urgence de cr\u00e9er des emplois sur le continent pour catalyser le d\u00e9veloppement de l&#039;Afrique.<\/p>\n<p>Il a d\u00e9clar\u00e9 : \u00ab L\u2019extr\u00e9misme est le produit de la pauvret\u00e9 et du ch\u00f4mage. La pauvret\u00e9, o\u00f9 qu\u2019elle soit, constitue une menace pour tout le monde, partout dans le monde \u00bb, a-t-il d\u00e9clar\u00e9. \u00ab Si nos dirigeants comprennent la raison et les raisons pour lesquelles nos jeunes r\u00e9ussissent, ils feront tout ce qu\u2019ils peuvent pour les soutenir. \u00bb<\/p>\n<p>Elumelu a \u00e9galement r\u00e9it\u00e9r\u00e9 le r\u00f4le de la technologie en tant que facteur cl\u00e9 dans l&#039;acc\u00e9l\u00e9ration du d\u00e9veloppement, citant TEFConnect, la plateforme de r\u00e9seautage num\u00e9rique pour les entrepreneurs africains lanc\u00e9e par la Fondation Tony Elumelu en 2018. Avec plus de 500 000 utilisateurs enregistr\u00e9s, le hub offre une plateforme permettant aux entrepreneurs de r\u00e9seauter et nouer des partenariats commerciaux quelle que soit leur localisation.<\/p>\n<p>Lors du discours d&#039;ouverture, le vice-pr\u00e9sident du Nigeria, SE (Prof.) Yemi Osinbajo, a comment\u00e9 l&#039;impact de la Fondation Tony Elumelu : \u00ab En donnant naissance \u00e0 cette intervention particuli\u00e8re, Tony Elumelu nous a oblig\u00e9s \u00e0 nous concentrer sur ce qui compte vraiment, nos jeunes et leurs r\u00eaves. Le message adress\u00e9 aux g\u00e9ants \u00e9conomiques \u00e9mergents d&#039;Afrique est clair : comment et que pouvez-vous contribuer, comme Tony Elumelu, \u00e0 responsabiliser la prochaine g\u00e9n\u00e9ration, en l&#039;aidant \u00e0 r\u00e9aliser ses propres r\u00eaves ?<\/p>\n<p>Le forum s&#039;est termin\u00e9 par une visite du march\u00e9 UBA, o\u00f9 des entrepreneurs de tout le continent ont expos\u00e9 leurs produits, tandis qu&#039;un concours de pitch a permis au gagnant de repartir avec une subvention de $5,000 de la United Bank for Africa (UBA).<\/p>\n<p>&nbsp;<\/p>\n<div id=\"attachment_9126\" style=\"width: 947px\" class=\"wp-caption alignnone\"><img fetchpriority=\"high\" decoding=\"async\" aria-describedby=\"caption-attachment-9126\" class=\"wp-image-9126 size-full\" src=\"https:\/\/www.tonyelumelufoundation.org\/wp-content\/uploads\/2019\/07\/Photo1.png\" alt=\"\" width=\"937\" height=\"625\" srcset=\"https:\/\/www.tonyelumelufoundation.org\/wp-content\/uploads\/2019\/07\/Photo1.png 937w, https:\/\/www.tonyelumelufoundation.org\/wp-content\/uploads\/2019\/07\/Photo1-300x200.png 300w, https:\/\/www.tonyelumelufoundation.org\/wp-content\/uploads\/2019\/07\/Photo1-768x512.png 768w\" sizes=\"(max-width: 937px) 100vw, 937px\" \/><p id=\"caption-attachment-9126\" class=\"wp-caption-text\">De gauche \u00e0 droite\u00a0: Premier ministre de l&#039;Ouganda, SE (Dr) Ruhakana Rugunda\u00a0; le Pr\u00e9sident de la R\u00e9publique D\u00e9mocratique du Congo, SEM F\u00e9lix Tshisekedi ; le Pr\u00e9sident du S\u00e9n\u00e9gal, SEM Macky Sall ; Le fondateur de la Fondation Tony Elumelu, M. Tony Elumelu\u00a0; Vice-pr\u00e9sident du Nig\u00e9ria, SE (Prof) Yemi Osibanjo\u00a0; \u00c9pouse du fondateur de la Fondation Tony Elumelu, Dr Awele Elumelu\u00a0; le Pr\u00e9sident du Rwanda, SEM Paul Kagame ; Mod\u00e9rateur et h\u00f4te Fareed Zakaria GPS, pr\u00e9sentateur de CNN, M. Fareed Zakaria, lors du dialogue pr\u00e9sidentiel du fondateur qui s&#039;est tenu au Forum d&#039;entrepreneuriat de la Fondation Tony Elumelu 2019, le plus grand rassemblement d&#039;entrepreneurs africains, tenu samedi \u00e0 Abuja.<\/p><\/div>\n<p>&nbsp;<\/p>\n<div id=\"attachment_9127\" style=\"width: 949px\" class=\"wp-caption alignnone\"><img decoding=\"async\" aria-describedby=\"caption-attachment-9127\" class=\"wp-image-9127 size-full\" src=\"https:\/\/www.tonyelumelufoundation.org\/wp-content\/uploads\/2019\/07\/photo-2.png\" alt=\"\" width=\"939\" height=\"393\" srcset=\"https:\/\/www.tonyelumelufoundation.org\/wp-content\/uploads\/2019\/07\/photo-2.png 939w, https:\/\/www.tonyelumelufoundation.org\/wp-content\/uploads\/2019\/07\/photo-2-300x126.png 300w, https:\/\/www.tonyelumelufoundation.org\/wp-content\/uploads\/2019\/07\/photo-2-768x321.png 768w\" sizes=\"(max-width: 939px) 100vw, 939px\" \/><p id=\"caption-attachment-9127\" class=\"wp-caption-text\">de gauche \u00e0 droite : Directeur g\u00e9n\u00e9ral de la Banque arabe pour le d\u00e9veloppement \u00e9conomique en Afrique, Dr Sidi Tah ; Directeur g\u00e9n\u00e9ral adjoint, Coop\u00e9ration internationale et d\u00e9veloppement, Commission europ\u00e9enne, M. Koen Doens\u00a0; Pr\u00e9sident de la Banque africaine d&#039;import-export, professeur Benedict Oramah\u00a0; Pr\u00e9sident de la Banque africaine de d\u00e9veloppement, Dr Akinwunmi Adesina\u00a0; Fondateur de la Fondation Tony Elumelu, M. Tony Elumelu\u00a0; Directeur g\u00e9n\u00e9ral de l&#039;Organisation mondiale de la sant\u00e9, Dr Tedros Ghebreyesus\u00a0; et le mod\u00e9rateur et h\u00f4te Fareed Zakaria GPS, pr\u00e9sentateur de CNN, M. Fareed Zakaria, lors du dialogue du fondateur avec le secteur priv\u00e9 organis\u00e9 lors du Forum sur l&#039;entrepreneuriat de la Fondation Tony Elumelu, le plus grand rassemblement d&#039;entrepreneurs africains \u00e0 Abuja samedi.<\/p><\/div>","protected":false},"excerpt":{"rendered":"<p>&nbsp; Plus de 5 000 participants et 60 intervenants de 3 continents convergent vers le plus grand rassemblement d'entrepreneurs africains 150 propri\u00e9taires de PME de 20 pays africains exposent au UBA Marketplace Lors de la 5e \u00e9dition du Forum de l'entrepreneuriat de la Fondation Tony Elumelu (TEF), qui vient de s'achever, cinq pr\u00e9sidents africains et des milliers de jeunes entrepreneurs africains ont converg\u00e9 ...<\/p>","protected":false},"author":21,"featured_media":9127,"comment_status":"open","ping_status":"open","sticky":false,"template":"","format":"standard","meta":{"_exactmetrics_skip_tracking":false,"_exactmetrics_sitenote_active":false,"_exactmetrics_sitenote_note":"","_exactmetrics_sitenote_category":0,"cybocfi_hide_featured_image":"","footnotes":""},"categories":[18,63],"tags":[],"class_list":["post-9125","post","type-post","status-publish","format-standard","has-post-thumbnail","hentry","category-news","category-press-releases"],"_links":{"self":[{"href":"https:\/\/www.tonyelumelufoundation.org\/fr\/wp-json\/wp\/v2\/posts\/9125","targetHints":{"allow":["GET"]}}],"collection":[{"href":"https:\/\/www.tonyelumelufoundation.org\/fr\/wp-json\/wp\/v2\/posts"}],"about":[{"href":"https:\/\/www.tonyelumelufoundation.org\/fr\/wp-json\/wp\/v2\/types\/post"}],"author":[{"embeddable":true,"href":"https:\/\/www.tonyelumelufoundation.org\/fr\/wp-json\/wp\/v2\/users\/21"}],"replies":[{"embeddable":true,"href":"https:\/\/www.tonyelumelufoundation.org\/fr\/wp-json\/wp\/v2\/comments?post=9125"}],"version-history":[{"count":0,"href":"https:\/\/www.tonyelumelufoundation.org\/fr\/wp-json\/wp\/v2\/posts\/9125\/revisions"}],"wp:featuredmedia":[{"embeddable":true,"href":"https:\/\/www.tonyelumelufoundation.org\/fr\/wp-json\/wp\/v2\/media\/9127"}],"wp:attachment":[{"href":"https:\/\/www.tonyelumelufoundation.org\/fr\/wp-json\/wp\/v2\/media?parent=9125"}],"wp:term":[{"taxonomy":"category","embeddable":true,"href":"https:\/\/www.tonyelumelufoundation.org\/fr\/wp-json\/wp\/v2\/categories?post=9125"},{"taxonomy":"post_tag","embeddable":true,"href":"https:\/\/www.tonyelumelufoundation.org\/fr\/wp-json\/wp\/v2\/tags?post=9125"}],"curies":[{"name":"wp","href":"https:\/\/api.w.org\/{rel}","templated":true}]}}