{"id":971,"date":"2014-02-28T05:04:49","date_gmt":"2014-02-28T05:04:49","guid":{"rendered":"http:\/\/www.tonyelumelufoundation.org\/?post_type=pressrelease&#038;p=971"},"modified":"2020-11-06T16:54:39","modified_gmt":"2020-11-06T15:54:39","slug":"la-fondation-tony-elumelu-tient-la-sixieme-reunion-du-conseil-consultatif","status":"publish","type":"post","link":"https:\/\/www.tonyelumelufoundation.org\/fr\/news\/tony-elumelu-foundation-holds-sixth-advisory-board-meeting","title":{"rendered":"La Fondation Tony Elumelu tient sa sixi\u00e8me r\u00e9union du Conseil Consultatif"},"content":{"rendered":"<p><img fetchpriority=\"high\" decoding=\"async\" class=\"aligncenter size-full wp-image-978\" alt=\"R\u00e9union-du-Conseil-Conseil-TEF-membres1\" src=\"https:\/\/www.tonyelumelufoundation.org\/wp-content\/uploads\/2014\/02\/TEF-Advisory-Board-Meeting-members11.jpg\" width=\"960\" height=\"638\"><\/p>\n<p><b>Lagos, Nig\u00e9ria; 28 f\u00e9vrier 2014<\/b> \u2013 La Fondation Tony Elumelu tiendra aujourd&#039;hui sa sixi\u00e8me r\u00e9union semestrielle du conseil consultatif \u00e0 Lagos, au Nigeria, o\u00f9 les membres du conseil se r\u00e9uniront pour examiner et orienter la philanthropie panafricaine sur ses programmes et interventions. La r\u00e9union de cette ann\u00e9e sera centr\u00e9e sur un bilan des trois premi\u00e8res ann\u00e9es d&#039;activit\u00e9 de la Fondation et \u00e9toffera ses projets ambitieux pour les cinq prochaines ann\u00e9es.<\/p>\n<p>Le Dr Wiebe Boer, PDG de la Fondation, a exprim\u00e9 sa gratitude au conseil d&#039;administration pour son engagement envers les objectifs et la mission de la Fondation. Il a d\u00e9clar\u00e9 : \u00ab Nous sommes profond\u00e9ment reconnaissants que des individus de cette qualit\u00e9 consacrent leur temps inestimable et leurs r\u00e9seaux consid\u00e9rables pour conduire la transformation \u00e9conomique de l&#039;Afrique. \u00bb<\/p>\n<p>Le conseil consultatif 2014 de la Fondation comprend <b>SE Shaukat Aziz<\/b>, ancien Premier ministre du Pakistan ; <b>Stewart Paperin<\/b>, vice-pr\u00e9sident ex\u00e9cutif de l&#039;Open Society Foundation ; <b>Henrik Skovby<\/b>, associ\u00e9 directeur mondial fondateur de Dalberg\u00a0; et <b>Vimal Shah<\/b>, PDG du groupe Bidco en tant que membres r\u00e9currents. Rejoignant la Fondation pour leur premier mandat sont <b>Dame de Rothschild<\/b>, directeur g\u00e9n\u00e9ral d&#039;EL Rothschild LLC, une soci\u00e9t\u00e9 d&#039;investissement priv\u00e9e qui investit dans les m\u00e9dias, les technologies de l&#039;information, l&#039;agriculture et l&#039;immobilier \u00e0 l&#039;\u00e9chelle mondiale ; <b>Jamie Cooper-Hohn<\/b>\u2014co-fondateur et pr\u00e9sident de la Children&#039;s Investment Fund Foundation, l&#039;une des fondations les plus importantes et les plus influentes d&#039;Europe\u00a0; et <b>Carole<\/b> <b>Civita<\/b> de la Fondation Victor Civita, l&#039;une des principales fondations du Br\u00e9sil et d&#039;Am\u00e9rique latine.<\/p>","protected":false},"excerpt":{"rendered":"<p>La Fondation Tony Elumelu tiendra aujourd&#039;hui sa sixi\u00e8me r\u00e9union semestrielle du conseil consultatif \u00e0 Lagos, au Nigeria, o\u00f9 les membres du conseil se r\u00e9uniront pour examiner et orienter la philanthropie panafricaine sur ses programmes et interventions. La r\u00e9union de cette ann\u00e9e sera centr\u00e9e sur un bilan des trois premi\u00e8res ann\u00e9es d&#039;activit\u00e9 de la Fondation et \u00e9toffera ses projets ambitieux pour les cinq prochaines ann\u00e9es.<\/p>","protected":false},"author":21,"featured_media":978,"comment_status":"closed","ping_status":"closed","sticky":false,"template":"","format":"standard","meta":{"_exactmetrics_skip_tracking":false,"_exactmetrics_sitenote_active":false,"_exactmetrics_sitenote_note":"","_exactmetrics_sitenote_category":0,"cybocfi_hide_featured_image":"","footnotes":""},"categories":[18],"tags":[],"class_list":["post-971","post","type-post","status-publish","format-standard","has-post-thumbnail","hentry","category-news"],"_links":{"self":[{"href":"https:\/\/www.tonyelumelufoundation.org\/fr\/wp-json\/wp\/v2\/posts\/971","targetHints":{"allow":["GET"]}}],"collection":[{"href":"https:\/\/www.tonyelumelufoundation.org\/fr\/wp-json\/wp\/v2\/posts"}],"about":[{"href":"https:\/\/www.tonyelumelufoundation.org\/fr\/wp-json\/wp\/v2\/types\/post"}],"author":[{"embeddable":true,"href":"https:\/\/www.tonyelumelufoundation.org\/fr\/wp-json\/wp\/v2\/users\/21"}],"replies":[{"embeddable":true,"href":"https:\/\/www.tonyelumelufoundation.org\/fr\/wp-json\/wp\/v2\/comments?post=971"}],"version-history":[{"count":0,"href":"https:\/\/www.tonyelumelufoundation.org\/fr\/wp-json\/wp\/v2\/posts\/971\/revisions"}],"wp:featuredmedia":[{"embeddable":true,"href":"https:\/\/www.tonyelumelufoundation.org\/fr\/wp-json\/"}],"wp:attachment":[{"href":"https:\/\/www.tonyelumelufoundation.org\/fr\/wp-json\/wp\/v2\/media?parent=971"}],"wp:term":[{"taxonomy":"category","embeddable":true,"href":"https:\/\/www.tonyelumelufoundation.org\/fr\/wp-json\/wp\/v2\/categories?post=971"},{"taxonomy":"post_tag","embeddable":true,"href":"https:\/\/www.tonyelumelufoundation.org\/fr\/wp-json\/wp\/v2\/tags?post=971"}],"curies":[{"name":"wp","href":"https:\/\/api.w.org\/{rel}","templated":true}]}}