{"id":10501,"date":"2020-04-02T14:33:40","date_gmt":"2020-04-02T13:33:40","guid":{"rendered":"https:\/\/www.tonyelumelufoundation.org\/?p=10501"},"modified":"2020-10-19T09:08:06","modified_gmt":"2020-10-19T08:08:06","slug":"anuncio-corporativo-fundacao-tony-elumelu-adia-programa-de-empreendedorismo-tef-de-2020-e-forum-tef-ate-2021","status":"publish","type":"post","link":"https:\/\/www.tonyelumelufoundation.org\/pt\/news\/corporate-announcement-tony-elumelu-foundation-postpones-2020-tef-entrepreneurship-programme-and-tef-forum-until-2021","title":{"rendered":"AN\u00daNCIO CORPORATIVO: Funda\u00e7\u00e3o Tony Elumelu adia Programa de Empreendedorismo TEF 2020 e F\u00f3rum TEF at\u00e9 2021"},"content":{"rendered":"<p><a href=\"https:\/\/www.tonyelumelufoundation.org\/pt\/sem-categoria\/anuncia-a-fundacao-tony-elumelu-relata-o-programa-dentrepreneuriat-tef-2020-e-o-forum-tef-jusquen-2021\/\">Franc\u00eas <\/a>| <a href=\"https:\/\/www.tonyelumelufoundation.org\/pt\/artigos-2\/%d8%a7%d9%84%d8%a5%d8%b9%d9%84%d8%a7%d9%86-%d8%a7%d9%84%d8%a7%d8%b4%d8%aa%d8%b1%d8%a7%d9%83%d9%8a-%d8%aa%d8%a3%d8%ac%d9%84-%d9%85%d8%a4%d8%b3%d8%b3%d8%a9-%d8%aa%d9%88%d9%86%d9%8a-%d8%a3%d9%8a%d9%84\/\">\u00e1rabe<\/a> | <a href=\"https:\/\/www.tonyelumelufoundation.org\/pt\/sem-categoria\/anuncio-corporativo-fundacao-tony-elumelu-adia-o-programa-de-empreendedorismo-tef-2020-e-o-forum-tef-ate-2021\/\">Portugu\u00eas<\/a><\/p>\n\n\n\n<p>Em resposta \u00e0 actual crise resultante da pandemia do coronav\u00edrus, a filantropia africana focada no empreendedorismo, a Funda\u00e7\u00e3o Tony Elumelu, anunciou a dif\u00edcil decis\u00e3o de adiar a 6\u00aa edi\u00e7\u00e3o do seu Programa de Empreendedorismo e do F\u00f3rum TEF para 2021. Dada a import\u00e2ncia primordial do sa\u00fade e seguran\u00e7a p\u00fablicas, esta \u00e9, infelizmente, a \u00fanica ac\u00e7\u00e3o adequada.<\/p>\n\n\n\n<p>Entretanto, a Funda\u00e7\u00e3o Tony Elumelu fornecer\u00e1 forma\u00e7\u00e3o gratuita sobre o TEFConnect, ao mesmo tempo que trabalha com decisores pol\u00edticos, governos e institui\u00e7\u00f5es financeiras de desenvolvimento para catalisar apoio adicional aos empres\u00e1rios africanos p\u00f3s-coronav\u00edrus. A TEFConnect tamb\u00e9m ir\u00e1 acolher informa\u00e7\u00f5es cr\u00edticas sobre a pandemia para salvaguardar a sa\u00fade e a seguran\u00e7a de todos os africanos, bem como organizar hist\u00f3rias de impacto de empreendedores africanos que criam solu\u00e7\u00f5es inovadoras para enfrentar o surto de coronav\u00edrus.<br><\/p>\n\n\n\n<p>A sa\u00fade e a seguran\u00e7a s\u00e3o a nossa prioridade, e a Funda\u00e7\u00e3o Tony Elumelu apela a todos para que se mantenham seguros e observem as precau\u00e7\u00f5es de sa\u00fade delineadas pela Organiza\u00e7\u00e3o Mundial da Sa\u00fade (OMS), pelos governos nacionais e outras organiza\u00e7\u00f5es de sa\u00fade relevantes.&nbsp;<\/p>\n\n\n\n<p>Para mais informa\u00e7\u00f5es, incluindo os pr\u00f3ximos passos para os empres\u00e1rios que se candidataram ao programa 2020,&nbsp;<a href=\"https:\/\/www.tonyelumelufoundation.org\/pt\/tef-entrepreneurship-programme-postponement-faqs\/\"><strong>visite as Perguntas Frequentes (FAQs) clicando AQUI<\/strong><\/a>.&nbsp;<\/p>\n\n\n\n<p>Ifeyinwa Ugochukwu<br>CEO<br>A Funda\u00e7\u00e3o Tony Elumelu<br>Lagos, Nig\u00e9ria. <br> <\/p>\n\n\n\n<p>Clique aqui para  <a href=\"https:\/\/www.tonyelumelufoundation.org\/pt\/sem-categoria\/anuncia-a-fundacao-tony-elumelu-relata-o-programa-dentrepreneuriat-tef-2020-e-o-forum-tef-jusquen-2021\/\">Franc\u00eas <\/a>, <a href=\"https:\/\/www.tonyelumelufoundation.org\/pt\/artigos-2\/%d8%a7%d9%84%d8%a5%d8%b9%d9%84%d8%a7%d9%86-%d8%a7%d9%84%d8%a7%d8%b4%d8%aa%d8%b1%d8%a7%d9%83%d9%8a-%d8%aa%d8%a3%d8%ac%d9%84-%d9%85%d8%a4%d8%b3%d8%b3%d8%a9-%d8%aa%d9%88%d9%86%d9%8a-%d8%a3%d9%8a%d9%84\/\">\u00e1rabe<\/a>, <a href=\"https:\/\/www.tonyelumelufoundation.org\/pt\/sem-categoria\/anuncio-corporativo-fundacao-tony-elumelu-adia-o-programa-de-empreendedorismo-tef-2020-e-o-forum-tef-ate-2021\/\">Portugu\u00eas<\/a> <\/p>","protected":false},"excerpt":{"rendered":"<p>Franc\u00eas | \u00c1rabe | Portugu\u00eas Em resposta \u00e0 actual crise resultante da pandemia do coronav\u00edrus, a filantropia africana focada no empreendedorismo, a Funda\u00e7\u00e3o Tony Elumelu, anunciou a dif\u00edcil decis\u00e3o de adiar a 6\u00aa edi\u00e7\u00e3o do seu Programa de Empreendedorismo e do F\u00f3rum TEF para 2021. Dada a import\u00e2ncia primordial da sa\u00fade e seguran\u00e7a p\u00fablicas, este, infelizmente, \u00e9 o \u00fanico\u2026<\/p>","protected":false},"author":21,"featured_media":0,"comment_status":"closed","ping_status":"open","sticky":false,"template":"","format":"standard","meta":{"_exactmetrics_skip_tracking":false,"_exactmetrics_sitenote_active":false,"_exactmetrics_sitenote_note":"","_exactmetrics_sitenote_category":0,"cybocfi_hide_featured_image":"","footnotes":""},"categories":[20,58,54,59,62,18,56,63],"tags":[67,208,150,209,126,48,49],"class_list":["post-10501","post","type-post","status-publish","format-standard","hentry","category-articles","category-central-africa","category-east-africa","category-english","category-interviews-speeches","category-news","category-north-africa","category-press-releases","tag-african-entrepreneurs","tag-african-entrepreneurship","tag-empowering-african-entrepreneurs","tag-entrepreneurship-forum","tag-tef-alumni","tag-tony-elumelu-entrepreneur","tag-tony-elumelu-foundation"],"_links":{"self":[{"href":"https:\/\/www.tonyelumelufoundation.org\/pt\/wp-json\/wp\/v2\/posts\/10501","targetHints":{"allow":["GET"]}}],"collection":[{"href":"https:\/\/www.tonyelumelufoundation.org\/pt\/wp-json\/wp\/v2\/posts"}],"about":[{"href":"https:\/\/www.tonyelumelufoundation.org\/pt\/wp-json\/wp\/v2\/types\/post"}],"author":[{"embeddable":true,"href":"https:\/\/www.tonyelumelufoundation.org\/pt\/wp-json\/wp\/v2\/users\/21"}],"replies":[{"embeddable":true,"href":"https:\/\/www.tonyelumelufoundation.org\/pt\/wp-json\/wp\/v2\/comments?post=10501"}],"version-history":[{"count":0,"href":"https:\/\/www.tonyelumelufoundation.org\/pt\/wp-json\/wp\/v2\/posts\/10501\/revisions"}],"wp:attachment":[{"href":"https:\/\/www.tonyelumelufoundation.org\/pt\/wp-json\/wp\/v2\/media?parent=10501"}],"wp:term":[{"taxonomy":"category","embeddable":true,"href":"https:\/\/www.tonyelumelufoundation.org\/pt\/wp-json\/wp\/v2\/categories?post=10501"},{"taxonomy":"post_tag","embeddable":true,"href":"https:\/\/www.tonyelumelufoundation.org\/pt\/wp-json\/wp\/v2\/tags?post=10501"}],"curies":[{"name":"wp","href":"https:\/\/api.w.org\/{rel}","templated":true}]}}