{"id":1070,"date":"2014-04-09T09:02:15","date_gmt":"2014-04-09T09:02:15","guid":{"rendered":"http:\/\/www.tonyelumelufoundation.org\/?post_type=article&#038;p=1070"},"modified":"2025-07-02T16:12:21","modified_gmt":"2025-07-02T15:12:21","slug":"tony-elumelu-parte-solucao-promessa-africa","status":"publish","type":"post","link":"https:\/\/www.tonyelumelufoundation.org\/pt\/articles\/tony-elumelu-part-solution-promise-africa","title":{"rendered":"Tony Elumelu: Fazer parte da solu\u00e7\u00e3o e da promessa para \u00c1frica!"},"content":{"rendered":"<p>O dia 7 de Abril de 2014 marcou um dia hist\u00f3rico para a Nig\u00e9ria, com a rebase do nosso PIB para quase $500 mil milh\u00f5es. Este novo n\u00famero faz de n\u00f3s a maior economia de \u00c1frica e dos 26<sup>\u00ba<\/sup> maior do mundo. A Nig\u00e9ria n\u00e3o s\u00f3 ultrapassou a \u00c1frica do Sul como a maior economia de \u00c1frica, como tamb\u00e9m estamos agora a par da Pol\u00f3nia e da B\u00e9lgica, e \u00e0 frente da \u00c1ustria ($394 mil milh\u00f5es), da Tail\u00e2ndia ($401 mil milh\u00f5es), do Ir\u00e3o ($389 mil milh\u00f5es), dos EAU ($395 mil milh\u00f5es) e Argentina ($474 bilh\u00f5es). Este \u00e9 um marco significativo e merece reflex\u00e3o.<\/p>\n<p>Esta reformula\u00e7\u00e3o significa que, a n\u00edvel mundial, as pessoas prestar\u00e3o mais aten\u00e7\u00e3o \u00e0 Nig\u00e9ria, mas tamb\u00e9m significa que, para competir eficazmente, precisamos de nos concentrar numa maior diversifica\u00e7\u00e3o da nossa economia, na melhoria do nosso clima de neg\u00f3cios e na redu\u00e7\u00e3o da desigualdade de rendimentos. Acredito que s\u00f3 poderemos estar verdadeiramente orgulhosos de ter a maior economia de \u00c1frica quando pudermos garantir que todos os nigerianos sejam capazes de viver uma vida digna e tenham a oportunidade de prosseguir os seus objectivos sem qualquer necessidade. Como pan-africano empenhado, e de acordo com a nossa filosofia africapitalista, acredito que, por defini\u00e7\u00e3o, estes sentimentos se aplicam a todos os africanos.<\/p>\n<p><b>Fazendo parte da solu\u00e7\u00e3o<\/b><\/p>\n<p>Addressing the infrastructure deficit \u2013 specifically, improving access to affordable, reliable power \u2013 is at the heart of this imperative and this is why we are committed to boosting generation capacity at Ughelli and making further investments to ensure more people can access the power they need to live healthy, productive lives.<\/p>\n<p>Estas quest\u00f5es fazem parte de um debate mais amplo sobre padr\u00f5es de vida e igualdade de oportunidades em todo o mundo \u2013 princ\u00edpios que est\u00e3o no cerne dos Objectivos de Desenvolvimento do Mil\u00e9nio, lan\u00e7ados em 2000 e que expiram no pr\u00f3ximo ano, em 2015. \u00c0 medida que nos aproximamos do final da iniciativa , o foco est\u00e1 a mudar para o quadro de desenvolvimento p\u00f3s-ODM, para garantir que o pr\u00f3ximo sistema que implementarmos ir\u00e1 abordar os desafios actuais e erradicar com sucesso a pobreza global para a pr\u00f3xima gera\u00e7\u00e3o. Ao contr\u00e1rio do conjunto inicial de m\u00e9tricas, esta est\u00e1 a ser desenvolvida atrav\u00e9s de amplas consultas, inclusive com o sector privado africano, uma vez que n\u00e3o podemos abordar realisticamente os problemas sociais de \u00c1frica sem a lideran\u00e7a e o envolvimento do sector privado.<\/p>\n<p>Consequentemente, estou muito honrado por ter sido convidado a proferir o discurso principal num debate tem\u00e1tico conjunto da Assembleia Geral das Na\u00e7\u00f5es Unidas e do Conselho Econ\u00f3mico e Social (ECOSOC), intitulado \u201c<a href=\"http:\/\/www.un.org\/en\/ecosoc\/partnership2014\/\" target=\"_blank\" rel=\"noopener\">O papel das parcerias na implementa\u00e7\u00e3o da Agenda de Desenvolvimento P\u00f3s-2015<\/a>.\u201d A sess\u00e3o ser\u00e1 realizada hoje (9 de abril) em Nova York, na sede da ONU, e falarei imediatamente ap\u00f3s o secret\u00e1rio-geral Ban Ki Moon, dirigindo-me aos 193 membros da Assembleia Geral da ONU e ao corpo de m\u00eddia da ONU, em nome do Sector privado africano.<\/p>\n<p><b>Assista ao vivo aqui a partir das 15h WAT (9 de abril)<\/b><\/p>\n<p>Esta \u00e9 a primeira vez que um l\u00edder do sector privado africano \u00e9 convidado a contribuir a este n\u00edvel para o quadro dos ODM p\u00f3s-2015 e demonstra como a comunidade de desenvolvimento internacional est\u00e1 agora a envolver e a consultar proactivamente o sector privado africano, como um componente chave na solu\u00e7\u00e3o -encontrar. Esta \u00e9 mais uma demonstra\u00e7\u00e3o da actualidade do nosso pensamento sobre o Africapitalismo e mostra que o mundo est\u00e1 pronto para uma nova forma de envolvimento com e sobre \u00c1frica \u2013 uma que se baseie no respeito m\u00fatuo e no reconhecimento do papel fundamental do sector privado na enfrentar desafios complexos de desenvolvimento global.<\/p>\n<p><b>Cumprindo uma promessa para amanh\u00e3<\/b><\/p>\n<p>Ap\u00f3s o discurso da ONU, irei \u00e0 Said Business School da Universidade de Oxford para oferecer uma palestra na sess\u00e3o plen\u00e1ria de encerramento do Skoll World Forum on Social Entrepreneurship anual na sexta-feira, 11 de abril, a convite do fundador e anfitri\u00e3o <a href=\"http:\/\/www.skollfoundation.org\/staff\/jeff-skoll\/\" target=\"_blank\" rel=\"noopener\">Jeff Skoll<\/a>, o CEO inaugural do eBay e um dos empreendedores pioneiros do com\u00e9rcio eletr\u00f4nico, magnatas da m\u00eddia e filantropo de sua gera\u00e7\u00e3o.<\/p>\n<p>Todos os anos, mais de 1.000 empreendedores ilustres do sector social, financeiro e do sector privado em geral, bem como do sector p\u00fablico e da sociedade civil, re\u00fanem-se na Universidade de Oxford para o F\u00f3rum, onde se envolvem em tr\u00eas dias e noites de debates cr\u00edticos, discuss\u00f5es e sess\u00f5es de trabalho destinadas a em inovar, acelerar e dimensionar solu\u00e7\u00f5es para desafios sociais.<\/p>\n<p>Ap\u00f3s a apresenta\u00e7\u00e3o principal, serei questionado por um painel de jovens l\u00edderes escolhidos a dedo para representar a Am\u00e9rica Latina, a \u00c1frica e a \u00c1sia sobre quest\u00f5es globais importantes que ter\u00e3o impacto no nosso mundo nas pr\u00f3ximas d\u00e9cadas. Estou ansioso para trocar ideias com os participantes e divulgar o trabalho incr\u00edvel que est\u00e1 sendo iniciado por <a href=\"https:\/\/www.tonyelumelufoundation.org\/pt\/\">A Funda\u00e7\u00e3o Tony Elumelu<\/a>.<\/p>\n<p><b>Para encerrar<\/b><\/p>\n<p>\u00c9 uma grande honra ser convidado para falar diante de p\u00fablicos t\u00e3o estimados, e estou consciente de que, quando falo, estou representando as muitas pessoas que trabalham para a Funda\u00e7\u00e3o Tony Elumelu, a Heirs Holdings e o Grupo HH em geral, bem como bem como os sectores privados nigerianos e africanos mais amplos. As economias de \u00c1frica est\u00e3o a ganhar a aten\u00e7\u00e3o global e todos n\u00f3s \u2013 os seus cidad\u00e3os \u2013 devemos usar esta din\u00e2mica como uma poderosa fonte de motiva\u00e7\u00e3o para nos destacarmos. Como africapitalistas, podemos aproveitar estas oportunidades para definir a agenda para o desenvolvimento econ\u00f3mico de \u00c1frica e emergir, triunfantemente, como a mais nova e maior pot\u00eancia econ\u00f3mica do mundo.<\/p>","protected":false},"excerpt":{"rendered":"<p>O dia 7 de abril de 2014 marcou um dia hist\u00f3rico para a Nig\u00e9ria, com a atualiza\u00e7\u00e3o do nosso PIB para quase $500 mil milh\u00f5es. Este novo valor faz de n\u00f3s a maior economia de \u00c1frica e a 26\u00aa maior do mundo. A Nig\u00e9ria n\u00e3o s\u00f3 ultrapassou a \u00c1frica do Sul como a maior economia de \u00c1frica, como tamb\u00e9m est\u00e1 agora a par da Pol\u00f3nia ...<\/p>","protected":false},"author":21,"featured_media":0,"comment_status":"open","ping_status":"open","sticky":false,"template":"","format":"standard","meta":{"_exactmetrics_skip_tracking":false,"_exactmetrics_sitenote_active":false,"_exactmetrics_sitenote_note":"","_exactmetrics_sitenote_category":0,"cybocfi_hide_featured_image":"","footnotes":""},"categories":[20],"tags":[],"class_list":["post-1070","post","type-post","status-publish","format-standard","hentry","category-articles"],"_links":{"self":[{"href":"https:\/\/www.tonyelumelufoundation.org\/pt\/wp-json\/wp\/v2\/posts\/1070","targetHints":{"allow":["GET"]}}],"collection":[{"href":"https:\/\/www.tonyelumelufoundation.org\/pt\/wp-json\/wp\/v2\/posts"}],"about":[{"href":"https:\/\/www.tonyelumelufoundation.org\/pt\/wp-json\/wp\/v2\/types\/post"}],"author":[{"embeddable":true,"href":"https:\/\/www.tonyelumelufoundation.org\/pt\/wp-json\/wp\/v2\/users\/21"}],"replies":[{"embeddable":true,"href":"https:\/\/www.tonyelumelufoundation.org\/pt\/wp-json\/wp\/v2\/comments?post=1070"}],"version-history":[{"count":2,"href":"https:\/\/www.tonyelumelufoundation.org\/pt\/wp-json\/wp\/v2\/posts\/1070\/revisions"}],"predecessor-version":[{"id":27891,"href":"https:\/\/www.tonyelumelufoundation.org\/pt\/wp-json\/wp\/v2\/posts\/1070\/revisions\/27891"}],"wp:attachment":[{"href":"https:\/\/www.tonyelumelufoundation.org\/pt\/wp-json\/wp\/v2\/media?parent=1070"}],"wp:term":[{"taxonomy":"category","embeddable":true,"href":"https:\/\/www.tonyelumelufoundation.org\/pt\/wp-json\/wp\/v2\/categories?post=1070"},{"taxonomy":"post_tag","embeddable":true,"href":"https:\/\/www.tonyelumelufoundation.org\/pt\/wp-json\/wp\/v2\/tags?post=1070"}],"curies":[{"name":"wp","href":"https:\/\/api.w.org\/{rel}","templated":true}]}}