{"id":1375,"date":"2014-08-18T17:26:57","date_gmt":"2014-08-18T17:26:57","guid":{"rendered":"http:\/\/www.tonyelumelufoundation.org\/?post_type=article&amp;p=1375"},"modified":"2014-08-18T17:26:57","modified_gmt":"2014-08-18T17:26:57","slug":"veja-os-empresarios-determinando-a-cimeira-dos-lideres-africanos-de-facto-o-sucesso","status":"publish","type":"post","link":"https:\/\/www.tonyelumelufoundation.org\/pt\/articles\/look-entrepreneurs-determine-african-leaders-summit-indeed-success","title":{"rendered":"Recorra aos empres\u00e1rios para determinar se a Cimeira dos L\u00edderes Africanos foi de facto um sucesso"},"content":{"rendered":"<div style=\"color: #000000;\" align=\"justify\"><a href=\"https:\/\/www.tonyelumelufoundation.org\/wp-content\/uploads\/2014\/08\/2014-U.S.-Africa-Leaders-Summit-The-White-House.jpg\"><img decoding=\"async\" class=\"alignleft wp-image-1378\" src=\"https:\/\/www.tonyelumelufoundation.org\/wp-content\/uploads\/2014\/08\/2014-U.S.-Africa-Leaders-Summit-The-White-House.jpg\" alt=\"2014-Cimeira-dos-L\u00edderes-EUA-\u00c1frica-A-Casa Branca\" width=\"250\" height=\"141\" \/><\/a><\/div>\n<p style=\"color: #000000; text-align: left;\" align=\"justify\"><em>Por Dr. Wiebe Boer, CEO da Funda\u00e7\u00e3o Tony Elumelu<\/em><\/p>\n<p style=\"color: #000000; text-align: left;\" align=\"justify\">\n<p style=\"color: #000000; text-align: left;\" align=\"justify\">A Cimeira de L\u00edderes EUA-\u00c1frica foi uma experi\u00eancia not\u00e1vel para mim. Sou americano, mas nasci e cresci na Nig\u00e9ria e, como estudante de longa data da hist\u00f3ria africana, a profundidade, a amplitude e o foco das conversas durante a Cimeira impressionaram-me. Sa\u00ed confiante de que a onda que trouxe esta actual colheita de l\u00edderes africanos para DC, determinados a envolver-se com o resto do mundo em termos de igualdade, tinha-se solidificado em algo permanente e tang\u00edvel; algo que poderia estimular o crescimento nas pr\u00f3ximas d\u00e9cadas.<\/p>\n<p style=\"color: #000000; text-align: left;\" align=\"justify\">\n<p style=\"color: #000000; text-align: left;\" align=\"justify\">Ficou claro que a hist\u00f3ria estava sendo feita durante cada um dos muitos eventos da C\u00fapula. Sentei-me, humildemente, durante o maior Jantar de Estado de sempre na Casa Branca, enquanto 200 dos africanos e americanos mais poderosos de ambos os lados do Atl\u00e2ntico - incluindo o nosso fundador, Sr. Tony Elumelu - discutiam como uma nova abordagem ao longo prazo o desenvolvimento do continente poder\u00e1 conduzir a uma prosperidade partilhada a longo prazo.<\/p>\n<p style=\"color: #000000; text-align: left;\" align=\"justify\">\n<p style=\"color: #000000; text-align: left;\" align=\"justify\">\n<p style=\"color: #000000; text-align: left;\" align=\"justify\">Justaposto aos temas dos meus estudos de doutoramento \u2014 as centenas de anos em que o envolvimento internacional com \u00c1frica se centrou na explora\u00e7\u00e3o atrav\u00e9s da extrac\u00e7\u00e3o de riqueza natural \u2014 o foco da Cimeira no que poderia ser investido\u00a0<em>em\u00a0<\/em>o continente, em vez de eliminado, era convincente. H\u00e1 tr\u00eas anos, o Sr. Elumelu iniciou um movimento chamado Africapitalismo, centrado em fazer com que o investimento em \u00c1frica deixasse de ser caracterizado pela extrac\u00e7\u00e3o a curto prazo e passasse a ser a cria\u00e7\u00e3o de valor a longo prazo. E aqui esta abordagem exacta estava a ser discutida, promovida e ratificada aos mais altos n\u00edveis.<\/p>\n<p style=\"color: #000000; text-align: left;\" align=\"justify\">\n<p style=\"color: #000000; text-align: left;\" align=\"justify\">\n<p style=\"color: #000000; text-align: left;\" align=\"justify\">E dado o nosso trabalho na Funda\u00e7\u00e3o Tony Elumelu, estou particularmente interessado no impacto que a Cimeira ter\u00e1 sobre os empreendedores emergentes de \u00c1frica, uma vez que s\u00e3o um motor essencial do futuro de \u00c1frica. Mas muitas vezes, no nosso entusiasmo em abra\u00e7ar o investimento empresarial em grande escala, esquecemo-nos dos jovens que criar\u00e3o a pr\u00f3xima gera\u00e7\u00e3o de empresas em \u00c1frica e que moldar\u00e3o verdadeiramente o futuro do continente.<\/p>\n<p style=\"color: #000000; text-align: left;\" align=\"justify\">\n<p style=\"color: #000000; text-align: left;\" align=\"justify\">\n<p style=\"color: #000000; text-align: left;\" align=\"justify\">Quando nos concentramos no empreendedorismo, nos concentramos nesse futuro.<\/p>\n<p style=\"color: #000000; text-align: left;\" align=\"justify\">\n<p style=\"color: #000000; text-align: left;\" align=\"justify\">\n<p style=\"color: #000000; text-align: left;\" align=\"justify\">Por isso, \u00e9 \u00fatil considerar os principais temas da Cimeira e as principais iniciativas actualmente em curso, atrav\u00e9s da perspectiva dos empres\u00e1rios de \u00c1frica. Como eles ser\u00e3o afetados? Consideremos a Iniciativa Power Africa e outros esfor\u00e7os destinados a melhorar as infra-estruturas em todo o continente. A produ\u00e7\u00e3o de energia fi\u00e1vel, as redes de transporte e a capacidade de refina\u00e7\u00e3o e processamento prometem beneficiar dezenas de milhares de empresas e milh\u00f5es de vidas. Mas o impacto mais significativo a longo prazo poder\u00e1 ser sobre as start-ups, aquelas que nunca sairiam do papel sem a infra-estrutura adequada. Estas empresas de propriedade africana ir\u00e3o gerar empregos e riqueza social. Se gerida corretamente, a Iniciativa Power Africa pode permitir aos empres\u00e1rios transformar as suas ideias em neg\u00f3cios, criando riqueza econ\u00f3mica e social e tornando o Africapitalismo uma realidade. Power Africa mostra-nos que, \u00e0 medida que avan\u00e7am os empres\u00e1rios africanos, \u00c1frica tamb\u00e9m avan\u00e7a.<\/p>\n<p style=\"color: #000000; text-align: left;\" align=\"justify\">\n<p style=\"color: #000000; text-align: left;\" align=\"justify\">\n<p style=\"color: #000000; text-align: left;\" align=\"justify\">Podemos aplicar o mesmo filtro a outros programas. A renova\u00e7\u00e3o da Lei de Crescimento e Oportunidades para \u00c1frica \u00e9 positiva para o continente? Se impulsionar o empreendedorismo africano e oferecer oportunidades para start-ups e PME no continente, a resposta \u00e9 sim. Ser\u00e3o os empreendedores africanos emergentes capazes de construir neg\u00f3cios em torno das cadeias de abastecimento e distribui\u00e7\u00e3o que isso traria? Ser\u00e1 criado financiamento e tornado acess\u00edvel aos jovens africanos mais interessados em ser empregadores do que empregados?<\/p>\n<p style=\"color: #000000; text-align: left;\" align=\"justify\">\n<p style=\"color: #000000; text-align: left;\" align=\"justify\">\n<p style=\"color: #000000; text-align: left;\" align=\"justify\">Tal como muitos outros, durante a Cimeira fiquei impressionado com o equil\u00edbrio e a vis\u00e3o do empres\u00e1rio zimbabuense Takunda Chingonzo, de 21 anos, que desafiou o Presidente Obama sobre o impacto negativo que as san\u00e7\u00f5es dos EUA ao Zimbabu\u00e9 est\u00e3o a ter sobre os empres\u00e1rios daquele pa\u00eds. Ao levantar a quest\u00e3o \u2013 e ao extrair do Presidente a promessa de rever a pol\u00edtica para considerar o financiamento de projectos que fariam avan\u00e7ar o pa\u00eds \u2013 o Sr. Chingozo ilustra perfeitamente como os empres\u00e1rios podem e devem envolver-se com os decisores pol\u00edticos e l\u00edderes, tanto no pa\u00eds como no estrangeiro, em a fim de criar um clima verdadeiramente favor\u00e1vel ao desenvolvimento econ\u00f3mico e \u00e0 riqueza social.<\/p>\n<p style=\"color: #000000; text-align: left;\" align=\"justify\">\n<p style=\"color: #000000; text-align: left;\" align=\"justify\">\n<p style=\"color: #000000; text-align: left;\" align=\"justify\">Se a Cimeira conduzir a mais conversas deste tipo, a mais envolvimento, a mais colabora\u00e7\u00e3o e a mais empreendedorismo, ent\u00e3o poderemos certamente celebrar o seu sucesso. E se h\u00e1 sucesso a celebrar, ent\u00e3o as futuras gera\u00e7\u00f5es de estudantes de hist\u00f3ria africana escrever\u00e3o um dia sobre estes acontecimentos nas suas disserta\u00e7\u00f5es de doutoramento como o momento em que a mar\u00e9 mudou e o africapitalismo se tornou a abordagem para o envolvimento global com \u00c1frica, e o continente foi mudou para sempre para o benef\u00edcio de todos.<\/p>","protected":false},"excerpt":{"rendered":"<p>Pelo Dr. Wiebe Boer, CEO, Funda\u00e7\u00e3o Tony Elumelu A Cimeira de L\u00edderes EUA-\u00c1frica foi uma experi\u00eancia not\u00e1vel para mim. Sou americano, mas nasci e cresci na Nig\u00e9ria e, como estudante de longa data da hist\u00f3ria africana, a profundidade, a amplitude e o foco das conversas durante a Cimeira impressionaram-me. Sa\u00ed confiante\u2026<\/p>","protected":false},"author":21,"featured_media":1378,"comment_status":"open","ping_status":"open","sticky":false,"template":"","format":"standard","meta":{"_exactmetrics_skip_tracking":false,"_exactmetrics_sitenote_active":false,"_exactmetrics_sitenote_note":"","_exactmetrics_sitenote_category":0,"cybocfi_hide_featured_image":"","footnotes":""},"categories":[20],"tags":[51],"class_list":["post-1375","post","type-post","status-publish","format-standard","has-post-thumbnail","hentry","category-articles","tag-us-africa-summit"],"_links":{"self":[{"href":"https:\/\/www.tonyelumelufoundation.org\/pt\/wp-json\/wp\/v2\/posts\/1375","targetHints":{"allow":["GET"]}}],"collection":[{"href":"https:\/\/www.tonyelumelufoundation.org\/pt\/wp-json\/wp\/v2\/posts"}],"about":[{"href":"https:\/\/www.tonyelumelufoundation.org\/pt\/wp-json\/wp\/v2\/types\/post"}],"author":[{"embeddable":true,"href":"https:\/\/www.tonyelumelufoundation.org\/pt\/wp-json\/wp\/v2\/users\/21"}],"replies":[{"embeddable":true,"href":"https:\/\/www.tonyelumelufoundation.org\/pt\/wp-json\/wp\/v2\/comments?post=1375"}],"version-history":[{"count":0,"href":"https:\/\/www.tonyelumelufoundation.org\/pt\/wp-json\/wp\/v2\/posts\/1375\/revisions"}],"wp:featuredmedia":[{"embeddable":true,"href":"https:\/\/www.tonyelumelufoundation.org\/pt\/wp-json\/"}],"wp:attachment":[{"href":"https:\/\/www.tonyelumelufoundation.org\/pt\/wp-json\/wp\/v2\/media?parent=1375"}],"wp:term":[{"taxonomy":"category","embeddable":true,"href":"https:\/\/www.tonyelumelufoundation.org\/pt\/wp-json\/wp\/v2\/categories?post=1375"},{"taxonomy":"post_tag","embeddable":true,"href":"https:\/\/www.tonyelumelufoundation.org\/pt\/wp-json\/wp\/v2\/tags?post=1375"}],"curies":[{"name":"wp","href":"https:\/\/api.w.org\/{rel}","templated":true}]}}