{"id":1415,"date":"2014-08-29T18:36:22","date_gmt":"2014-08-29T18:36:22","guid":{"rendered":"http:\/\/www.tonyelumelufoundation.org\/?post_type=article&amp;p=1415"},"modified":"2014-08-29T18:36:22","modified_gmt":"2014-08-29T18:36:22","slug":"cimeira-dos-eua-africa-dr-wiebe-boers-photo-blog","status":"publish","type":"post","link":"https:\/\/www.tonyelumelufoundation.org\/pt\/articles\/us-africa-summit-dr-wiebe-boers-photo-blog","title":{"rendered":"Depois da Cimeira EUA-\u00c1frica: Blog fotogr\u00e1fico do Dr. Wiebe Boer"},"content":{"rendered":"<p>&nbsp;<\/p>\n<p>CEO da Funda\u00e7\u00e3o Tony Elumelu <strong>Dr. Wiebe Boer <\/strong>acompanhou Tony Elumelu durante a Cimeira EUA-\u00c1frica este m\u00eas e saiu inspirado. Abaixo est\u00e3o suas lembran\u00e7as e momentos favoritos da viagem.<\/p>\n<p><strong>1. Jantar das Mil e Uma Vozes (1k1v)<\/strong><\/p>\n<p style=\"text-align: center;\"><strong><img fetchpriority=\"high\" decoding=\"async\" class=\"alignnone  wp-image-1416\" src=\"https:\/\/www.tonyelumelufoundation.org\/wp-content\/uploads\/2014\/08\/Wiebes-Blog-1.png\" alt=\"Blog de Wiebe 1\" width=\"523\" height=\"350\" \/>\u00a0<\/strong><\/p>\n<p>Nossa primeira parada foi no hist\u00f3rico Monte. Vernon, a resid\u00eancia privada do presidente George Washington. Nesta foto, Tony Elumelu, tamb\u00e9m conhecido como TOE, cumprimentava seu amigo Mike Milken em frente a uma pintura da resid\u00eancia original de Washington. Enquanto estive l\u00e1, fiquei impressionado com a import\u00e2ncia hist\u00f3rica deste lugar, onde foram tomadas tantas decis\u00f5es que moldaram o mundo.<\/p>\n<p><strong>2. A entrevista com Marie Toure da \u00c1frica24<\/strong><\/p>\n<p style=\"text-align: center;\"><strong>\u00a0<\/strong><img decoding=\"async\" class=\"alignnone size-full wp-image-1417\" src=\"https:\/\/www.tonyelumelufoundation.org\/wp-content\/uploads\/2014\/08\/Wiebes-Blog-2.png\" alt=\"Blog de Wiebe 2\" width=\"523\" height=\"350\" \/><\/p>\n<p>Durante esta entrevista \u00e0 TOE, fiquei impressionado com uma pergunta que a Sra. Toure fez \u2013 \u201cPor que n\u00e3o existem bilion\u00e1rios africanos franc\u00f3fonos?\u201d Esta quest\u00e3o realmente deixou claro para mim que, como Funda\u00e7\u00e3o, precisamos de fazer muito mais para promover o empreendedorismo na \u00c1frica Franc\u00f3fona.<\/p>\n<p>&nbsp;<\/p>\n<p><strong>3. Os L\u00edderes Africanos chegaram \u00e0 Cimeira com o que o TOE descreveu na sua palestra como \u201cConfian\u00e7a e Compet\u00eancia\u201d<\/strong><\/p>\n<p style=\"text-align: center;\"><img decoding=\"async\" class=\"alignnone  wp-image-1418\" src=\"https:\/\/www.tonyelumelufoundation.org\/wp-content\/uploads\/2014\/08\/Wiebes-Blog-3.png\" alt=\"Blog de Wiebe 3\" width=\"598\" height=\"595\" \/><\/p>\n<p>A Cimeira foi t\u00e3o hist\u00f3rica para mim devido \u00e0 clara mudan\u00e7a no tom das mensagens e no n\u00edvel de envolvimento do lado africano. Os l\u00edderes africanos foram a DC com uma lista do que fazer e do que n\u00e3o fazer para os seus hom\u00f3logos americanos, onde no passado chegaram em busca de ajuda, desta vez procuravam algo mais sustent\u00e1vel e mais tang\u00edvel - parcerias iguais, mas lideradas por africanos.<\/p>\n<p>&nbsp;<\/p>\n<p><strong>4. Nosso coquetel<\/strong><\/p>\n<p style=\"text-align: center;\"><strong>\u00a0<\/strong><strong><img loading=\"lazy\" decoding=\"async\" class=\"alignnone size-full wp-image-1419\" src=\"https:\/\/www.tonyelumelufoundation.org\/wp-content\/uploads\/2014\/08\/Wiebes-Blog-4.png\" alt=\"Blog de Wiebe 4\" width=\"523\" height=\"350\" \/>\u00a0<\/strong><\/p>\n<p>Um dos acontecimentos mais comentados da semana acabou por ser a recep\u00e7\u00e3o da Heirs Holdings realizada em parceria com o BCIU e outros. Ficou claro pelo n\u00famero de l\u00edderes empresariais e pol\u00edticos de ambos os lados do Atl\u00e2ntico que se tratava de um evento importante. Havia at\u00e9 funcion\u00e1rios do governo dos EUA de diferentes lados do corredor, desde a secret\u00e1ria do Com\u00e9rcio, Penny Pritzker, at\u00e9 ao antigo l\u00edder da maioria na C\u00e2mara dos Representantes, Eric Cantor. O burburinho em torno do evento em si foi que soprou uma nova brisa que est\u00e1 a mudar a forma como os Estados Unidos e as na\u00e7\u00f5es de \u00c1frica se relacionam entre si, e o sector privado e os seus l\u00edderes est\u00e3o a impulsionar essa mudan\u00e7a.<\/p>\n<p>&nbsp;<\/p>\n<p><strong>5. O presidente do Banco Mundial, Jim Kim, re\u00fane-se com o TOE e discute o empreendedorismo africano<\/strong><\/p>\n<p style=\"text-align: center;\"><strong>\u00a0<img loading=\"lazy\" decoding=\"async\" class=\"alignnone  wp-image-1420\" src=\"https:\/\/www.tonyelumelufoundation.org\/wp-content\/uploads\/2014\/08\/Wiebes-Blog-5.png\" alt=\"Blog de Wiebe 5\" width=\"523\" height=\"467\" \/><\/strong><\/p>\n<p>O l\u00edder do Banco Mundial \u00e9 geralmente uma das pessoas mais proeminentes e conhecidas do mundo, por isso, quando Jim Kim, actual chefe do Banco Mundial, soube que eu trabalhava para Tony Elumelu, disse: \u201cele \u00e9 o homem, preciso encontr\u00e1-lo\u201d, reflectiu um reconhecimento real e rapidamente crescente do papel da TOE na lideran\u00e7a do sector privado africano, o que foi bastante encorajador e emocionante de testemunhar.<\/p>\n<p>&nbsp;<\/p>\n<p>6. <strong>Trabalhar nas primeiras horas da noite para manter a bola rolando<\/strong><\/p>\n<p style=\"text-align: center;\">\u00a0<img loading=\"lazy\" decoding=\"async\" class=\"alignnone size-full wp-image-1421\" src=\"https:\/\/www.tonyelumelufoundation.org\/wp-content\/uploads\/2014\/08\/Wiebes-Blog-6.png\" alt=\"Blog de Wiebe 6\" width=\"523\" height=\"350\" \/><\/p>\n<p>Na noite anterior \u00e0 realiza\u00e7\u00e3o da parte de neg\u00f3cios da C\u00fapula, eu estava no centro de neg\u00f3cios \u00e0s 2h, me preparando para o que se tornaria a segunda parte mais importante da C\u00fapula - pelo menos para mim.<\/p>\n<p>&nbsp;<\/p>\n<p>7. <strong>A entrevista da Arise TV rende uma surpresa inesperada<\/strong><\/p>\n<p style=\"text-align: center;\">\u00a0<img loading=\"lazy\" decoding=\"async\" class=\"alignnone size-full wp-image-1422\" src=\"https:\/\/www.tonyelumelufoundation.org\/wp-content\/uploads\/2014\/08\/Wiebes-Blog-7.png\" alt=\"Blog de Wiebe 7\" width=\"523\" height=\"350\" \/><\/p>\n<p>Fiquei agradavelmente surpreendido quando um amigo dos meus tempos de Nairobi, Jeff Koinange, foi o correspondente que entrevistou o TOE para a Arise TV.<\/p>\n<p>&nbsp;<\/p>\n<p>8. <strong>Mantendo o show em movimento\u00a0\u00a0\u00a0\u00a0\u00a0\u00a0\u00a0\u00a0\u00a0\u00a0\u00a0\u00a0\u00a0\u00a0 <\/strong><\/p>\n<p style=\"text-align: center;\"><strong>\u00a0<\/strong><strong><img loading=\"lazy\" decoding=\"async\" class=\"alignnone  wp-image-1423\" src=\"https:\/\/www.tonyelumelufoundation.org\/wp-content\/uploads\/2014\/08\/Wiebes-Blog-8.png\" alt=\"Blog de Wiebe 8\" width=\"523\" height=\"549\" \/>\u00a0<\/strong><\/p>\n<p>Embora fosse dif\u00edcil resistir ao glamour do vibrante cen\u00e1rio de networking de DC \u2014 especialmente durante a C\u00fapula \u2014, havia trabalho a fazer. Aqui estou eu, trabalhando com Charles Aigbe, meu colega da UBA, esperando que o TOE termine uma entrevista e passe para a pr\u00f3xima reuni\u00e3o.<\/p>\n<p>&nbsp;<\/p>\n<p><strong>9. Discutindo as rela\u00e7\u00f5es EUA-\u00c1frica e M\u00e9dio Oriente<\/strong><\/p>\n<p style=\"text-align: center;\"><strong>\u00a0<img loading=\"lazy\" decoding=\"async\" class=\"alignnone  wp-image-1424\" src=\"https:\/\/www.tonyelumelufoundation.org\/wp-content\/uploads\/2014\/08\/Wiebes-Blog-9.png\" alt=\"Blog de Wiebe 9\" width=\"536\" height=\"610\" \/><\/strong><\/p>\n<p>A caminho do Jantar de Estado que o Presidente Obama ofereceu a delegados seleccionados na Casa Branca, TOE e John Kerry encontraram tempo para falar sobre as rela\u00e7\u00f5es entre os EUA e a \u00c1frica e o M\u00e9dio Oriente.<\/p>\n<p>&nbsp;<\/p>\n<p><strong>10. Susan Rice e eu, ervilhas em uma vagem<\/strong><\/p>\n<p style=\"text-align: center;\"><strong>\u00a0<img loading=\"lazy\" decoding=\"async\" class=\"alignnone  wp-image-1425\" src=\"https:\/\/www.tonyelumelufoundation.org\/wp-content\/uploads\/2014\/08\/Wiebes-Blog-10.png\" alt=\"Blog de Wiebe 10\" width=\"523\" height=\"588\" \/><\/strong><\/p>\n<p>TOE e eu est\u00e1vamos na mesa ao lado do presidente Obama e sentados com Susan Rice e seu marido Ian Cameron, bem como o presidente e a primeira-dama de Gana, o primeiro-ministro e os ministros das Rela\u00e7\u00f5es Exteriores da L\u00edbia e alguns outros. E embora Susan Rice, conselheira de seguran\u00e7a nacional do presidente Obama, seja uma das pessoas mais poderosas do governo dos EUA, ela foi calorosa e realista. Na verdade, seus pais moravam em Lagos antes de ela nascer, pois seu pai ajudava a fundar o Banco Central da Nig\u00e9ria. Rice e eu somos ex-alunos da McKinsey e seu marido cresceu na Ilha de Vancouver, assim como meu pai - ent\u00e3o havia muito em comum.<\/p>\n<p><strong>\u00a0<\/strong><\/p>\n<p><strong>11. O Presidente da Rep\u00fablica Federal da Nig\u00e9ria e eu, no Jantar de Estado<\/strong><\/p>\n<p>&nbsp;<\/p>\n<p style=\"text-align: center;\"><img loading=\"lazy\" decoding=\"async\" class=\"alignnone size-full wp-image-1426\" src=\"https:\/\/www.tonyelumelufoundation.org\/wp-content\/uploads\/2014\/08\/Wiebes-Blog-11.png\" alt=\"Blog de Wiebe 11\" width=\"523\" height=\"350\" \/><\/p>\n<p>J\u00e1 me encontrei com o presidente da Nig\u00e9ria no passado em ambientes muito formais, mas havia algo nesta reuni\u00e3o - senti-me orgulhoso por fazer parte do que certamente se tornar\u00e1 hist\u00f3ria e fiquei honrado por o Sr. de uma pequena delega\u00e7\u00e3o nigeriana no maior Jantar de Estado da hist\u00f3ria da Casa Branca.<\/p>\n<p>&nbsp;<\/p>\n<p><strong>12. Observa\u00e7\u00f5es de Obama durante o jantar na Casa Branca em homenagem aos l\u00edderes africanos<\/strong><\/p>\n<p style=\"text-align: center;\">\u00a0<img loading=\"lazy\" decoding=\"async\" class=\"alignnone  wp-image-1427\" src=\"https:\/\/www.tonyelumelufoundation.org\/wp-content\/uploads\/2014\/08\/Wiebes-Blog-12.png\" alt=\"Blog de Wiebe 12\" width=\"523\" height=\"543\" \/><\/p>\n<p>No seu discurso, o Presidente Barack Obama reconheceu o papel que o facto de ser de ascend\u00eancia africana teve na sua forma\u00e7\u00e3o. Momento incr\u00edvel. E eu estava sentado ali.<\/p>\n<p>&nbsp;<\/p>\n<p><strong>13. A caminho do Capit\u00f3lio, para pressionar pela Electrify Africa<\/strong><\/p>\n<p style=\"text-align: center;\">\u00a0<img loading=\"lazy\" decoding=\"async\" class=\"alignnone  wp-image-1428\" src=\"https:\/\/www.tonyelumelufoundation.org\/wp-content\/uploads\/2014\/08\/Wiebes-Blog-13.png\" alt=\"Blog de Wiebe 13\" width=\"523\" height=\"576\" \/><\/p>\n<p>Fiquei emocionado com o tamanho e a escala do que fomos fazer em Washington. Sou TOE e eu quando nos aproximamos do edif\u00edcio do Capit\u00f3lio, para apelar diretamente ao Congresso para aprovar uma legisla\u00e7\u00e3o importante.<\/p>\n<p>&nbsp;<\/p>\n<p><strong>14. Saindo do Morro e se preparando para mais trabalho<\/strong><\/p>\n<p style=\"text-align: center;\"><strong>\u00a0<\/strong><strong><img loading=\"lazy\" decoding=\"async\" class=\"alignnone  wp-image-1429\" src=\"https:\/\/www.tonyelumelufoundation.org\/wp-content\/uploads\/2014\/08\/Wiebes-Blog-14.png\" alt=\"Blog de Wiebe 14\" width=\"523\" height=\"556\" \/>\u00a0<\/strong><\/p>\n<p>A Cimeira foi um evento importante e cujos resultados certamente ter\u00e3o impacto no desenvolvimento de \u00c1frica nos pr\u00f3ximos anos. Ao sairmos da Cimeira e nos prepararmos para deixar DC, ficou claro que, embora tenham sido feitos muitos progressos, ainda h\u00e1 mais por vir.<\/p>\n<p>&nbsp;<\/p>\n<p>Siga a Funda\u00e7\u00e3o Tony Elumelu no Twitter <a href=\"https:\/\/twitter.com\/TonyElumeluFDN\" target=\"_blank\" rel=\"noopener\">@TonyElumeluFDN<\/a> e no Facebook em <a href=\"https:\/\/www.facebook.com\/thetonyelumelufoundation\" target=\"_blank\" rel=\"noopener\">www.facebook.com\/thetonyelumelufoundation<\/a><\/p>\n<p>&nbsp;<\/p>","protected":false},"excerpt":{"rendered":"<p>&nbsp; O CEO da Funda\u00e7\u00e3o Tony Elumelu, Dr. Wiebe Boer, acompanhou Tony Elumelu durante a Cimeira EUA-\u00c1frica este m\u00eas e saiu inspirado. Abaixo est\u00e3o as suas mem\u00f3rias e momentos favoritos da viagem. 1. Jantar das Mil e Uma Vozes (1k1v) A nossa primeira paragem foi no hist\u00f3rico Mt. Vernon, a resid\u00eancia privada do Presidente George Washington. Em ...<\/p>","protected":false},"author":21,"featured_media":1428,"comment_status":"open","ping_status":"open","sticky":false,"template":"","format":"standard","meta":{"_exactmetrics_skip_tracking":false,"_exactmetrics_sitenote_active":false,"_exactmetrics_sitenote_note":"","_exactmetrics_sitenote_category":0,"cybocfi_hide_featured_image":"","footnotes":""},"categories":[20],"tags":[],"class_list":["post-1415","post","type-post","status-publish","format-standard","has-post-thumbnail","hentry","category-articles"],"_links":{"self":[{"href":"https:\/\/www.tonyelumelufoundation.org\/pt\/wp-json\/wp\/v2\/posts\/1415","targetHints":{"allow":["GET"]}}],"collection":[{"href":"https:\/\/www.tonyelumelufoundation.org\/pt\/wp-json\/wp\/v2\/posts"}],"about":[{"href":"https:\/\/www.tonyelumelufoundation.org\/pt\/wp-json\/wp\/v2\/types\/post"}],"author":[{"embeddable":true,"href":"https:\/\/www.tonyelumelufoundation.org\/pt\/wp-json\/wp\/v2\/users\/21"}],"replies":[{"embeddable":true,"href":"https:\/\/www.tonyelumelufoundation.org\/pt\/wp-json\/wp\/v2\/comments?post=1415"}],"version-history":[{"count":0,"href":"https:\/\/www.tonyelumelufoundation.org\/pt\/wp-json\/wp\/v2\/posts\/1415\/revisions"}],"wp:featuredmedia":[{"embeddable":true,"href":"https:\/\/www.tonyelumelufoundation.org\/pt\/wp-json\/"}],"wp:attachment":[{"href":"https:\/\/www.tonyelumelufoundation.org\/pt\/wp-json\/wp\/v2\/media?parent=1415"}],"wp:term":[{"taxonomy":"category","embeddable":true,"href":"https:\/\/www.tonyelumelufoundation.org\/pt\/wp-json\/wp\/v2\/categories?post=1415"},{"taxonomy":"post_tag","embeddable":true,"href":"https:\/\/www.tonyelumelufoundation.org\/pt\/wp-json\/wp\/v2\/tags?post=1415"}],"curies":[{"name":"wp","href":"https:\/\/api.w.org\/{rel}","templated":true}]}}