{"id":14413,"date":"2021-03-09T17:48:29","date_gmt":"2021-03-09T16:48:29","guid":{"rendered":"https:\/\/www.tonyelumelufoundation.org\/?p=14413"},"modified":"2021-03-10T08:58:42","modified_gmt":"2021-03-10T07:58:42","slug":"devemos-tirar-a-africa-da-pobreza-diz-tony-elumelu-na-cimeira-do-governo-mundial-de-2021","status":"publish","type":"post","link":"https:\/\/www.tonyelumelufoundation.org\/pt\/news\/we-must-power-africa-out-of-poverty-tony-elumelu-says-at-the-world-government-summit-2021","title":{"rendered":"\u201cDevemos tirar \u00c1frica da pobreza\u201d, afirma Tony Elumelu na Cimeira Mundial do Governo de 2021"},"content":{"rendered":"<p>Na ter\u00e7a-feira, 9 de mar\u00e7o, o fundador da Funda\u00e7\u00e3o Tony Elumelu, Tony O. Elumelu, juntou-se \u00e0 \u00e2ncora da CNN, Eleni Giokos, em um bate-papo ao lado do ser\u00e3o no 2021 <a href=\"https:\/\/www.youtube.com\/watch?v=WUtb4SsYLOA&amp;ab_channel=WorldGovernmentSummit\" target=\"_blank\" rel=\"noopener\">C\u00fapula Mundial do Governo<\/a> (WGS21), um evento anual realizado em Dubai, Emirados \u00c1rabes Unidos, que re\u00fane l\u00edderes governamentais para um di\u00e1logo global sobre processos e pol\u00edticas governamentais.<\/p>\n\n\n\n<p>No evento organizado por Sua Excel\u00eancia o Xeque Mohammad Bin Rashid Al Maktoum, Primeiro Ministro dos Emirados \u00c1rabes Unidos (EAU), e subordinado ao tema \u201cO Futuro de \u00c1frica P\u00f3s 2021\u201d, o Sr.<strong> <\/strong>discutiram as mudan\u00e7as que varreram \u00c1frica no que diz respeito \u00e0 economia, geopol\u00edtica e governa\u00e7\u00e3o p\u00f3s-pandemia, e o que o futuro reserva para o continente.<\/p>\n\n\n\n<p><strong>Aqui est\u00e3o algumas cita\u00e7\u00f5es ressonantes do evento:<\/strong><\/p>\n\n\n\n<ul class=\"wp-block-list\"><li>N\u00e3o nos preparamos para a pandemia, mas \u00e9 tudo uma quest\u00e3o de agilidade, agilidade e rapidez de adapta\u00e7\u00e3o.<\/li><li>Precisamos ter agilidade inerente naquilo que fazemos para que possamos reagir rapidamente \u00e0s mudan\u00e7as.<\/li><li>N\u00e3o se trata mais de estar trancado, trata-se de conviver com esta pandemia.<\/li><li>Em meu ponto de vista, o empreendedorismo e o apoio \u00e0s pequenas e m\u00e9dias empresas s\u00e3o uma das formas de abordar a pobreza de uma forma fundamental.<\/li><li>Em \u00c1frica, h\u00e1 um limite para o que pode ser feito para transformar a economia se n\u00e3o investirmos em electricidade \u2013 se n\u00e3o melhorarmos o acesso \u00e0 electricidade.<\/li><li>Sem acesso \u00e0 electricidade, n\u00e3o podemos digitalizar a nossa economia e comunidades locais, e \u00e9 aqui que reside e vive a maior parte da nossa popula\u00e7\u00e3o, o que tamb\u00e9m \u00e9 significativo em termos do sector informal que impulsiona a economia africana.<\/li><li>Devemos tirar \u00c1frica da pobreza.<\/li><li>A pandemia apresenta uma oportunidade para repensarmos, redefinirmos e redefinirmos prioridades em \u00c1frica.<\/li><li>O acesso \u00e0 electricidade em \u00c1frica est\u00e1 no centro da luta pela redu\u00e7\u00e3o da pobreza.<\/li><li>Precisamos pensar a longo prazo. Precisamos de pensar no que nos ajudar\u00e1 a lidar com as futuras pandemias que inevitavelmente ocorrer\u00e3o.<\/li><li>O poder n\u00e3o pode ser fixado isoladamente. Portanto, para n\u00f3s, o investimento de $1,1 mil milh\u00f5es que fizemos em Janeiro destina-se a ajudar a concretizar ainda mais a nossa vis\u00e3o de uma \u00c1frica pr\u00f3spera, constru\u00edda sobre um acesso s\u00f3lido \u00e0 electricidade para todos.<\/li><li>\u00c1frica, num momento como este, precisa de investimentos maci\u00e7os em infra-estruturas, em particular na energia, para ajudar a corrigir o n\u00edvel de pobreza que vemos.<\/li><li>Para n\u00f3s, como l\u00edderes empresariais em \u00c1frica, demonstramos confian\u00e7a no nosso continente, investindo no continente, atraindo investidores para o continente e ajudando neste processo a criar empregos.<\/li><li>A riqueza para uma pessoa da fam\u00edlia n\u00e3o d\u00e1 seguran\u00e7a. O que d\u00e1 seguran\u00e7a \u00e9 vermos que democratizamos ao m\u00e1ximo a prosperidade que nos rodeia.<\/li><li>Precisamos de um novo plano Marshall para \u00c1frica. Isto, para mim, deveria ser no dom\u00ednio da melhoria do acesso \u00e0 electricidade. Uma vez feito isso em grande parte, todas as outras coisas se encaixam.<\/li><li>O que encorajo outros investidores a fazer \u00e9 pensar a longo prazo em \u00c1frica. N\u00e3o h\u00e1 outro lugar onde voc\u00ea obtenha o mesmo retorno sobre os investimentos que obt\u00e9m na \u00c1frica.<\/li><li>As pessoas veem riscos, n\u00f3s vemos oportunidades. Buscamos oportunidades e vemos como mitigar os riscos.<\/li><li>Na maioria das vezes, as empresas come\u00e7am bem, mas a m\u00e1 gest\u00e3o leva ao fracasso precoce.<\/li><li>Atrav\u00e9s da Funda\u00e7\u00e3o Tony Elumelu, tentamos servir de modelo e criar para ver como, atrav\u00e9s do empreendedorismo e do apoio aos numerosos jovens africanos, podemos ajudar a aliviar a pobreza. Este \u00e9 o tipo de interven\u00e7\u00e3o, especialmente num momento como este, que precisamos em \u00c1frica para dar esperan\u00e7a aos jovens africanos.<\/li><\/ul>\n\n\n\n<p>A Funda\u00e7\u00e3o Tony Elumelu est\u00e1 atualmente aceitando inscri\u00e7\u00f5es para o Programa de Empreendedorismo da Funda\u00e7\u00e3o Tony Elumelu 2021. Todos os jovens africanos, homens e mulheres, com ideias de neg\u00f3cio brilhantes ou start-ups s\u00e3o convidados a candidatar-se&nbsp;<a href=\"https:\/\/tefconnect.net\/\" target=\"_blank\" rel=\"noopener\">tefconnect. com<\/a><\/p>","protected":false},"excerpt":{"rendered":"<p>Na ter\u00e7a-feira, 9 de mar\u00e7o, o fundador da Funda\u00e7\u00e3o Tony Elumelu, Tony O. Elumelu, juntou-se \u00e0 \u00e2ncora da CNN, Eleni Giokos, em um bate-papo ao lado da C\u00fapula Mundial do Governo de 2021 (WGS21), um evento anual realizado em Dubai, Emirados \u00c1rabes Unidos, que re\u00fane l\u00edderes governamentais para um di\u00e1logo global sobre processos e pol\u00edticas governamentais. No evento \u2026<\/p>","protected":false},"author":21,"featured_media":14414,"comment_status":"closed","ping_status":"open","sticky":false,"template":"","format":"standard","meta":{"_exactmetrics_skip_tracking":false,"_exactmetrics_sitenote_active":false,"_exactmetrics_sitenote_note":"","_exactmetrics_sitenote_category":0,"cybocfi_hide_featured_image":"","footnotes":""},"categories":[18],"tags":[67,321,47,49,320],"class_list":["post-14413","post","type-post","status-publish","format-standard","has-post-thumbnail","hentry","category-news","tag-african-entrepreneurs","tag-cnn","tag-tony-elumelu","tag-tony-elumelu-foundation","tag-world-economic-summit"],"_links":{"self":[{"href":"https:\/\/www.tonyelumelufoundation.org\/pt\/wp-json\/wp\/v2\/posts\/14413","targetHints":{"allow":["GET"]}}],"collection":[{"href":"https:\/\/www.tonyelumelufoundation.org\/pt\/wp-json\/wp\/v2\/posts"}],"about":[{"href":"https:\/\/www.tonyelumelufoundation.org\/pt\/wp-json\/wp\/v2\/types\/post"}],"author":[{"embeddable":true,"href":"https:\/\/www.tonyelumelufoundation.org\/pt\/wp-json\/wp\/v2\/users\/21"}],"replies":[{"embeddable":true,"href":"https:\/\/www.tonyelumelufoundation.org\/pt\/wp-json\/wp\/v2\/comments?post=14413"}],"version-history":[{"count":0,"href":"https:\/\/www.tonyelumelufoundation.org\/pt\/wp-json\/wp\/v2\/posts\/14413\/revisions"}],"wp:featuredmedia":[{"embeddable":true,"href":"https:\/\/www.tonyelumelufoundation.org\/pt\/wp-json\/wp\/v2\/media\/14414"}],"wp:attachment":[{"href":"https:\/\/www.tonyelumelufoundation.org\/pt\/wp-json\/wp\/v2\/media?parent=14413"}],"wp:term":[{"taxonomy":"category","embeddable":true,"href":"https:\/\/www.tonyelumelufoundation.org\/pt\/wp-json\/wp\/v2\/categories?post=14413"},{"taxonomy":"post_tag","embeddable":true,"href":"https:\/\/www.tonyelumelufoundation.org\/pt\/wp-json\/wp\/v2\/tags?post=14413"}],"curies":[{"name":"wp","href":"https:\/\/api.w.org\/{rel}","templated":true}]}}