{"id":14575,"date":"2021-03-30T10:43:54","date_gmt":"2021-03-30T09:43:54","guid":{"rendered":"https:\/\/www.tonyelumelufoundation.org\/?p=14575"},"modified":"2022-08-24T11:50:49","modified_gmt":"2022-08-24T10:50:49","slug":"dando-o-salto-para-o-empreendedorismo","status":"publish","type":"post","link":"https:\/\/www.tonyelumelufoundation.org\/pt\/south-africa\/taking-the-leap-into-entrepreneurship","title":{"rendered":"Dando o salto para o empreendedorismo"},"content":{"rendered":"<h3 class=\"wp-block-heading\"><em>com o empres\u00e1rio do Botsuana Nametso Matlhaga<\/em><\/h3>\n\n\n\n<p>Todo empreendedor est\u00e1 familiarizado com o sentimento de apreens\u00e3o antes de dar o salto para come\u00e7ar um novo neg\u00f3cio ou se tornar um empreendedor: Eu tenho o que \u00e9 preciso? Vale a pena? Como posso come\u00e7ar?<\/p>\n\n\n\n<p>Passar por esse est\u00e1gio geralmente requer valida\u00e7\u00e3o de ideias e explora\u00e7\u00e3o para entender mais sobre seu setor e produto.<\/p>\n\n\n\n<p>Nesta entrevista \u00e0 Funda\u00e7\u00e3o Tony Elumelu, a empres\u00e1ria do Botswana Nametso Matlhaga, uma jovem empres\u00e1ria de 33 anos com uma d\u00e9cada de experi\u00eancia em joalharia, produ\u00e7\u00e3o e retalho no Botswana, partilha a sua jornada para se tornar uma empreendedora em \u00c1frica.<\/p>\n\n\n\n<p><strong>Influ\u00eancias na carreira<\/strong><\/p>\n\n\n\n<p>Nametso adora trabalhar em seus pr\u00f3prios termos, dando vida \u00e0 sua vis\u00e3o para criar seu pr\u00f3prio legado. Ela cresceu em uma fam\u00edlia de tr\u00eas pessoas, cercada por empreendedores, trabalhando com seu tio, que tinha uma joalheria na qual cresci trabalhando durante as f\u00e9rias escolares.<\/p>\n\n\n\n<p>\u201cAos 18 anos, comecei meu primeiro neg\u00f3cio que foi uma constru\u00e7\u00e3o. A empresa estava ganhando dinheiro, mas era um desafio lidar com meus funcion\u00e1rios e clientes, pois eu era relativamente jovem e havia recentemente iniciado um neg\u00f3cio independente\u201d, diz ela.<\/p>\n\n\n\n<p>Mais tarde, Nametso deixou a constru\u00e7\u00e3o para estabelecer seu pr\u00f3prio neg\u00f3cio de fabrica\u00e7\u00e3o de joias. \u201cJ\u00e1 se passaram 10 anos desde que me aventurei na Matthan Jewlery, meu neg\u00f3cio de joias. Sempre quis trabalhar num setor dominado por homens, o que tem sido um grande motivador para prosseguir e crescer como empreendedor. Desde h\u00e1 muito tempo, sei que a maioria dos joalheiros s\u00e3o homens, por isso queria mudar esse recorde, especialmente no meu pa\u00eds e em \u00c1frica, de que tamb\u00e9m as mulheres podem aventurar-se na fabrica\u00e7\u00e3o de j\u00f3ias. Adoro meu trabalho, embora ele n\u00e3o me permita fazer as unhas.\u201d<\/p>\n\n\n\n<p><strong>Entrando no Programa de Empreendedorismo TEF<\/strong><\/p>\n\n\n\n<p>Nametso conta a hist\u00f3ria de como conheceu um ex-aluno da Funda\u00e7\u00e3o Mavis Nduchwa. Em 2017, Mavis, que tamb\u00e9m foi selecionado para a Coorte de 2015, estava conversando com empreendedores sobre as oportunidades que o Programa oferece aos empreendedores em Kasane. Foi aqui que Nametso decidiu tentar a sorte e depois chegou \u00e0 coorte de 2018.<\/p>\n\n\n\n<p>\u201cConclu\u00ed com sucesso o programa de treinamento em empreendedorismo da Funda\u00e7\u00e3o Tony Elumelu de 2018. Tem sido uma jornada incr\u00edvel para mim e me beneficiei muito com o treinamento. Muito disso tem a ver com disciplina financeira, branding, marca pessoal, marketing e muito mais sobre networking. Desde a experi\u00eancia do TEF, tenho a mente mais aberta. Estou orientando jovens do Botswana que est\u00e3o indo extremamente bem em seus neg\u00f3cios e alguns deles foram selecionados para o programa TEF em 2019.\u201d<\/p>\n\n\n\n<p>\u201cNo F\u00f3rum TEF, adorei a competi\u00e7\u00e3o de pitching, embora seja uma pessoa bastante t\u00edmida, mas foi incr\u00edvel ver como os jovens em \u00c1frica t\u00eam tanto para oferecer ao nosso continente e foi necess\u00e1rio o sonho de um homem para realmente ver isso e colocar est\u00e1 l\u00e1 fora para o mundo ver. Os jovens africanos s\u00e3o talentosos, s\u00e3o um pacote completo. Sou fortemente a favor do empreendedorismo, do empoderamento das mulheres, da orienta\u00e7\u00e3o e acredito no pensamento positivo.\u201d<\/p>\n\n\n\n<p><strong>Superando os desafios encontrados<\/strong><\/p>\n\n\n\n<p>\u00c0 medida que os efeitos da pandemia de Covid-19 repercutiam em todo o mundo, ela decidiu aprender e abra\u00e7ar o desafio trazido pelos efeitos dos confinamentos e das mudan\u00e7as no que era \u201cnormal\u201d. \u201cTemos aumentado ativamente nossas plataformas de m\u00eddia social e nos mobilizado para vendas on-line, que \u00e9 uma \u00e1rea que pretendemos crescer nesta temporada.\u201d<\/p>\n\n\n\n<p>Alguns dos desafios que enfrentei foram o capital para fazer crescer o neg\u00f3cio, que consegui atrav\u00e9s da Funda\u00e7\u00e3o Tony Elumelu. Ter as compet\u00eancias empreendedoras certas foi um desafio e esses conhecimentos e compet\u00eancias s\u00e3o fundamentais para gerir um neg\u00f3cio de sucesso. O programa de empreendedorismo do TEF foi fundamental para fornecer n\u00e3o apenas o financiamento, mas tamb\u00e9m as compet\u00eancias e conhecimentos empresariais para executar um neg\u00f3cio de sucesso.<\/p>\n\n\n\n<p><strong>Marco<\/strong><\/p>\n\n\n\n<p>A Nametso est\u00e1 a expandir as opera\u00e7\u00f5es comerciais no Botswana e afirma que est\u00e1 a aumentar a produ\u00e7\u00e3o e a satisfazer com sucesso a procura do mercado.<\/p>\n\n\n\n<p>\u201cRegistramos com sucesso nosso neg\u00f3cio na Nig\u00e9ria, que nos concentramos em operar at\u00e9 junho de 2021.\u201d<\/p>\n\n\n\n<p>\u201cO meu plano \u00e9 ter mais duas filiais no Botswana at\u00e9 2021 e uma a operar na Nig\u00e9ria. Embora estejamos vendendo com sucesso em todo o pa\u00eds por meio de entregadores de vendas on-line, vemos potencial no aumento das vendas com filiais adicionais.\u201d<\/p>\n\n\n\n<p><strong>Impacto<\/strong><\/p>\n\n\n\n<p>Matthan Jewlery tem atualmente 5 funcion\u00e1rios. Al\u00e9m de empregar membros da sua localidade, Nametso tamb\u00e9m mobiliza ativamente empres\u00e1rios na sua localidade para se candidatarem ao Programa de Empreendedorismo TEF, com 4 candidatos que se inscreveram com sucesso e beneficiaram do programa de 2019.<\/p>\n\n\n\n<p>\u201cAprendi que paci\u00eancia \u00e9 fundamental para tornar seu objetivo e vis\u00e3o uma realidade. Atrav\u00e9s da experi\u00eancia que adquiri ao longo da minha jornada empreendedora, minha mente est\u00e1 aberta para tantas oportunidades ao nosso redor e como envolver-me de forma inteligente e aos recursos ao meu redor para realizar as coisas.<\/p>\n\n\n\n<p>Meu conselho aos jovens e outros aspirantes a empreendedores \u00e9 que somos bem capazes. Podemos, de facto, faz\u00ea-lo atrav\u00e9s do empreendedorismo, as nossas economias precisam de n\u00f3s, \u00c1frica precisa de n\u00f3s e voc\u00eas devem isso a si pr\u00f3prios tornarem-se tudo o que sempre sonharam ser.\u201d<\/p>","protected":false},"excerpt":{"rendered":"<p>com o empres\u00e1rio do Botswana Nametso Matlhaga Todo empres\u00e1rio est\u00e1 familiarizado com o sentimento de apreens\u00e3o imediatamente antes de dar o salto para come\u00e7ar um novo neg\u00f3cio ou tornar-se um empres\u00e1rio: Tenho o que \u00e9 preciso? Vale a pena? Como posso come\u00e7ar? Passar por esse est\u00e1gio geralmente requer validar ideias e explorar para entender mais\u2026<\/p>","protected":false},"author":21,"featured_media":14576,"comment_status":"closed","ping_status":"open","sticky":false,"template":"","format":"standard","meta":{"_exactmetrics_skip_tracking":false,"_exactmetrics_sitenote_active":false,"_exactmetrics_sitenote_note":"","_exactmetrics_sitenote_category":0,"cybocfi_hide_featured_image":"","footnotes":""},"categories":[57,365,335,331],"tags":[546,24,350,349,48,49,135],"class_list":["post-14575","post","type-post","status-publish","format-standard","has-post-thumbnail","hentry","category-south-africa","category-south-african-alumni","category-tef-testimonials","category-the-tef-circle","tag-tefwoman","tag-africa","tag-botswana","tag-nametso-matlhaga","tag-tony-elumelu-entrepreneur","tag-tony-elumelu-foundation","tag-tony-elumelu-foundation-entrepreneurship-programme"],"_links":{"self":[{"href":"https:\/\/www.tonyelumelufoundation.org\/pt\/wp-json\/wp\/v2\/posts\/14575","targetHints":{"allow":["GET"]}}],"collection":[{"href":"https:\/\/www.tonyelumelufoundation.org\/pt\/wp-json\/wp\/v2\/posts"}],"about":[{"href":"https:\/\/www.tonyelumelufoundation.org\/pt\/wp-json\/wp\/v2\/types\/post"}],"author":[{"embeddable":true,"href":"https:\/\/www.tonyelumelufoundation.org\/pt\/wp-json\/wp\/v2\/users\/21"}],"replies":[{"embeddable":true,"href":"https:\/\/www.tonyelumelufoundation.org\/pt\/wp-json\/wp\/v2\/comments?post=14575"}],"version-history":[{"count":0,"href":"https:\/\/www.tonyelumelufoundation.org\/pt\/wp-json\/wp\/v2\/posts\/14575\/revisions"}],"wp:featuredmedia":[{"embeddable":true,"href":"https:\/\/www.tonyelumelufoundation.org\/pt\/wp-json\/wp\/v2\/media\/14576"}],"wp:attachment":[{"href":"https:\/\/www.tonyelumelufoundation.org\/pt\/wp-json\/wp\/v2\/media?parent=14575"}],"wp:term":[{"taxonomy":"category","embeddable":true,"href":"https:\/\/www.tonyelumelufoundation.org\/pt\/wp-json\/wp\/v2\/categories?post=14575"},{"taxonomy":"post_tag","embeddable":true,"href":"https:\/\/www.tonyelumelufoundation.org\/pt\/wp-json\/wp\/v2\/tags?post=14575"}],"curies":[{"name":"wp","href":"https:\/\/api.w.org\/{rel}","templated":true}]}}