{"id":14794,"date":"2021-04-07T15:11:01","date_gmt":"2021-04-07T14:11:01","guid":{"rendered":"https:\/\/www.tonyelumelufoundation.org\/?p=14794"},"modified":"2022-04-22T11:53:11","modified_gmt":"2022-04-22T10:53:11","slug":"tony-o-elumelu-juventude-inquietacao-bomba-relogio-para-a-nigeria-outros","status":"publish","type":"post","link":"https:\/\/www.tonyelumelufoundation.org\/pt\/interviews-speeches\/tony-o-elumelu-youth-restiveness-ticking-time-bomb-for-nigeria-others","title":{"rendered":"Tony O. Elumelu: A inquieta\u00e7\u00e3o dos jovens \u00e9 uma bomba-rel\u00f3gio para a Nig\u00e9ria, outros"},"content":{"rendered":"<p><strong><a href=\"https:\/\/www.tonyelumelufoundation.org\/pt\/marcacao-2\/tony-elumelu\/\" target=\"_blank\" rel=\"noreferrer noopener\">Tony O. Elumelu<\/a><\/strong>, CON, presidente do United Bank for Africa, Heirs Holdings e fundador do <strong><a href=\"https:\/\/www.tonyelumelufoundation.org\/pt\/\" target=\"_blank\" rel=\"noreferrer noopener\">Funda\u00e7\u00e3o Tony Elumelu<\/a><\/strong>, fala para 21 mil jovens no <a href=\"https:\/\/www.jgiyc.com\/\" target=\"_blank\" rel=\"noreferrer noopener\">Confer\u00eancia Internacional da Juventude da Gera\u00e7\u00e3o Joshua<\/a> na Universidade da Nig\u00e9ria, Nsukka.<\/p>\n\n\n\n<p><\/p>\n\n\n\n<p>Bom Dia a todos,<\/p>\n\n\n\n<ul class=\"wp-block-list\"><li>O Primaz de toda a Nig\u00e9ria, Sua Gra\u00e7a, Reverend\u00edssimo Henry Ndukuba;<\/li><\/ul>\n\n\n\n<ul class=\"wp-block-list\"><li>O representante do Governador anfitri\u00e3o da confer\u00eancia da juventude, Governador do Estado de Enugu, Sua Excel\u00eancia, Sr. Ifeanyi Ugwuanyi;<\/li><\/ul>\n\n\n\n<ul class=\"wp-block-list\"><li>O representante do Governador do Estado do Delta, Sua Excel\u00eancia, Senador Ifeanyi Okowa;<\/li><\/ul>\n\n\n\n<ul class=\"wp-block-list\"><li>O Vice-Reitor da Universidade da Nig\u00e9ria, Nsukka, Professor Charles Arizechukwu Igwe;<\/li><\/ul>\n\n\n\n<ul class=\"wp-block-list\"><li>Os eminentes dignit\u00e1rios da Igreja da Nig\u00e9ria reuniram-se aqui hoje;<\/li><\/ul>\n\n\n\n<ul class=\"wp-block-list\"><li>E aos milhares de jovens reunidos aqui na Universidade de Nsukka para a Confer\u00eancia Internacional da Juventude da Gera\u00e7\u00e3o Joshua, todos os vinte e um mil de voc\u00eas, digo: parab\u00e9ns por participarem neste importante evento que ocorrer\u00e1 imediatamente ap\u00f3s a P\u00e1scoa.<\/li><\/ul>\n\n\n\n<ul class=\"wp-block-list\"><li>Devo come\u00e7ar por agradecer ao Primaz de toda a Nig\u00e9ria, Reverend\u00edssimo Henry Ndukuba, por v\u00e1rios motivos:<\/li><\/ul>\n\n\n\n<ul class=\"wp-block-list\"><li>Em primeiro lugar, pela organiza\u00e7\u00e3o deste evento oportuno e importante e por garantir o seu grande sucesso. Olhando para a multid\u00e3o presente aqui enquanto acompanho o programa online.<\/li><\/ul>\n\n\n\n<ul class=\"wp-block-list\"><li>A juventude \u00e9 a nossa maior for\u00e7a no continente africano, e eventos como este que d\u00e3o prioridade \u00e0 nossa juventude devem ser elogiados.<\/li><\/ul>\n\n\n\n<ul class=\"wp-block-list\"><li>Ent\u00e3o, obrigado, irm\u00e3o mais velho, obrigado, grande homem de Deus.<\/li><\/ul>\n\n\n\n<ul class=\"wp-block-list\"><li>Agrade\u00e7o tamb\u00e9m ao Primaz pelo seu caloroso convite para mim e, na verdade, pela sua consist\u00eancia em me acompanhar para garantir que eu fa\u00e7a a palestra de abertura desta confer\u00eancia.<\/li><\/ul>\n\n\n\n<ul class=\"wp-block-list\"><li>Obrigado tamb\u00e9m pela escolha acertada do tema e tema deste evento:<strong> &#039;\u00c1frica: desbloquear o nosso potencial, garantir o nosso futuro<\/strong>&#039;.<\/li><\/ul>\n\n\n\n<ul class=\"wp-block-list\"><li>Deixe-me apresentar-me, sou Tony Elumelu, Presidente do United Bank for Africa (UBA) Plc.<\/li><\/ul>\n\n\n\n<ul class=\"wp-block-list\"><li>A UBA opera em 20 pa\u00edses africanos e esta \u00e9 uma oportunidade maravilhosa para conversar com os jovens de \u00c1frica.<\/li><\/ul>\n\n\n\n<ul class=\"wp-block-list\"><li>Na Nig\u00e9ria, a UBA opera perto de 700 filiais em todas as partes do pa\u00eds, atendemos 25 milh\u00f5es de clientes e a maioria deles s\u00e3o jovens em toda a \u00c1frica.<\/li><\/ul>\n\n\n\n<ul class=\"wp-block-list\"><li>Os nossos jovens africanos s\u00e3o clientes orgulhosos da UBA, utilizam as nossas plataformas, cart\u00f5es e o bot digital Leo para as suas transa\u00e7\u00f5es.<\/li><\/ul>\n\n\n\n<ul class=\"wp-block-list\"><li>Quando recebi esse convite, pensei que seria uma maneira maravilhosa de falar com esses jovens.<\/li><\/ul>\n\n\n\n<ul class=\"wp-block-list\"><li>Tamb\u00e9m sou o presidente do Heirs Holdings Group. E o mais importante para mim \u00e9 que sou o fundador da Funda\u00e7\u00e3o Tony Elumelu.<\/li><\/ul>\n\n\n\n<ul class=\"wp-block-list\"><li>E por causa desta sess\u00e3o, falarei brevemente sobre o que fazemos na Funda\u00e7\u00e3o.<\/li><\/ul>\n\n\n\n<ul class=\"wp-block-list\"><li>O gentil orador que me apresentou falou sobre mais pessoas se inscrevendo no Programa de Empreendedorismo da Funda\u00e7\u00e3o em tefconnect.com.<\/li><\/ul>\n\n\n\n<ul class=\"wp-block-list\"><li>E acredito firmemente que a candidatura \u00e0 Funda\u00e7\u00e3o Tony Elumelu \u00e9 uma das formas de empoderar os jovens, e quero encorajar todos aqui a candidatarem-se.<\/li><\/ul>\n\n\n\n<ul class=\"wp-block-list\"><li>Aproveite, acesse TEFConnect.com e seja orientado sobre como se inscrever.<\/li><\/ul>\n\n\n\n<ul class=\"wp-block-list\"><li>Inscreva-se para o $5000 n\u00e3o reembols\u00e1vel, que \u00e9 o nosso compromisso de realmente capacitar os jovens africanos que acreditamos na TEF no futuro do continente.<\/li><\/ul>\n\n\n\n<p><strong>2. Contexto<\/strong><\/p>\n\n\n\n<ul class=\"wp-block-list\"><li>Deixe-me, portanto, definir um contexto \u00fatil para orientar nossa discuss\u00e3o de hoje:<\/li><\/ul>\n\n\n\n<ul class=\"wp-block-list\"><li>A \u00c1frica \u00e9 o continente mais jovem do mundo.<\/li><\/ul>\n\n\n\n<ul class=\"wp-block-list\"><li>Quase 60% da popula\u00e7\u00e3o de \u00c1frica tem menos de 25 anos.<\/li><\/ul>\n\n\n\n<ul class=\"wp-block-list\"><li>Na Nig\u00e9ria, estima-se que os jovens com 35 anos ou menos constituam 70% da popula\u00e7\u00e3o do pa\u00eds.<\/li><\/ul>\n\n\n\n<ul class=\"wp-block-list\"><li>No entanto, a taxa de desemprego na Nig\u00e9ria aumentou agora para cerca de 30% em Mar\u00e7o de 2021.<\/li><\/ul>\n\n\n\n<ul class=\"wp-block-list\"><li>Alguns estados t\u00eam at\u00e9 56% de toda a sua popula\u00e7\u00e3o jovem como desempregada.<\/li><\/ul>\n\n\n\n<ul class=\"wp-block-list\"><li>Em \u00c1frica, a situa\u00e7\u00e3o n\u00e3o \u00e9 muito diferente:<\/li><\/ul>\n\n\n\n<ul class=\"wp-block-list\"><li>Temos 65% de todos os africanos com menos de 35 anos e muitas destas pessoas n\u00e3o t\u00eam emprego remunerado.&nbsp;<\/li><\/ul>\n\n\n\n<ul class=\"wp-block-list\"><li>A pandemia de Covid e os confinamentos resultantes expuseram as vulnerabilidades da nossa estrutura populacional.<\/li><\/ul>\n\n\n\n<ul class=\"wp-block-list\"><li>Temos agora, como continente, a maior gera\u00e7\u00e3o jovem da hist\u00f3ria \u2013 esta popula\u00e7\u00e3o jovem \u00e9 a esperan\u00e7a de \u00c1frica, \u00e9 o nosso orgulho e \u00e9 o nosso potencial.<\/li><\/ul>\n\n\n\n<ul class=\"wp-block-list\"><li>A urg\u00eancia e a necessidade de desbloquear o potencial desta gera\u00e7\u00e3o s\u00e3o imperativas para a seguran\u00e7a do nosso futuro colectivo.<\/li><\/ul>\n\n\n\n<ul class=\"wp-block-list\"><li>\u00c9 por isso que elogio a todos voc\u00eas e ao Primaz por escolherem este tema.<\/li><\/ul>\n\n\n\n<ul class=\"wp-block-list\"><li>O que dever\u00edamos fazer? Como desbloquear o potencial da juventude africana para catalisar o desenvolvimento socioecon\u00f3mico do continente?<\/li><\/ul>\n\n\n\n<ul class=\"wp-block-list\"><li>A inquieta\u00e7\u00e3o dos jovens \u00e9 uma bomba-rel\u00f3gio e continuamos a enfrentar problemas diariamente em torno de:<\/li><\/ul>\n\n\n\n<ul class=\"wp-block-list\"><li>Extremismo<ul><li>Banditismo<\/li><\/ul><ul><li>Roubo<\/li><\/ul><ul><li>Matan\u00e7a sem sentido<\/li><\/ul><ul><li>Sequestro<\/li><\/ul><ul><li>Viol\u00eancia pol\u00edtica, para mencionar apenas alguns<\/li><\/ul><\/li><\/ul>\n\n\n\n<ul class=\"wp-block-list\"><li>A quest\u00e3o \u00e9: o que estamos fazendo para conter isso?<\/li><\/ul>\n\n\n\n<ul class=\"wp-block-list\"><li>O que estamos fazendo para garantir nosso pr\u00f3prio futuro?<\/li><\/ul>\n\n\n\n<ul class=\"wp-block-list\"><li>Primeiro, deve haver um elevado sentido de urg\u00eancia.<\/li><\/ul>\n\n\n\n<ul class=\"wp-block-list\"><li>Uma insatisfa\u00e7\u00e3o com o que est\u00e1 acontecendo, um compromisso em melhorar as coisas.<\/li><\/ul>\n\n\n\n<ul class=\"wp-block-list\"><li>Devemos aceitar que enfrentamos um per\u00edodo crucial da nossa hist\u00f3ria em que as quest\u00f5es da juventude devem ser a quest\u00e3o principal e central do nosso tempo.<\/li><\/ul>\n\n\n\n<ul class=\"wp-block-list\"><li>Milh\u00f5es dos nossos jovens ingressam no mercado de trabalho todos os anos;<\/li><\/ul>\n\n\n\n<ul class=\"wp-block-list\"><li>&nbsp;S\u00e3o necess\u00e1rios 20 milh\u00f5es de empregos criados anualmente para absorver novos entrantes no mercado de trabalho.<\/li><\/ul>\n\n\n\n<ul class=\"wp-block-list\"><li>Apenas cerca de 3 milh\u00f5es de empregos formais s\u00e3o criados anualmente em \u00c1frica e isto foi mesmo antes do in\u00edcio da pandemia de Covid-19.<\/li><\/ul>\n\n\n\n<ul class=\"wp-block-list\"><li>O crescimento anual estimado da for\u00e7a de trabalho \u00e9 de 5%, enquanto a taxa de crescimento do emprego \u00e9 inferior a 2% em toda a \u00c1frica.<\/li><\/ul>\n\n\n\n<ul class=\"wp-block-list\"><li>H\u00e1 um d\u00e9fice enorme e chocante.<\/li><\/ul>\n\n\n\n<ul class=\"wp-block-list\"><li>Como podemos desbloquear o poder de nossa juventude? Como aproveitamos sua energia para o bem, em vez de desperdi\u00e7\u00e1-la?<\/li><\/ul>\n\n\n\n<p><strong>O poder do empreendedorismo<\/strong><\/p>\n\n\n\n<ul class=\"wp-block-list\"><li>Para mim e para os meus colegas da UBA, da TEF e de todo o Grupo HH, acredit\u00e1mos que o empreendedorismo - o poder do empreendedorismo - \u00e9 fundamental para aproveitar o potencial destes jovens africanos.<\/li><\/ul>\n\n\n\n<ul class=\"wp-block-list\"><li>Ao faz\u00ea-lo, garantimos o nosso pr\u00f3prio futuro.<\/li><\/ul>\n\n\n\n<ul class=\"wp-block-list\"><li>Isto vem da nossa pr\u00f3pria experi\u00eancia, primeiro como empreendedores.<\/li><\/ul>\n\n\n\n<ul class=\"wp-block-list\"><li>E, em segundo lugar, como pessoas que investiram muitos recursos na TEF (capital, tempo, pessoal) para ajudar a criar uma nova gera\u00e7\u00e3o de empres\u00e1rios africanos.<\/li><\/ul>\n\n\n\n<ul class=\"wp-block-list\"><li>Estamos a ajudar a dar esperan\u00e7a econ\u00f3mica e oportunidades aos jovens africanos.<\/li><\/ul>\n\n\n\n<ul class=\"wp-block-list\"><li>E falamos n\u00e3o apenas como pessoas que fazem isto na Nig\u00e9ria, mas em todos os 54 pa\u00edses africanos, a interven\u00e7\u00e3o do TEF abrange todos os sectores e g\u00e9nero nos 54 pa\u00edses africanos.<\/li><\/ul>\n\n\n\n<ul class=\"wp-block-list\"><li>Porque acreditamos que a prosperidade deve ser partilhada tanto quanto poss\u00edvel e que a pobreza em qualquer lugar \u00e9 uma amea\u00e7a para todos n\u00f3s, em qualquer lugar<\/li><\/ul>\n\n\n\n<ul class=\"wp-block-list\"><li>Devemos dar prioridade ao nosso apoio \u00e0s pequenas empresas, dado o enorme potencial da nossa juventude.<\/li><\/ul>\n\n\n\n<ul class=\"wp-block-list\"><li>As organiza\u00e7\u00f5es empresariais t\u00eam um bom desempenho na contrata\u00e7\u00e3o de pessoas, mas h\u00e1 um limite quanto ao que as empresas podem fazer ao empregar o grande n\u00famero dos nossos jovens desempregados.<\/li><\/ul>\n\n\n\n<ul class=\"wp-block-list\"><li>Portanto, capacitar e apoiar as pequenas empresas, capacitar os nossos jovens e as suas empresas, \u00e9, na nossa opini\u00e3o, o meio mais poderoso para reduzir o desemprego no continente.<\/li><\/ul>\n\n\n\n<ul class=\"wp-block-list\"><li>\u00c9 a forma mais impactante de reduzir males como banditismo, bandidagem, etc.<\/li><\/ul>\n\n\n\n<ul class=\"wp-block-list\"><li>Porque as pessoas com esperan\u00e7a econ\u00f3mica n\u00e3o querem tirar a vida de outras pessoas desnecessariamente.<\/li><\/ul>\n\n\n\n<ul class=\"wp-block-list\"><li>Pessoas que t\u00eam esperan\u00e7a pregar\u00e3o paz e seguran\u00e7a.<\/li><\/ul>\n\n\n\n<ul class=\"wp-block-list\"><li>As pessoas que n\u00e3o t\u00eam esperan\u00e7a econ\u00f3mica come\u00e7ar\u00e3o a questionar a ess\u00eancia da sua exist\u00eancia.<\/li><\/ul>\n\n\n\n<ul class=\"wp-block-list\"><li>Vimos durante a pandemia como os jovens nos mostraram com as suas a\u00e7\u00f5es que sim, a vida \u00e9 importante, mas o sustento \u00e9 mais importante.<\/li><\/ul>\n\n\n\n<ul class=\"wp-block-list\"><li>\u00c9 por isso que devemos abra\u00e7ar o empreendedorismo e trabalhar juntos para resolver os problemas que enfrentamos hoje.<\/li><\/ul>\n\n\n\n<ul class=\"wp-block-list\"><li>Precisamos <strong>melhorar o acesso \u00e0 electricidade se quisermos capacitar o nosso povo.<\/strong><\/li><\/ul>\n\n\n\n<ul class=\"wp-block-list\"><li>Tamb\u00e9m assumo outra fun\u00e7\u00e3o como Presidente do Grupo Transcorp e, como disse o \u00faltimo orador, investimos maci\u00e7amente no sector energ\u00e9tico na Nig\u00e9ria.<\/li><\/ul>\n\n\n\n<ul class=\"wp-block-list\"><li>Colectivamente, foram investidos mais de $1bn no sector da energia devido \u00e0 nossa cren\u00e7a de que a transforma\u00e7\u00e3o econ\u00f3mica da Nig\u00e9ria e de \u00c1frica depender\u00e1 da disponibilidade de energia.<\/li><\/ul>\n\n\n\n<ul class=\"wp-block-list\"><li>N\u00e3o podemos permitir que as nossas PME gastem os seus lucros na compra de poder para os seus neg\u00f3cios; precisamos de apoio infra-estrutural em grande escala para fornecer energia sustent\u00e1vel e constante ao nosso povo.<\/li><\/ul>\n\n\n\n<ul class=\"wp-block-list\"><li>Uma das principais reclama\u00e7\u00f5es que recebemos dos nossos empres\u00e1rios do TEF \u00e9 sobre a falta de acesso \u00e0 electricidade e como esta consome grande parte do seu capital.<\/li><\/ul>\n\n\n\n<ul class=\"wp-block-list\"><li>N\u00e3o podemos progredir se n\u00e3o consertarmos o poder.<\/li><\/ul>\n\n\n\n<ul class=\"wp-block-list\"><li>Vamos fornecer eletricidade aos nossos jovens e eles far\u00e3o grandes coisas diante dos nossos olhos.<\/li><\/ul>\n\n\n\n<ul class=\"wp-block-list\"><li>Precisamos de criar centros e zonas em todos os LGA, come\u00e7ando pela Nig\u00e9ria, para podermos capacitar os nossos jovens.<\/li><\/ul>\n\n\n\n<ul class=\"wp-block-list\"><li>Se o governo, e quando dizemos governo aqui, nos referimos \u00e0 LGA, criasse centros de pequenas empresas onde as pessoas pudessem expor as suas ideias e ter uma plataforma para converter as suas ideias na vida real, isso poderia fazer a diferen\u00e7a.<\/li><\/ul>\n\n\n\n<ul class=\"wp-block-list\"><li>N\u00f3s precisamos <strong>pol\u00edticas favor\u00e1veis aos impostos<\/strong> que incentivam os nossos empres\u00e1rios, precisamos de reduzir os impostos para as PME, e devemos elogiar o governo federal, que tem feito um bom trabalho nesta \u00e1rea em termos de isen\u00e7\u00f5es fiscais para as microempresas, mas ainda assim, \u00e9 necess\u00e1rio muito mais, mas um bom trabalho foi foi feito e o governo deve ser elogiado.<\/li><\/ul>\n\n\n\n<ul class=\"wp-block-list\"><li>Temos de criar acesso, o acesso ao financiamento \u00e9 crucial, os jovens t\u00eam as ideias, o que lhes falta \u00e9 a forma\u00e7\u00e3o e o financiamento necess\u00e1rios para o arranque dos seus neg\u00f3cios.<\/li><\/ul>\n\n\n\n<ul class=\"wp-block-list\"><li>No TEF, fornecemos capital inicial n\u00e3o reembols\u00e1vel, mas isso por si s\u00f3 n\u00e3o \u00e9 um fim.<\/li><\/ul>\n\n\n\n<ul class=\"wp-block-list\"><li>H\u00e1 muito que percebemos que, para que todos tenham sucesso, \u00e9 necess\u00e1ria orienta\u00e7\u00e3o e educa\u00e7\u00e3o empresarial. E \u00e9 por isso que temos o programa de treinamento de 12 semanas e quero que todos voc\u00eas aproveitem isso.<\/li><\/ul>\n\n\n\n<ul class=\"wp-block-list\"><li>Acesse TEFConnect.com para se inscrever para receber treinamento, o conhecimento que voc\u00ea obter a partir da\u00ed o ajudar\u00e1 a se tornar um empreendedor e para aqueles que j\u00e1 s\u00e3o empreendedores, o treinamento ajudar\u00e1 a expandir seu neg\u00f3cio para o pr\u00f3ximo n\u00edvel.<\/li><\/ul>\n\n\n\n<ul class=\"wp-block-list\"><li>Devemos criar ecossistemas e plataformas econ\u00f3micas para apoiar as pequenas empresas.<\/li><\/ul>\n\n\n\n<ul class=\"wp-block-list\"><li>Existem pol\u00edticas governamentais necess\u00e1rias para que nossos jovens prosperem:<\/li><\/ul>\n\n\n\n<ul class=\"wp-block-list\"><li>Regimes de taxas de imposto baixas,<ul><li>treinamento,<\/li><\/ul><ul><li>e apoio de mentoria a empreendedores.<\/li><\/ul><\/li><\/ul>\n\n\n\n<ul class=\"wp-block-list\"><li>\u00c9 uma fonte de orgulho para os meus colegas e para mim que o empreendedorismo seja uma forma de concretizar o potencial dos jovens africanos.<\/li><\/ul>\n\n\n\n<ul class=\"wp-block-list\"><li>Devemos criar o ambiente certo; devemos elogiar o Primaz pela vis\u00e3o e engenhosidade na estrutura\u00e7\u00e3o desta confer\u00eancia, tal como ele e os seus colegas fizeram.<\/li><\/ul>\n\n\n\n<ul class=\"wp-block-list\"><li>A Funda\u00e7\u00e3o Tony Elumelu (TEF), que a minha fam\u00edlia e eu fund\u00e1mos em 2010, \u00e9 a principal filantropia africana que capacita jovens empreendedores africanos. A TEF est\u00e1 a capacitar uma nova gera\u00e7\u00e3o de empres\u00e1rios africanos, catalisando o crescimento econ\u00f3mico, impulsionando a erradica\u00e7\u00e3o da pobreza e impulsionando a cria\u00e7\u00e3o de emprego em todos os 54 pa\u00edses africanos.<\/li><\/ul>\n\n\n\n<ul class=\"wp-block-list\"><li>Desde a sua cria\u00e7\u00e3o, a Funda\u00e7\u00e3o financiou cerca de 10.000 jovens, homens e mulheres, e criou um ecossistema digital de mais de um milh\u00e3o de africanos, como parte do nosso compromisso de dez anos, US$100m, atrav\u00e9s do nosso Programa de Empreendedorismo TEF.<\/li><\/ul>\n\n\n\n<ul class=\"wp-block-list\"><li>Voc\u00ea pode e deve se inscrever hoje em <strong>tefconnect. com <\/strong>para acessar esta oportunidade de transforma\u00e7\u00e3o de vida.<\/li><\/ul>\n\n\n\n<ul class=\"wp-block-list\"><li>O capital inicial n\u00e3o reembols\u00e1vel $5000, o treinamento empresarial e a orienta\u00e7\u00e3o fazem parte de nossa abordagem hol\u00edstica para desenvolver a capacidade de longo prazo de nossos jovens.<\/li><\/ul>\n\n\n\n<ul class=\"wp-block-list\"><li>A import\u00e2ncia da forma\u00e7\u00e3o \u00e9 vital, pois os jovens empreendedores precisam de conhecer os princ\u00edpios de neg\u00f3cios para escalar as suas empresas e aumentar o impacto sentido nas suas comunidades.<\/li><\/ul>\n\n\n\n<ul class=\"wp-block-list\"><li>Para que, quando o sucesso finalmente chegar, e ele chegar\u00e1, voc\u00ea saiba como administrar o sucesso e n\u00e3o deixar que o sucesso o controle.<\/li><\/ul>\n\n\n\n<ul class=\"wp-block-list\"><li><strong>Precisamos de mais programas funcionais e de forma\u00e7\u00e3o profissional<\/strong> como a segunda forma de fazer com que \u00c1frica realize todo o potencial dos nossos jovens.<\/li><\/ul>\n\n\n\n<ul class=\"wp-block-list\"><li>Precisamos de mais programas de forma\u00e7\u00e3o profissional, n\u00e3o estamos apenas a ser prescritivos, passei um pouco de tempo a explicar o que o TEF faz para que a oportunidade esteja dispon\u00edvel para todos os 21.000 aqui presentes e tamb\u00e9m para aqueles que nos assistem.<\/li><\/ul>\n\n\n\n<ul class=\"wp-block-list\"><li>Queremos catalisar outros africanos dotados para olharem para a \u00e1rea do empreendedorismo, todos temos um papel a desempenhar para fazer a diferen\u00e7a em \u00c1frica.<\/li><\/ul>\n\n\n\n<ul class=\"wp-block-list\"><li>Parte da m\u00e3o-de-obra \u00e9 importada para \u00c1frica, fazendo coisas que podemos fazer com que os africanos fa\u00e7am. Ao contrat\u00e1-los, estamos a dar-lhes um sentido de auto-dignidade enquanto trabalham e ganham a vida e, ao faz\u00ea-lo, estamos a melhorar as suas fam\u00edlias, as comunidades e a contribuir \u00e0 sua pr\u00f3pria maneira para a prosperidade econ\u00f3mica do continente.<\/li><li>Ouso dizer que os nossos jovens querem ser contados, querem fazer parte da solu\u00e7\u00e3o.<\/li><\/ul>\n\n\n\n<ul class=\"wp-block-list\"><li>Ajudemos a criar programas de forma\u00e7\u00e3o funcional e profissional.<\/li><\/ul>\n\n\n\n<p><strong>Uma terceira solu\u00e7\u00e3o \u00e9 o Rejuvenescimento Moral e a reorienta\u00e7\u00e3o dos nossos jovens<\/strong>:<\/p>\n\n\n\n<ul class=\"wp-block-list\"><li>Precisamos que os nossos jovens abracem o trabalho \u00e1rduo, sejam disciplinados, acreditem que o sucesso vem do compromisso, do trabalho \u00e1rduo e de sacrif\u00edcios.<\/li><\/ul>\n\n\n\n<ul class=\"wp-block-list\"><li>Meu falecido pai me disse que se voc\u00ea ganhar 1 naira e n\u00e3o economizar, se ganhar 1 bilh\u00e3o de naira, ainda assim n\u00e3o economizar\u00e1!<\/li><\/ul>\n\n\n\n<ul class=\"wp-block-list\"><li>Precisamos mudar a maneira como nossos jovens veem a vida.<\/li><\/ul>\n\n\n\n<ul class=\"wp-block-list\"><li>Precisamos de lhes dar esperan\u00e7a econ\u00f3mica, eles precisam de saber que n\u00e3o \u00e9 necess\u00e1rio cometer fraudes para ter sucesso.<\/li><\/ul>\n\n\n\n<ul class=\"wp-block-list\"><li>Precisamos ter o nosso:<\/li><\/ul>\n\n\n\n<ul class=\"wp-block-list\"><li>Nossos l\u00edderes religiosos,<\/li><\/ul>\n\n\n\n<ul class=\"wp-block-list\"><li>L\u00edderes comunit\u00e1rios<\/li><\/ul>\n\n\n\n<ul class=\"wp-block-list\"><li>Professores,<\/li><\/ul>\n\n\n\n<ul class=\"wp-block-list\"><li>Palestrantes,<\/li><\/ul>\n\n\n\n<ul class=\"wp-block-list\"><li>L\u00edderes Tradicionais,<\/li><\/ul>\n\n\n\n<ul class=\"wp-block-list\"><li>Governos,<\/li><\/ul>\n\n\n\n<ul class=\"wp-block-list\"><li>Modelos e mentores lideram esta cruzada para mudar a mentalidade dos nossos jovens.<\/li><\/ul>\n\n\n\n<ul class=\"wp-block-list\"><li>Eles devem saber que a chave do sucesso \u00e9 trabalho \u00e1rduo, comprometimento e estar focado no que voc\u00ea considera importante.<\/li><\/ul>\n\n\n\n<ul class=\"wp-block-list\"><li>Os nossos jovens devem aprender sobre perseveran\u00e7a, paci\u00eancia e pensar a longo prazo, devem saber que ganhos\/vit\u00f3rias r\u00e1pidos podem criar mais problemas mais tarde na vida.<\/li><\/ul>\n\n\n\n<ul class=\"wp-block-list\"><li>Acredito que uma combina\u00e7\u00e3o de um pouco disso,<\/li><\/ul>\n\n\n\n<ul class=\"wp-block-list\"><li>A base moral correta<\/li><\/ul>\n\n\n\n<ul class=\"wp-block-list\"><li>Uma reorienta\u00e7\u00e3o do nosso sistema de valores<\/li><\/ul>\n\n\n\n<ul class=\"wp-block-list\"><li>Treinar e ajustar nosso sistema educacional para ser mais funcional<\/li><\/ul>\n\n\n\n<ul class=\"wp-block-list\"><li>Acima de tudo, todas as coisas mencionadas anteriormente sobre empreendedorismo<\/li><\/ul>\n\n\n\n<ul class=\"wp-block-list\"><li>Se estes forem bem planeados e sequenciados, poder\u00e3o ajudar, em grande medida, a mudar a trajet\u00f3ria futura do nosso continente.<\/li><\/ul>\n\n\n\n<ul class=\"wp-block-list\"><li>Em geral, precisamos ter um <strong>rejuvenescimento moral<\/strong> do nosso povo.<\/li><\/ul>\n\n\n\n<ul class=\"wp-block-list\"><li>Isso abrange todos os segmentos, esferas e dados demogr\u00e1ficos da nossa sociedade.<\/li><\/ul>\n\n\n\n<ul class=\"wp-block-list\"><li>Todas as partes interessadas devem unir-se para desempenhar o seu papel e garantir esta reorienta\u00e7\u00e3o colectiva.<\/li><\/ul>\n\n\n\n<p><strong>Conclus\u00e3o<\/strong><\/p>\n\n\n\n<ul class=\"wp-block-list\"><li>Para concluir, gostaria de reiterar a minha mensagem:<\/li><\/ul>\n\n\n\n<ul class=\"wp-block-list\"><li>Quando nutrimos e priorizamos nossos jovens?<\/li><\/ul>\n\n\n\n<ul class=\"wp-block-list\"><li>A resposta \u00e9 agora: n\u00e3o h\u00e1 melhor momento do que agora para trazer a nossa juventude para a linha da frente<\/li><\/ul>\n\n\n\n<ul class=\"wp-block-list\"><li>Quaisquer atrasos adicionais ser\u00e3o extremamente catastr\u00f3ficos<\/li><\/ul>\n\n\n\n<ul class=\"wp-block-list\"><li>N\u00e3o podemos dar-nos ao luxo de desperdi\u00e7ar o dividendo demogr\u00e1fico, especialmente porque temos milh\u00f5es de jovens a entrar anualmente no mercado de trabalho<\/li><\/ul>\n\n\n\n<ul class=\"wp-block-list\"><li>Como podemos aliment\u00e1-los?<ul><li>A resposta \u00e9 o empreendedorismo, a forma\u00e7\u00e3o funcional e profissional e o rejuvenescimento\/rearmamento moral e uma mudan\u00e7a na nossa orienta\u00e7\u00e3o de valores.<\/li><\/ul><\/li><\/ul>\n\n\n\n<ul class=\"wp-block-list\"><li>Quem ir\u00e1 nutrir, apoiar e orientar nossos jovens?<\/li><\/ul>\n\n\n\n<ul class=\"wp-block-list\"><li>A resposta \u00e9 todos n\u00f3s trabalhando juntos para o seu bem maior.<\/li><\/ul>\n\n\n\n<ul class=\"wp-block-list\"><li>O futuro da nossa \u00c1frica, como sempre digo, est\u00e1 verdadeiramente nas m\u00e3os destes jovens, mas todos temos a responsabilidade de fazer com que isso aconte\u00e7a.<\/li><\/ul>\n\n\n\n<ul class=\"wp-block-list\"><li>Obrigado.<\/li><\/ul>\n\n\n\n<p><strong>Tony O. Elumelu, CON<\/strong><br><strong>Presidente, Herdeiros Holdings<\/strong><br><strong>Presidente, Banco Unido para \u00c1frica (UBA)<\/strong><br><strong>Fundador, Funda\u00e7\u00e3o Tony Elumelu<\/strong><\/p>","protected":false},"excerpt":{"rendered":"<p>Tony O. Elumelu, CON, presidente do United Bank for Africa, Heirs Holdings e fundador da Funda\u00e7\u00e3o Tony Elumelu, fala para 21.000 jovens na Confer\u00eancia Internacional da Juventude Joshua Generation na Universidade da Nig\u00e9ria, Nsukka. Bom dia a todos, Primaz de toda a Nig\u00e9ria, Sua Gra\u00e7a, Reverend\u00edssimo Henry Ndukuba; O representante do\u2026<\/p>","protected":false},"author":21,"featured_media":12809,"comment_status":"open","ping_status":"open","sticky":false,"template":"","format":"standard","meta":{"_exactmetrics_skip_tracking":false,"_exactmetrics_sitenote_active":false,"_exactmetrics_sitenote_note":"","_exactmetrics_sitenote_category":0,"cybocfi_hide_featured_image":"","footnotes":""},"categories":[62,63],"tags":[67,25,47,49,258],"class_list":["post-14794","post","type-post","status-publish","format-standard","has-post-thumbnail","hentry","category-interviews-speeches","category-press-releases","tag-african-entrepreneurs","tag-africapitalism","tag-tony-elumelu","tag-tony-elumelu-foundation","tag-tony-o-elumelu"],"_links":{"self":[{"href":"https:\/\/www.tonyelumelufoundation.org\/pt\/wp-json\/wp\/v2\/posts\/14794","targetHints":{"allow":["GET"]}}],"collection":[{"href":"https:\/\/www.tonyelumelufoundation.org\/pt\/wp-json\/wp\/v2\/posts"}],"about":[{"href":"https:\/\/www.tonyelumelufoundation.org\/pt\/wp-json\/wp\/v2\/types\/post"}],"author":[{"embeddable":true,"href":"https:\/\/www.tonyelumelufoundation.org\/pt\/wp-json\/wp\/v2\/users\/21"}],"replies":[{"embeddable":true,"href":"https:\/\/www.tonyelumelufoundation.org\/pt\/wp-json\/wp\/v2\/comments?post=14794"}],"version-history":[{"count":0,"href":"https:\/\/www.tonyelumelufoundation.org\/pt\/wp-json\/wp\/v2\/posts\/14794\/revisions"}],"wp:featuredmedia":[{"embeddable":true,"href":"https:\/\/www.tonyelumelufoundation.org\/pt\/wp-json\/wp\/v2\/media\/12809"}],"wp:attachment":[{"href":"https:\/\/www.tonyelumelufoundation.org\/pt\/wp-json\/wp\/v2\/media?parent=14794"}],"wp:term":[{"taxonomy":"category","embeddable":true,"href":"https:\/\/www.tonyelumelufoundation.org\/pt\/wp-json\/wp\/v2\/categories?post=14794"},{"taxonomy":"post_tag","embeddable":true,"href":"https:\/\/www.tonyelumelufoundation.org\/pt\/wp-json\/wp\/v2\/tags?post=14794"}],"curies":[{"name":"wp","href":"https:\/\/api.w.org\/{rel}","templated":true}]}}