{"id":15208,"date":"2021-05-25T09:35:21","date_gmt":"2021-05-25T08:35:21","guid":{"rendered":"https:\/\/www.tonyelumelufoundation.org\/?p=15208"},"modified":"2021-12-09T14:45:42","modified_gmt":"2021-12-09T13:45:42","slug":"tefconnectafrica50-empreendedores-conectam-africa","status":"publish","type":"post","link":"https:\/\/www.tonyelumelufoundation.org\/pt\/news\/tefconnectafrica50-entrepreneurs-connect-africa","title":{"rendered":"#TEFConnectAfrica50: 50 empreendedores com quem se conectar em \u00c1frica!"},"content":{"rendered":"<p>A maior hist\u00f3ria do ano passado foi, sem d\u00favida, o novo coronav\u00edrus e, irreversivelmente, o seu efeito na economia. No entanto, os empres\u00e1rios em \u00c1frica permaneceram empenhados na sua vis\u00e3o de remodelar a narrativa de \u00c1frica, garantindo ao mesmo tempo o melhor futuro poss\u00edvel. Desde empresas a empresas sociais, os empres\u00e1rios africanos em todo o continente est\u00e3o inegavelmente a fazer progressos ousados para recuperar o seu futuro atrav\u00e9s da iniciativa.<\/p>\n\n\n\n<p>Para comemorar o <strong>Dia de \u00c1frica de 2021<\/strong>, <a href=\"https:\/\/www.tefconnect.com\/\" target=\"_blank\" rel=\"noreferrer noopener\">TEFConnect<\/a>, a principal plataforma de rede digital para empreendedores africanos apresenta a sua iniciativa anual \u201c<strong>#TEFConnect\u00c1frica50:<\/strong> <strong>50 empreendedores para se conectar na \u00c1frica<\/strong>\u201dpara destacar e projetar empreendedores em todo o continente cujos neg\u00f3cios est\u00e3o causando um impacto positivo.<\/p>\n\n\n\n<p>Num ano caracterizado pela incerteza, alguns dos <a href=\"https:\/\/www.tonyelumelufoundation.org\/pt\/ex-alunos-2\/\" target=\"_blank\" rel=\"noreferrer noopener\">esses empreendedores<\/a> adaptados para corresponder \u00e0s exig\u00eancias do seu mercado, enquanto alguns lideram o di\u00e1logo para uma sociedade mais inclusiva e consciente do clima, promovendo a eco-inova\u00e7\u00e3o, a gest\u00e3o de res\u00edduos e a efici\u00eancia energ\u00e9tica.<\/p>\n\n\n\n<p>\u00danicos na sua miss\u00e3o individual de remodelar, transformar e impactar, estes novos participantes e intervenientes existentes s\u00e3o celebrados pelo seu esp\u00edrito empreendedor. Quer seja no agroneg\u00f3cio, na sa\u00fade, nas TIC, na moda ou na conserva\u00e7\u00e3o ambiental, estes empres\u00e1rios africanos s\u00e3o qualificados e dedicados.<\/p>\n\n\n\n<p><a href=\"https:\/\/www.tefconnect.com\/\" target=\"_blank\" rel=\"noreferrer noopener\">TEFConnect<\/a> actualmente fornece apoio ao desenvolvimento de capacidades, aconselhamento e liga\u00e7\u00f5es de mercado a mais de 1 milh\u00e3o de africanos e continua a aumentar. Lan\u00e7ado pelo <a href=\"https:\/\/www.tonyelumelufoundation.org\/pt\/\" target=\"_blank\" rel=\"noreferrer noopener\">Funda\u00e7\u00e3o Tony Elumelu<\/a>, o TEFConnect permite que os empres\u00e1rios africanos promovam rela\u00e7\u00f5es e parcerias significativas entre si, ao mesmo tempo que ligam as pequenas empresas a oportunidades de crescimento em \u00c1frica e noutros locais.<\/p>\n\n\n\n<p>Na verdade, como se estima que \u00c1frica ter\u00e1 29 milh\u00f5es de novos trabalhadores na sua for\u00e7a de trabalho at\u00e9 2030, dos quais se espera que as PME respondam a 90% do grupo, n\u00e3o h\u00e1 melhor altura para olharmos interiormente para os nossos jovens empreendedores. <\/p>\n\n\n\n<p>Aqui est\u00e3o&nbsp;<a href=\"https:\/\/www.tonyelumelufoundation.org\/wp-content\/uploads\/2020\/06\/TEFConnect-50-Entrepreneurs.pdf\">50 empreendedores em \u00c1frica<\/a>&nbsp;recomendamos conectar-se com:<\/p>\n\n\n\n<iframe style=\"width:900px;height:500px\" src=\"https:\/\/online.fliphtml5.com\/xfhdr\/kiap\/\" seamless=\"seamless\" scrolling=\"no\" frameborder=\"0\" allowtransparency=\"true\" allowfullscreen=\"true\"><\/iframe>\n\n\n\n<p><a href=\"https:\/\/www.tonyelumelufoundation.org\/wp-content\/uploads\/2020\/06\/TEFConnect-50-Entrepreneurs.pdf\">baixar PDF<\/a><\/p>","protected":false},"excerpt":{"rendered":"<p>A maior hist\u00f3ria do ano passado foi, sem d\u00favida, o novo coronav\u00edrus e, irreversivelmente, o seu efeito na economia. No entanto, os empres\u00e1rios em \u00c1frica permaneceram empenhados na sua vis\u00e3o de remodelar a narrativa de \u00c1frica, garantindo ao mesmo tempo o melhor futuro poss\u00edvel. Desde empresas a empresas sociais, os empreendedores africanos em todo o continente est\u00e3o inegavelmente a fazer\u2026<\/p>","protected":false},"author":21,"featured_media":15216,"comment_status":"closed","ping_status":"open","sticky":false,"template":"","format":"standard","meta":{"_exactmetrics_skip_tracking":false,"_exactmetrics_sitenote_active":false,"_exactmetrics_sitenote_note":"","_exactmetrics_sitenote_category":0,"cybocfi_hide_featured_image":"","footnotes":""},"categories":[20,18,338],"tags":[416,418,417,302,419],"class_list":["post-15208","post","type-post","status-publish","format-standard","has-post-thumbnail","hentry","category-articles","category-news","category-tefconnect","tag-2021-africa-day","tag-africa-day","tag-tef-entrepreneurs","tag-tefconnect","tag-tefconnectafrica50"],"_links":{"self":[{"href":"https:\/\/www.tonyelumelufoundation.org\/pt\/wp-json\/wp\/v2\/posts\/15208","targetHints":{"allow":["GET"]}}],"collection":[{"href":"https:\/\/www.tonyelumelufoundation.org\/pt\/wp-json\/wp\/v2\/posts"}],"about":[{"href":"https:\/\/www.tonyelumelufoundation.org\/pt\/wp-json\/wp\/v2\/types\/post"}],"author":[{"embeddable":true,"href":"https:\/\/www.tonyelumelufoundation.org\/pt\/wp-json\/wp\/v2\/users\/21"}],"replies":[{"embeddable":true,"href":"https:\/\/www.tonyelumelufoundation.org\/pt\/wp-json\/wp\/v2\/comments?post=15208"}],"version-history":[{"count":0,"href":"https:\/\/www.tonyelumelufoundation.org\/pt\/wp-json\/wp\/v2\/posts\/15208\/revisions"}],"wp:featuredmedia":[{"embeddable":true,"href":"https:\/\/www.tonyelumelufoundation.org\/pt\/wp-json\/wp\/v2\/media\/15216"}],"wp:attachment":[{"href":"https:\/\/www.tonyelumelufoundation.org\/pt\/wp-json\/wp\/v2\/media?parent=15208"}],"wp:term":[{"taxonomy":"category","embeddable":true,"href":"https:\/\/www.tonyelumelufoundation.org\/pt\/wp-json\/wp\/v2\/categories?post=15208"},{"taxonomy":"post_tag","embeddable":true,"href":"https:\/\/www.tonyelumelufoundation.org\/pt\/wp-json\/wp\/v2\/tags?post=15208"}],"curies":[{"name":"wp","href":"https:\/\/api.w.org\/{rel}","templated":true}]}}