{"id":18012,"date":"2022-01-01T00:00:00","date_gmt":"2021-12-31T23:00:00","guid":{"rendered":"https:\/\/www.tonyelumelufoundation.org\/?p=18012"},"modified":"2025-01-10T11:04:03","modified_gmt":"2025-01-10T10:04:03","slug":"inscreva-se-agora-para-5-000-no-programa-de-empreendedorismo-da-fundacao-tony-elumelu-de-2022","status":"publish","type":"post","link":"https:\/\/www.tonyelumelufoundation.org\/pt\/press-releases\/apply-now-for-5000-in-the-2022-tony-elumelu-foundation-entrepreneurship-programme","title":{"rendered":"Inscreva-se AGORA para $5000 no Programa de Empreendedorismo da Funda\u00e7\u00e3o Tony Elumelu 2022!"},"content":{"rendered":"<p><em><strong>Atualizada: <\/strong><\/em>Candidate-se aqui ao $5000 do Programa de Empreendedorismo da Funda\u00e7\u00e3o Tony Elumelu para 2025. <a href=\"https:\/\/www.tonyelumelufoundation.org\/pt\/comunicados-de-imprensa-2\/a-fundacao-tony-elumelu-abre-candidaturas-para-os-programas-de-empreendedorismo-de-2025\/\">Saber mais<\/a><\/p>\n\n\n\n<p><strong>Lagos, Nig\u00e9ria:<\/strong> A Funda\u00e7\u00e3o Tony Elumelu (TEF), a principal institui\u00e7\u00e3o filantr\u00f3pica que capacita jovens empreendedores africanos em todos os 54 pa\u00edses africanos, abriu candidaturas para o Programa de Empreendedorismo TEF 2022 em <a href=\"http:\/\/www.TEFConnect.com\" target=\"_blank\" rel=\"noreferrer noopener\">www.TEFConnect.com<\/a> Os empres\u00e1rios africanos com ideias de neg\u00f3cio ou neg\u00f3cios existentes com menos de 5 anos s\u00e3o incentivados a candidatar-se agora para capital inicial $5000, orienta\u00e7\u00e3o, forma\u00e7\u00e3o em gest\u00e3o empresarial e muito mais no Programa de Empreendedorismo da Funda\u00e7\u00e3o Tony Elumelu 2022.<\/p>\n\n\n\n<p>Desde 2015, o Programa de Empreendedorismo TEF \u2013 o \u00fanico catalisador de empreendedorismo deste tipo financiado por \u00c1frica \u2013 capacitou 15.847 empres\u00e1rios africanos com capital inicial n\u00e3o reembols\u00e1vel de $5.000 cada; doze semanas de treinamento em gest\u00e3o empresarial; acesso a mentores experientes; e ades\u00e3o ao maior ecossistema empresarial de \u00c1frica.<\/p>\n\n\n\n<p>Em 2021, a Funda\u00e7\u00e3o Tony Elumelu desembolsou $24,75 milh\u00f5es de d\u00f3lares a 5.000 empres\u00e1rios africanos em toda a \u00c1frica para o seu Programa de Empreendedorismo de 2021. O Programa de Empreendedorismo da Funda\u00e7\u00e3o continua a ser uma das maiores respostas do sector privado para impulsionar a recupera\u00e7\u00e3o econ\u00f3mica dos jovens, mulheres e PME africanas, dados os efeitos da pandemia de covid19 em \u00c1frica. Em toda a \u00c1frica, os benefici\u00e1rios do Programa de Empreendedorismo da Funda\u00e7\u00e3o Tony Elumelu est\u00e3o a iniciar e a desenvolver empresas pioneiras que criaram colectivamente mais de 400.000 empregos directos e indirectos.<\/p>\n\n\n\n<p>De acordo com o empreendedor Tony Elumelu de 2015, Hauwa Liman, empres\u00e1ria e fundadora da Afrik Abaya: \u201cSempre tenho orgulho de dizer que perten\u00e7o ao grupo inaugural do Programa de Empreendedorismo da Funda\u00e7\u00e3o Tony Elumelu. Minha empresa est\u00e1 localizada em Kaduna, no norte da Nig\u00e9ria. Beneficiei-me deste Programa em 2015 e ele abriu muitas portas e oportunidades. N\u00e3o se trata apenas do capital semente, mas o que realmente me fascina no Programa \u00e9 o conhecimento. Eu chamo isso de programa de mini-MBA, porque desde a fase de idealiza\u00e7\u00e3o ele ensina como realmente articular o seu neg\u00f3cio e me deu meu primeiro plano de neg\u00f3cios. A rede, a visibilidade e as oportunidades s\u00e3o infinitas. A minha experi\u00eancia de empreendedorismo n\u00e3o pode ser completa sem a Funda\u00e7\u00e3o Tony Elumelu. Em breve come\u00e7arei a exportar para outros pa\u00edses, cortesia da Funda\u00e7\u00e3o. Agora empregamos dez funcion\u00e1rios permanentes e mais oito funcion\u00e1rios em regime de comiss\u00e3o.\u201d<\/p>\n\n\n\n<p>Comentando sobre o lan\u00e7amento do Programa de Empreendedorismo da Funda\u00e7\u00e3o Tony Elumelu 2022, o CEO da Funda\u00e7\u00e3o Tony Elumelu, Ifeyinwa Ugochukwu, partilhou: \u201cFicamos constantemente impressionados com a qualidade dos neg\u00f3cios que v\u00eam de \u00c1frica todos os anos. Isto motiva-nos a intensificar os nossos esfor\u00e7os para capacitar ainda mais empreendedores no continente. A inova\u00e7\u00e3o, o conhecimento e a resili\u00eancia dos empres\u00e1rios africanos s\u00e3o fundamentais para tra\u00e7ar a transforma\u00e7\u00e3o socioecon\u00f3mica de \u00c1frica e cumprir os objectivos de desenvolvimento do continente. Tamb\u00e9m estamos orgulhosos do aumento da participa\u00e7\u00e3o feminina no nosso Programa, especialmente com a coorte de 2021, onde testemunhamos uma sele\u00e7\u00e3o recorde de 68% de mulheres empreendedoras.\u201d<\/p>\n\n\n\n<p>O administrador fundador da Funda\u00e7\u00e3o Tony Elumelu, Dr. AV Elumelu declarou: \u201cAtrav\u00e9s do Programa de Empreendedorismo da Funda\u00e7\u00e3o Tony Elumelu, procuramos democratizar a sorte. O trabalho \u00e1rduo desempenha um papel importante e ineg\u00e1vel no sucesso, mas n\u00e3o se deve descartar o papel da sorte \u2013 algu\u00e9m estar disposto a dar uma chance a voc\u00ea ou a uma ideia de neg\u00f3cio, capacitando-o atrav\u00e9s de treinamento, orienta\u00e7\u00e3o ou financiamento. A nossa esperan\u00e7a \u00e9 que, atrav\u00e9s do Programa de Empreendedorismo da Funda\u00e7\u00e3o Tony Elumelu, possamos ajudar o pr\u00f3ximo l\u00edder empresarial ou capit\u00e3o da ind\u00fastria a ser quem deve ser. Esta \u00e9 a nossa maneira de retribuir e tamb\u00e9m de capacitar a gera\u00e7\u00e3o que vem atr\u00e1s de n\u00f3s para que possam ir ainda mais longe do que n\u00f3s. Como pai, o desejo \u00e9 que seus filhos tenham um desempenho melhor do que voc\u00ea e, portanto, voc\u00ea fornecer\u00e1 os recursos e materiais de que eles precisam para garantir que ir\u00e3o longe na vida. Da mesma forma, na Funda\u00e7\u00e3o estamos a equipar a pr\u00f3xima gera\u00e7\u00e3o com as ferramentas de que necessita para ter sucesso.\u201d<\/p>\n\n\n\n<p>Como principal defensor do empreendedorismo em \u00c1frica, o <a href=\"https:\/\/www.tonyelumelufoundation.org\/pt\/programa-de-empreendedorismo-tef\/\" target=\"_blank\" rel=\"noreferrer noopener\">Funda\u00e7\u00e3o Tony Elumelu<\/a> est\u00e1 a capacitar mulheres e homens em todo o continente africano atrav\u00e9s do empreendedorismo para catalisar o crescimento econ\u00f3mico, impulsionar a erradica\u00e7\u00e3o da pobreza e garantir a cria\u00e7\u00e3o de emprego. A miss\u00e3o da Funda\u00e7\u00e3o est\u00e1 enraizada na filosofia de <a href=\"https:\/\/www.tonyelumelufoundation.org\/pt\/africapitalisminstitute\/sobre-nos\/o-que-e-africapitalismo\/\" target=\"_blank\" rel=\"noreferrer noopener\">Africapitalismo<\/a>, que posiciona o sector privado como o principal facilitador da cria\u00e7\u00e3o de riqueza econ\u00f3mica e social em \u00c1frica. Atrav\u00e9s <a href=\"http:\/\/tefconnect.net\" target=\"_blank\" rel=\"noreferrer noopener\">TEFConnect<\/a>, a plataforma digital exclusiva da Funda\u00e7\u00e3o, forneceu apoio ao desenvolvimento de capacidades, aconselhamento e liga\u00e7\u00f5es de mercado a mais de 1,5 milh\u00f5es de africanos.<\/p>\n\n\n\n<p>O Programa de Empreendedorismo da Funda\u00e7\u00e3o Tony Elumelu est\u00e1 aberto a empreendedores em toda a \u00c1frica: novas start-ups e jovens empresas existentes, que operam em qualquer setor. Os potenciais candidatos devem candidatar-se agora no centro de redes digitais para empres\u00e1rios africanos, <a href=\"https:\/\/www.tefconnect.com\" target=\"_blank\" rel=\"noreferrer noopener\">www.tefconnect.com<\/a> Para obter uma lista dos empreendedores Tony Elumelu selecionados em 2021 e mais informa\u00e7\u00f5es sobre nosso programa, visite o site da Funda\u00e7\u00e3o Tony Elumelu <a href=\"http:\/\/www.tonyelumelufoundation.org\/pt\/\" target=\"_blank\" rel=\"noreferrer noopener\">aqui<\/a>.<\/p>","protected":false},"excerpt":{"rendered":"<p>Atualizado: Candidate-se aqui ao $5000 no Programa de Empreendedorismo da Funda\u00e7\u00e3o Tony Elumelu de 2025. Saiba mais Lagos, Nig\u00e9ria: A Funda\u00e7\u00e3o Tony Elumelu (TEF), a principal filantropia que capacita jovens empreendedores africanos em todos os 54 pa\u00edses africanos, abriu inscri\u00e7\u00f5es para o Programa de Empreendedorismo TEF 2022 em www.TEFConnect.com Empreendedores africanos com ideias de neg\u00f3cios ou neg\u00f3cios existentes com menos de 5 ...<\/p>","protected":false},"author":21,"featured_media":27147,"comment_status":"closed","ping_status":"closed","sticky":false,"template":"","format":"standard","meta":{"_exactmetrics_skip_tracking":false,"_exactmetrics_sitenote_active":false,"_exactmetrics_sitenote_note":"","_exactmetrics_sitenote_category":0,"cybocfi_hide_featured_image":"","footnotes":""},"categories":[63],"tags":[490,483,264,492,49,431],"class_list":["post-18012","post","type-post","status-publish","format-standard","has-post-thumbnail","hentry","category-press-releases","tag-grant","tag-mentorship","tag-seed-capital","tag-tef-2022","tag-tony-elumelu-foundation","tag-training"],"_links":{"self":[{"href":"https:\/\/www.tonyelumelufoundation.org\/pt\/wp-json\/wp\/v2\/posts\/18012","targetHints":{"allow":["GET"]}}],"collection":[{"href":"https:\/\/www.tonyelumelufoundation.org\/pt\/wp-json\/wp\/v2\/posts"}],"about":[{"href":"https:\/\/www.tonyelumelufoundation.org\/pt\/wp-json\/wp\/v2\/types\/post"}],"author":[{"embeddable":true,"href":"https:\/\/www.tonyelumelufoundation.org\/pt\/wp-json\/wp\/v2\/users\/21"}],"replies":[{"embeddable":true,"href":"https:\/\/www.tonyelumelufoundation.org\/pt\/wp-json\/wp\/v2\/comments?post=18012"}],"version-history":[{"count":0,"href":"https:\/\/www.tonyelumelufoundation.org\/pt\/wp-json\/wp\/v2\/posts\/18012\/revisions"}],"wp:featuredmedia":[{"embeddable":true,"href":"https:\/\/www.tonyelumelufoundation.org\/pt\/wp-json\/wp\/v2\/media\/27147"}],"wp:attachment":[{"href":"https:\/\/www.tonyelumelufoundation.org\/pt\/wp-json\/wp\/v2\/media?parent=18012"}],"wp:term":[{"taxonomy":"category","embeddable":true,"href":"https:\/\/www.tonyelumelufoundation.org\/pt\/wp-json\/wp\/v2\/categories?post=18012"},{"taxonomy":"post_tag","embeddable":true,"href":"https:\/\/www.tonyelumelufoundation.org\/pt\/wp-json\/wp\/v2\/tags?post=18012"}],"curies":[{"name":"wp","href":"https:\/\/api.w.org\/{rel}","templated":true}]}}