{"id":22605,"date":"2022-09-29T12:34:53","date_gmt":"2022-09-29T11:34:53","guid":{"rendered":"https:\/\/www.tonyelumelufoundation.org\/?p=22605"},"modified":"2022-09-29T12:34:54","modified_gmt":"2022-09-29T11:34:54","slug":"opiniao-as-mulheres-a-espinha-dorsal-dos-cuidados-de-saude-em-africa-precisam-do-nosso-apoio","status":"publish","type":"post","link":"https:\/\/www.tonyelumelufoundation.org\/pt\/news\/opinion-women-the-backbone-of-africas-health-care-need-our-support","title":{"rendered":"Opini\u00e3o: As mulheres, a espinha dorsal dos cuidados de sa\u00fade em \u00c1frica, precisam do nosso apoio"},"content":{"rendered":"<p>Se algu\u00e9m vasculhar suas mem\u00f3rias de inf\u00e2ncia em busca de um momento em que n\u00e3o se sentiu bem ou precisou de cuidados para um pequeno arranh\u00e3o ou hematoma, a primeira pessoa a responder provavelmente seria uma mulher \u2013 seja uma m\u00e3e, irm\u00e3, enfermeira escolar ou cuidador.<\/p>\n\n\n\n<p>Tal como acontece nos agregados familiares e nas comunidades, as mulheres tamb\u00e9m s\u00e3o o cora\u00e7\u00e3o dos cuidados de sa\u00fade em lares de idosos, escolas, cl\u00ednicas e hospitais. Em \u00c1frica, a pandemia da COVID-19 \u2014 e o surto de \u00c9bola que a precedeu \u2014 revelou a extens\u00e3o do papel das mulheres no apoio aos sistemas de presta\u00e7\u00e3o de cuidados de sa\u00fade em todo o continente. Elas seguem os passos de muitas mulheres nas suas comunidades que, ao longo dos tempos, colocaram as suas compet\u00eancias, talento e dedica\u00e7\u00e3o ao servi\u00e7o daqueles que mais necessitam de cuidados.<\/p>\n\n\n\n<p>Como matronas, enfermeiras, m\u00e9dicas e trabalhadoras comunit\u00e1rias, as mulheres africanas t\u00eam muitas vezes liderado a partir de tr\u00e1s, inspirando-se no que sabem sobre cuidados nas suas casas e colocando-o em pr\u00e1tica no local de trabalho. Tamb\u00e9m lideraram a partir da frente, alavancando o seu poder como l\u00edderes comunit\u00e1rios ou nacionais para reformar os sistemas existentes e alcan\u00e7ar o sucesso contra todas as probabilidades.<\/p>\n\n\n\n<p>Posso pensar em muitas hero\u00ednas africanas dos cuidados de sa\u00fade. A primeira que me vem \u00e0 mente \u00e9 a falecida Dra. aquela crise.<\/p>\n\n\n\n<p>N\u00e3o podemos tamb\u00e9m esquecer o papel de Ellen Johnson Sirleaf, ex-presidente da Lib\u00e9ria na altura do surto de \u00c9bola de 2014. Ela foi fundamental na cria\u00e7\u00e3o do grupo de trabalho presidencial para combater o v\u00edrus, ao mesmo tempo que assumiu a responsabilidade de garantir que a pandemia fosse gerida adequadamente. Ao organizar-se ao n\u00edvel da comunidade e ao alavancar l\u00edderes e institui\u00e7\u00f5es locais, ela demonstrou uma lideran\u00e7a exemplar durante esta crise.<\/p>\n\n\n\n<p>Penso tamb\u00e9m nas not\u00e1veis Hero\u00ednas da COVID-19 e nos milhares de enfermeiros an\u00f3nimos e profissionais de sa\u00fade comunit\u00e1rios cujo servi\u00e7o altru\u00edsta tem sido inestim\u00e1vel na batalha contra a pandemia em toda a \u00c1frica.<\/p>\n\n\n\n<p>Simplificando, o continente africano estaria hoje numa situa\u00e7\u00e3o completamente diferente se n\u00e3o fosse pelas mulheres que trabalham nos cuidados de sa\u00fade. No entanto, \u00e9 f\u00e1cil considerar a sua contribui\u00e7\u00e3o garantida. Eles demonstraram um compromisso genu\u00edno com a sua profiss\u00e3o, mas os sistemas falharam com eles. Eles s\u00e3o dedicados, mas n\u00e3o t\u00eam suporte. Eles s\u00e3o corajosos, mas n\u00e3o recompensados.<\/p>\n\n\n\n<p>A crise da COVID-19 revelou muitas das fraquezas estruturais dos nossos sistemas de sa\u00fade africanos que devem ser abordadas se quisermos evitar um colapso generalizado \u00e0 custa de milh\u00f5es de vidas. Abordar estas defici\u00eancias significa, antes de mais, melhorar as condi\u00e7\u00f5es das mulheres que trabalham em todos os n\u00edveis dos cuidados de sa\u00fade.<\/p>\n\n\n\n<blockquote class=\"wp-block-quote is-layout-flow wp-block-quote-is-layout-flow\"><p>As mulheres s\u00e3o a espinha dorsal dos sistemas de sa\u00fade de \u00c1frica. Eles est\u00e3o l\u00e1, do ber\u00e7o ao t\u00famulo. Eles s\u00e3o os primeiros a responder, cuidar e curar em tempos de crise.<\/p><\/blockquote>\n\n\n\n<p>A pandemia revelou as realidades dolorosas que estas mulheres enfrentam. Muitos deles tiveram de lidar com as complexidades de manter a ordem nas suas vidas dom\u00e9sticas, ao mesmo tempo que cumpriam os seus deveres profissionais e geravam os rendimentos necess\u00e1rios para sustentar as suas fam\u00edlias.<\/p>\n\n\n\n<p>Eles lutaram bravamente nas linhas de frente sem prote\u00e7\u00e3o adequada. No final de 2021, apenas 27% de profissionais de sa\u00fade em \u00c1frica tinham sido totalmente vacinados contra a COVID-19. Os n\u00fameros de junho mostram que menos de 50% de profissionais de sa\u00fade e pessoas com mais de 60 anos est\u00e3o totalmente vacinados. Sendo um grupo particularmente vulner\u00e1vel, os profissionais de sa\u00fade tamb\u00e9m n\u00e3o ficaram imunes ao aumento da viol\u00eancia no local de trabalho e da viol\u00eancia dom\u00e9stica e de g\u00e9nero causada pela pandemia.<\/p>\n\n\n\n<p>Vulner\u00e1veis no local de trabalho e vulner\u00e1veis em casa, as mulheres africanas que trabalham na \u00e1rea da sa\u00fade merecem que consideremos seriamente todas as solu\u00e7\u00f5es poss\u00edveis para proteg\u00ea-las e fortalec\u00ea-las e, atrav\u00e9s delas, aos nossos sistemas de sa\u00fade. A nossa busca por solu\u00e7\u00f5es deve come\u00e7ar com uma an\u00e1lise profunda da forma como as nossas institui\u00e7\u00f5es s\u00e3o geridas. Precisamos de garantir que os nossos sistemas de sa\u00fade s\u00e3o inclusivos e equitativos.<\/p>\n\n\n\n<p>Para tal, \u00e9 essencial impulsionar pol\u00edticas equitativas que garantam um melhor equil\u00edbrio entre vida profissional e pessoal, remunera\u00e7\u00e3o, capacita\u00e7\u00e3o e desenvolvimento de compet\u00eancias para as mulheres em todos os n\u00edveis da for\u00e7a de trabalho dos cuidados de sa\u00fade. Os governos e os decisores pol\u00edticos t\u00eam o dever de apoiar as mulheres jovens na profiss\u00e3o de sa\u00fade, garantindo a exist\u00eancia de pr\u00e1ticas de contrata\u00e7\u00e3o justas. Eles t\u00eam o dever de oferecer justi\u00e7a, prote\u00e7\u00e3o e oportunidades.<\/p>\n\n\n\n<p>Sei tamb\u00e9m qu\u00e3o crucial \u00e9 a contribui\u00e7\u00e3o do sector privado para informar as pol\u00edticas e melhorar as pr\u00e1ticas de tomada de decis\u00e3o. O sector privado pode trazer novas compet\u00eancias, novas oportunidades e novas formas de trabalhar.<\/p>\n\n\n\n<p>Tendo trabalhado com muitas mulheres l\u00edderes not\u00e1veis na presta\u00e7\u00e3o de cuidados de sa\u00fade na Nig\u00e9ria, estou plenamente consciente da diferen\u00e7a que fazem quando acrescentam as suas vozes e experi\u00eancias \u00fanicas \u00e0s salas de tomada de decis\u00e3o. A sua presen\u00e7a no topo est\u00e1 a render dividendos ao tornar a ind\u00fastria mais inclusiva e promover melhores condi\u00e7\u00f5es de trabalho.<\/p>\n\n\n\n<p>O seu trabalho prova que a lideran\u00e7a das mulheres nos cuidados de sa\u00fade est\u00e1 a fazer a diferen\u00e7a, n\u00e3o s\u00f3 para os trabalhadores desta \u00e1rea, mas para a sociedade como um todo.<\/p>\n\n\n\n<p>Quando a pr\u00f3xima pandemia chegar, a capacidade de prepara\u00e7\u00e3o e resposta dos nossos sistemas de sa\u00fade depender\u00e1 em grande parte do qu\u00e3o inclusivos, justos e equitativos permitirmos que estes sistemas se tornem, e da efic\u00e1cia da parceria entre os sectores p\u00fablico e privado. Se conseguirmos isso, poderemos estar confiantes na vit\u00f3ria em qualquer outra frente de cuidados de sa\u00fade.<\/p>\n\n\n\n<p>As mulheres s\u00e3o a espinha dorsal dos sistemas de sa\u00fade de \u00c1frica. Eles est\u00e3o l\u00e1, do ber\u00e7o ao t\u00famulo. Eles s\u00e3o os primeiros a responder, cuidar e curar em tempos de crise. Eles est\u00e3o presentes quando s\u00e3o necess\u00e1rios cuidados pr\u00e9-natais, est\u00e3o presentes quando s\u00e3o necess\u00e1rios cuidados de fim de vida - e est\u00e3o presentes em qualquer momento intermedi\u00e1rio. Eles merecem todo o nosso apoio.<\/p>\n\n\n\n<p><em>Este artigo foi publicado originalmente por <a href=\"https:\/\/www.devex.com\/news\/opinion-women-the-backbone-of-africa-s-health-care-need-our-support-103950\" target=\"_blank\" rel=\"noreferrer noopener\">Devex<\/a>.<\/em><\/p>","protected":false},"excerpt":{"rendered":"<p>Se algu\u00e9m vasculhar suas mem\u00f3rias de inf\u00e2ncia em busca de um momento em que n\u00e3o se sentiu bem ou precisou de cuidados para um pequeno arranh\u00e3o ou hematoma, a primeira pessoa a responder provavelmente seria uma mulher \u2013 seja ela uma m\u00e3e, irm\u00e3, enfermeira escolar ou cuidadora. Tal como acontece nos agregados familiares e nas comunidades, as mulheres tamb\u00e9m s\u00e3o\u2026<\/p>","protected":false},"author":21,"featured_media":22606,"comment_status":"closed","ping_status":"closed","sticky":false,"template":"","format":"standard","meta":{"_exactmetrics_skip_tracking":false,"_exactmetrics_sitenote_active":false,"_exactmetrics_sitenote_note":"","_exactmetrics_sitenote_category":0,"cybocfi_hide_featured_image":"","footnotes":""},"categories":[18,63],"tags":[562,563],"class_list":["post-22605","post","type-post","status-publish","format-standard","has-post-thumbnail","hentry","category-news","category-press-releases","tag-dr-awele-elumelu-2","tag-women-leadership"],"_links":{"self":[{"href":"https:\/\/www.tonyelumelufoundation.org\/pt\/wp-json\/wp\/v2\/posts\/22605","targetHints":{"allow":["GET"]}}],"collection":[{"href":"https:\/\/www.tonyelumelufoundation.org\/pt\/wp-json\/wp\/v2\/posts"}],"about":[{"href":"https:\/\/www.tonyelumelufoundation.org\/pt\/wp-json\/wp\/v2\/types\/post"}],"author":[{"embeddable":true,"href":"https:\/\/www.tonyelumelufoundation.org\/pt\/wp-json\/wp\/v2\/users\/21"}],"replies":[{"embeddable":true,"href":"https:\/\/www.tonyelumelufoundation.org\/pt\/wp-json\/wp\/v2\/comments?post=22605"}],"version-history":[{"count":0,"href":"https:\/\/www.tonyelumelufoundation.org\/pt\/wp-json\/wp\/v2\/posts\/22605\/revisions"}],"wp:featuredmedia":[{"embeddable":true,"href":"https:\/\/www.tonyelumelufoundation.org\/pt\/wp-json\/wp\/v2\/media\/22606"}],"wp:attachment":[{"href":"https:\/\/www.tonyelumelufoundation.org\/pt\/wp-json\/wp\/v2\/media?parent=22605"}],"wp:term":[{"taxonomy":"category","embeddable":true,"href":"https:\/\/www.tonyelumelufoundation.org\/pt\/wp-json\/wp\/v2\/categories?post=22605"},{"taxonomy":"post_tag","embeddable":true,"href":"https:\/\/www.tonyelumelufoundation.org\/pt\/wp-json\/wp\/v2\/tags?post=22605"}],"curies":[{"name":"wp","href":"https:\/\/api.w.org\/{rel}","templated":true}]}}