{"id":230,"date":"2013-09-17T14:24:04","date_gmt":"2013-09-17T14:24:04","guid":{"rendered":"http:\/\/www.tonyelumelufoundation.org\/?post_type=pressrelease&#038;p=230"},"modified":"2018-10-04T17:34:42","modified_gmt":"2018-10-04T17:34:42","slug":"conselho-de-competitividade-da-nigeria-nomeia-ceo-inaugural-do-principal-banqueiro-de-investimentos","status":"publish","type":"post","link":"https:\/\/www.tonyelumelufoundation.org\/pt\/news\/nigerian-competitiveness-council-appoints-leading-investment-banker-inaugural-ceo","title":{"rendered":"Conselho de Competitividade da Nig\u00e9ria nomeia banqueiro de investimento l\u00edder como CEO inaugural"},"content":{"rendered":"<blockquote><p>\u201cO Conselho \u00e9 um catalisador cr\u00edtico para a transforma\u00e7\u00e3o do ambiente de neg\u00f3cios da Nig\u00e9ria e esta nomea\u00e7\u00e3o \u00e9 um passo importante na demonstra\u00e7\u00e3o de que a Nig\u00e9ria est\u00e1 aberta aos neg\u00f3cios\u201d \u2013 Presidente Jonathan.<\/p><\/blockquote>\n<p>Abuja, Nig\u00e9ria, Setembro de 2013 \u2013 O Presidente Goodluck Jonathan disse que a competitividade empresarial da Nig\u00e9ria e a capacidade de atrair investimento local e internacional ser\u00e3o significativamente melhoradas com a nomea\u00e7\u00e3o do ex-banqueiro Chika Mordi como o primeiro Chefe do Executivo do Conselho Nacional de Competitividade da Nig\u00e9ria (NCCN). .<\/p>\n<p>O Presidente Jonathan, que lan\u00e7ou recentemente a NCCN, afirmou: \u201cEste passo importante, dado pelo Conselho Nacional de Competitividade, sublinha o compromisso da Nig\u00e9ria em transformar rapidamente o ambiente de neg\u00f3cios e aumentar a produtividade na Nig\u00e9ria\u201d.<\/p>\n<p>O Presidente Jonathan inaugurou o conselho no in\u00edcio deste ano, com o Ministro do Com\u00e9rcio e Investimento, Segun Aganga como Presidente e Tony Elumelu, Presidente da Heirs Holdings, representando o sector privado como Vice-Presidente. Outros membros, oriundos das comunidades nigeriana e internacional, incluem Michael Porter, Aliko Dangote, Lynda Chalker, Dr. Juan E. Pardinas, Diretor, etc.<\/p>\n<p>O Sr. Aganga, um dos principais membros da equipa de transforma\u00e7\u00e3o do Presidente, disse: \u201cEstamos satisfeitos por ter o Sr. Mordi \u00e0 frente dos assuntos do Conselho. O seu historial demonstra que possui o intelecto, a ambi\u00e7\u00e3o e a experi\u00eancia para ajudar a Nig\u00e9ria a alcan\u00e7ar proemin\u00eancia econ\u00f3mica global.\u201d<\/p>\n<p>Mordi liderar\u00e1 um \u00f3rg\u00e3o estrategicamente colocado, parte da pol\u00edtica mais ampla da administra\u00e7\u00e3o Jonathan para melhorar drasticamente a capacidade das empresas locais e internacionais de conduzir e operar neg\u00f3cios na Nig\u00e9ria, o pa\u00eds mais populoso de \u00c1frica e sede de um dos maiores mercados consumidores globais. Os resultados ser\u00e3o medidos pela ascens\u00e3o da Nig\u00e9ria no \u00cdndice de Competitividade Global do F\u00f3rum Econ\u00f3mico Mundial e nas classifica\u00e7\u00f5es do \u00cdndice Doing Business do Banco Mundial \u2013 \u00edndices que s\u00e3o refer\u00eancias internacionalmente reconhecidas para a abertura da economia de uma na\u00e7\u00e3o.<\/p>\n<p>Os pa\u00edses que implementam com sucesso reformas e superam os obst\u00e1culos regulamentares obt\u00eam melhores resultados econ\u00f3micos, cria\u00e7\u00e3o de emprego e melhores padr\u00f5es de vida, de acordo com o Banco Mundial.<\/p>\n<p>Tony O. Elumelu, CON, vice-presidente da NCCN e fundador da Funda\u00e7\u00e3o Tony Elumelu, que concedeu subs\u00eddio de arranque ao conselho, disse: \u201cA competitividade \u00e9 um pr\u00e9-requisito para o desenvolvimento de um pa\u00eds. A NCCN est\u00e1 a trabalhar para criar um ambiente prop\u00edcio ao florescimento do sector privado. Esta \u00e9 a \u00fanica solu\u00e7\u00e3o sustent\u00e1vel para o desenvolvimento da Nig\u00e9ria e de \u00c1frica. Mordi traz um conjunto de habilidades e um hist\u00f3rico que me faz sentir altamente confiante de que nossos objetivos ser\u00e3o alcan\u00e7ados.\u201d<\/p>\n<p>O Conselho selecionou Mordi atrav\u00e9s de um processo de recrutamento divulgado internacionalmente, que identificou uma s\u00e9rie de indiv\u00edduos extremamente talentosos. \u00c9 o fundador da Accender Africa, uma organiza\u00e7\u00e3o sem fins lucrativos sediada em Washington, DC, que procura utilizar os novos meios de comunica\u00e7\u00e3o para aumentar a transpar\u00eancia no governo, com o objectivo de reduzir a pobreza.<\/p>\n<p>\u201cEstou honrado por ter a oportunidade de contribuir de forma significativa para o desenvolvimento da Nig\u00e9ria e para o seu perfil empresarial global. O sector privado \u00e9 fundamental na cria\u00e7\u00e3o de crescimento sustent\u00e1vel, na redu\u00e7\u00e3o da pobreza e no aumento da prosperidade colectiva dos nigerianos. A NCCN \u00e9 intr\u00ednseca a garantir a exist\u00eancia das condi\u00e7\u00f5es certas para garantir o futuro forte da Nig\u00e9ria; Estou ansioso pelo desafio\u201d, disse Mordi.<\/p>\n<p>Mordi, um banqueiro profissional, que passou mais de duas d\u00e9cadas na ind\u00fastria financeira, foi fundamental na transforma\u00e7\u00e3o dram\u00e1tica da ind\u00fastria de servi\u00e7os financeiros da Nig\u00e9ria, incluindo o reposicionamento do ent\u00e3o United Bank for Africa Plc, numa das principais institui\u00e7\u00f5es financeiras de \u00c1frica. Tamb\u00e9m ajudou a incubar v\u00e1rias empresas na Nig\u00e9ria e no Gana e, na sua carreira na banca de investimento, geriu transa\u00e7\u00f5es hist\u00f3ricas na \u00c1frica Subsariana em a\u00e7\u00f5es, rendimento fixo, finan\u00e7as empresariais, convers\u00e3o de d\u00edvida e privatiza\u00e7\u00f5es.<\/p>\n<p>Mordi, um economista treinado, possui diplomas da Universidade de Ilorin, IESE Business School, Harvard Kennedy School, Escola de P\u00f3s-Gradua\u00e7\u00e3o em Comunica\u00e7\u00f5es da Universidade Americana e Escola de Estudos Internacionais Avan\u00e7ados da John Hopkins. Ele tamb\u00e9m completou o Programa de Gest\u00e3o Avan\u00e7ada na Harvard Business School.<\/p>","protected":false},"excerpt":{"rendered":"<p>\u201dO Conselho \u00e9 um catalisador fundamental para transformar o ambiente empresarial da Nig\u00e9ria e esta nomea\u00e7\u00e3o \u00e9 um passo importante para demonstrar que a Nig\u00e9ria est\u00e1 aberta aos neg\u00f3cios\u201d - Presidente Jonathan. Abuja, Nig\u00e9ria, setembro de 2013 - O Presidente Goodluck Jonathan afirmou que a competitividade empresarial da Nig\u00e9ria e a sua capacidade para atrair investimentos locais e internacionais ser\u00e3o significativamente refor\u00e7adas com a nomea\u00e7\u00e3o ...<\/p>","protected":false},"author":21,"featured_media":0,"comment_status":"open","ping_status":"open","sticky":false,"template":"","format":"standard","meta":{"_exactmetrics_skip_tracking":false,"_exactmetrics_sitenote_active":false,"_exactmetrics_sitenote_note":"","_exactmetrics_sitenote_category":0,"cybocfi_hide_featured_image":"","footnotes":""},"categories":[18],"tags":[],"class_list":["post-230","post","type-post","status-publish","format-standard","hentry","category-news"],"_links":{"self":[{"href":"https:\/\/www.tonyelumelufoundation.org\/pt\/wp-json\/wp\/v2\/posts\/230","targetHints":{"allow":["GET"]}}],"collection":[{"href":"https:\/\/www.tonyelumelufoundation.org\/pt\/wp-json\/wp\/v2\/posts"}],"about":[{"href":"https:\/\/www.tonyelumelufoundation.org\/pt\/wp-json\/wp\/v2\/types\/post"}],"author":[{"embeddable":true,"href":"https:\/\/www.tonyelumelufoundation.org\/pt\/wp-json\/wp\/v2\/users\/21"}],"replies":[{"embeddable":true,"href":"https:\/\/www.tonyelumelufoundation.org\/pt\/wp-json\/wp\/v2\/comments?post=230"}],"version-history":[{"count":0,"href":"https:\/\/www.tonyelumelufoundation.org\/pt\/wp-json\/wp\/v2\/posts\/230\/revisions"}],"wp:attachment":[{"href":"https:\/\/www.tonyelumelufoundation.org\/pt\/wp-json\/wp\/v2\/media?parent=230"}],"wp:term":[{"taxonomy":"category","embeddable":true,"href":"https:\/\/www.tonyelumelufoundation.org\/pt\/wp-json\/wp\/v2\/categories?post=230"},{"taxonomy":"post_tag","embeddable":true,"href":"https:\/\/www.tonyelumelufoundation.org\/pt\/wp-json\/wp\/v2\/tags?post=230"}],"curies":[{"name":"wp","href":"https:\/\/api.w.org\/{rel}","templated":true}]}}