{"id":2316,"date":"2015-06-24T11:59:12","date_gmt":"2015-06-24T11:59:12","guid":{"rendered":"http:\/\/tonyelumelufoundation.org\/?post_type=pressrelease&#038;p=2316"},"modified":"2020-11-06T16:53:22","modified_gmt":"2020-11-06T15:53:22","slug":"fundacao-tony-elumelu-da-as-boas-vindas-a-1-000-empreendedores-pan-africanos-100-milhoes-de-treinamento-do-programa-de-empreendedorismo-tony-elumelu","status":"publish","type":"post","link":"https:\/\/www.tonyelumelufoundation.org\/pt\/news\/tony-elumelu-foundation-welcomes-1000-pan-african-entrepreneurs-100m-tony-elumelu-entrepreneurship-programme-boot-camp","title":{"rendered":"Funda\u00e7\u00e3o Tony Elumelu d\u00e1 as boas-vindas a 1000 empreendedores pan-africanos no Boot Camp do Programa de Empreendedorismo $100M Tony Elumelu"},"content":{"rendered":"<p><strong>LAGOS, NIG\u00c9RIA, 23 de junho de 2015:&nbsp;<\/strong>\u201cEstou confiante de que estes empres\u00e1rios s\u00e3o a esperan\u00e7a de \u00c1frica para o futuro\u201d, diz o Sr. Tony Elumelu, sobre os 1000 empres\u00e1rios africanos que chegar\u00e3o \u00e0 Nig\u00e9ria no dia 10 de Julho.<sup>\u00ba<\/sup>, 2015 para um treinamento de dois dias.<\/p>\n<p>Espera-se que mil empres\u00e1rios seleccionados entre mais de 20.000 candidatos de toda a \u00c1frica convirjam para a Nig\u00e9ria para uma sess\u00e3o de treinamento de dois dias. Este ser\u00e1 o primeiro campo de treinamento do Programa de Empreendedorismo Tony Elumelu (TEEP), uma iniciativa de empreendedorismo pan-africana $100m. O evento acontecer\u00e1 de 10 a 12 de julho de 2015 em Ota, Nig\u00e9ria.<\/p>\n<p>Naquele que \u00e9 considerado o maior encontro de sempre de empreendedores emergentes no continente, o boot camp \u2013 que \u00e9 um marco importante do programa emblem\u00e1tico da Funda\u00e7\u00e3o Tony Elumelu (TEF) \u2013 ver\u00e1 uma interac\u00e7\u00e3o entre empreendedores estabelecidos de diferentes sectores da economia. ind\u00fastria e os 1000 empreendedores Tony Elumelu.<\/p>\n<p>Elumelu, que tem falado abertamente sobre o desenvolvimento liderado pelo empreendedorismo e o impulso para uma reviravolta em \u00c1frica impulsionada pelo sector privado, diz: \u201cAo capacitar estes empreendedores emergentes, estamos a fornecer o capital, as redes, a forma\u00e7\u00e3o e o apoio para que conduzam transforma\u00e7\u00e3o econ\u00f3mica e social em toda a \u00c1frica, fornecendo solu\u00e7\u00f5es para os seus problemas, bem como garantindo o seu futuro e o das gera\u00e7\u00f5es futuras.\u201d<\/p>\n<p>Na prepara\u00e7\u00e3o para o boot camp, a Funda\u00e7\u00e3o Tony Elumelu envolveu os empreendedores emergentes num programa de forma\u00e7\u00e3o online de 12 semanas que culmina nesta emocionante sess\u00e3o de dois dias. O formato do boot camp ser\u00e1 predominantemente sess\u00f5es plen\u00e1rias de palestrantes com hist\u00f3rico comprovado em neg\u00f3cios e lideran\u00e7a. Os empreendedores participar\u00e3o de sess\u00f5es incluindo um microfone aberto com o fundador Tony O. Elumelu CON e outros capit\u00e3es da ind\u00fastria.<\/p>\n<p>Falando sobre os ideais do programa e a necessidade de forma\u00e7\u00e3o, Parminder Vir, CEO da Funda\u00e7\u00e3o, afirma: \u201cEstamos entusiasmados por ir al\u00e9m e fornecer um trampolim para este conjunto de empreendedores africanos emergentes dominarem o mundo com os seus ideias inovadoras, come\u00e7ando pelas suas comunidades locais. No final deste boot camp, queremos que eles tenham vindo, vistos e sido transformados em empreendedores e embaixadores de pleno direito do Africapitalismo.\u201d<\/p>\n<p>Os Empreendedores Tony Elumelu representam 51 pa\u00edses e territ\u00f3rios africanos, bem como uma multiplicidade de sectores que acrescentam valor, desde a agricultura \u00e0 educa\u00e7\u00e3o, \u00e0 moda e \u00e0s TIC. Todas as cinco regi\u00f5es africanas \u2013 \u00c1frica do Norte, Leste, Sul, Central e Ocidental est\u00e3o representadas, bem como todos os estados da Nig\u00e9ria. Al\u00e9m disso, todos os principais blocos lingu\u00edsticos \u2013 \u00c1frica Angl\u00f3fona, Franc\u00f3fona, Lus\u00f3fona e \u00c1rabe. Mais do que qualquer outra coisa, resumem a oportunidade e a promessa de \u00c1frica.<\/p>\n<p>&nbsp;<\/p>\n<p>Para perguntas da m\u00eddia, entre em contato: <a href=\"mailto:media@tonyelumelufoundation.org\">media@tonyelumelufoundation.org<\/a><\/p>\n<p>+234 1-2774641-5<\/p>","protected":false},"excerpt":{"rendered":"<p>LAGOS, NIG\u00c9RIA, 23 de junho de 2015: \u2018Estou confiante de que estes empres\u00e1rios s\u00e3o a esperan\u00e7a de \u00c1frica para o futuro\u2019, diz Tony Elumelu, sobre os 1000 empres\u00e1rios africanos que chegar\u00e3o \u00e0 Nig\u00e9ria a 10 de julho de 2015 para um campo de treino de dois dias. Espera-se que mil empres\u00e1rios selecionados entre mais de 20.000 candidatos de toda a \u00c1frica ...<\/p>","protected":false},"author":21,"featured_media":0,"comment_status":"closed","ping_status":"open","sticky":false,"template":"","format":"standard","meta":{"_exactmetrics_skip_tracking":false,"_exactmetrics_sitenote_active":false,"_exactmetrics_sitenote_note":"","_exactmetrics_sitenote_category":0,"cybocfi_hide_featured_image":"","footnotes":""},"categories":[18],"tags":[],"class_list":["post-2316","post","type-post","status-publish","format-standard","hentry","category-news"],"_links":{"self":[{"href":"https:\/\/www.tonyelumelufoundation.org\/pt\/wp-json\/wp\/v2\/posts\/2316","targetHints":{"allow":["GET"]}}],"collection":[{"href":"https:\/\/www.tonyelumelufoundation.org\/pt\/wp-json\/wp\/v2\/posts"}],"about":[{"href":"https:\/\/www.tonyelumelufoundation.org\/pt\/wp-json\/wp\/v2\/types\/post"}],"author":[{"embeddable":true,"href":"https:\/\/www.tonyelumelufoundation.org\/pt\/wp-json\/wp\/v2\/users\/21"}],"replies":[{"embeddable":true,"href":"https:\/\/www.tonyelumelufoundation.org\/pt\/wp-json\/wp\/v2\/comments?post=2316"}],"version-history":[{"count":0,"href":"https:\/\/www.tonyelumelufoundation.org\/pt\/wp-json\/wp\/v2\/posts\/2316\/revisions"}],"wp:attachment":[{"href":"https:\/\/www.tonyelumelufoundation.org\/pt\/wp-json\/wp\/v2\/media?parent=2316"}],"wp:term":[{"taxonomy":"category","embeddable":true,"href":"https:\/\/www.tonyelumelufoundation.org\/pt\/wp-json\/wp\/v2\/categories?post=2316"},{"taxonomy":"post_tag","embeddable":true,"href":"https:\/\/www.tonyelumelufoundation.org\/pt\/wp-json\/wp\/v2\/tags?post=2316"}],"curies":[{"name":"wp","href":"https:\/\/api.w.org\/{rel}","templated":true}]}}