{"id":23873,"date":"2023-12-04T10:07:14","date_gmt":"2023-12-04T09:07:14","guid":{"rendered":"https:\/\/www.tonyelumelufoundation.org\/?p=23873"},"modified":"2024-01-16T16:39:25","modified_gmt":"2024-01-16T15:39:25","slug":"tony-elumelu-reune-lideres-globais-e-apela-a-uma-accao-climatica-imediata-para-africa-na-cop28-no-dubai","status":"publish","type":"post","link":"https:\/\/www.tonyelumelufoundation.org\/pt\/research-publications\/tony-elumelu-convenes-global-leaders-and-calls-for-immediate-climate-action-for-africa-at-cop28-in-dubai","title":{"rendered":"Tony Elumelu re\u00fane l\u00edderes globais e apela a uma ac\u00e7\u00e3o clim\u00e1tica imediata para \u00c1frica na COP28 no Dubai"},"content":{"rendered":"<p><em><strong>Tony Elumelu fala aos l\u00edderes mundiais para impactar os empreendedores africanos: O Programa de Capacita\u00e7\u00e3o de Empreendedores Africanos Tony Elumelu<\/strong><\/em><\/p>\n\n\n\n<ul class=\"wp-block-list\">\n<li>A Funda\u00e7\u00e3o Tony Elumelu acolhe a Administra\u00e7\u00e3o dos EUA, OMC, PNUD, IFC, UNICEF, <a href=\"https:\/\/www.rockefellerfoundation.org\/\" target=\"_blank\" rel=\"noopener\">Funda\u00e7\u00e3o Rockefeller<\/a> L\u00edderes<\/li>\n<\/ul>\n\n\n\n<ul class=\"wp-block-list\">\n<li>Defende parcerias equitativas para catalisar uma nova gera\u00e7\u00e3o de empreendedores verdes.<\/li>\n<\/ul>\n\n\n\n<ul class=\"wp-block-list\">\n<li>Anuncia parceria para financiar jovens empreendedores africanos no setor Verde com a Funda\u00e7\u00e3o Ikea, o Governo Holand\u00eas e a UNICEF Generation Unlimited.<\/li>\n<\/ul>\n\n\n\n<ul class=\"wp-block-list\">\n<li>Assegura compromissos para apoiar a juventude de \u00c1frica a impulsionar a resili\u00eancia clim\u00e1tica da Organiza\u00e7\u00e3o Mundial do Com\u00e9rcio, Banco Mundial, PNUD, Governo da Su\u00e9cia, IFC, Departamento de Estado dos EUA e outros.<\/li>\n<\/ul>\n\n\n\n<p>Numa s\u00e9rie de eventos durante a COP28, Tony Elumelu transmitiu uma \u00fanica mensagem aos l\u00edderes mundiais: \u00c1frica precisa de ser ouvida, o futuro de \u00c1frica \u00e9 o futuro do mundo e o continente que \u00e9 mais impactado e que menos contribui para as altera\u00e7\u00f5es clim\u00e1ticas precisa da nossa aten\u00e7\u00e3o. Com a juventude africana a representar um ter\u00e7o da popula\u00e7\u00e3o mundial no final deste s\u00e9culo, o futuro da juventude africana, empreendedora, ambiciosa e resiliente, deve receber a mais alta prioridade.<\/p>\n\n\n\n<h2 class=\"wp-block-heading\" id=\"h-the-tony-elumelu-foundation-african-entrepreneurship-programme\">Programa de Empreendedorismo Africano da Funda\u00e7\u00e3o Tony Elumelu<\/h2>\n\n\n\n<p>Elumelu ofereceu aos parceiros a infra-estrutura e a experi\u00eancia do programa de empreendedorismo $100m de 10 anos da sua pr\u00f3pria Funda\u00e7\u00e3o, para catalisar uma nova gera\u00e7\u00e3o de empreendedores africanos; empreendedores que possam enfrentar as altera\u00e7\u00f5es clim\u00e1ticas e impulsionar a cria\u00e7\u00e3o de riqueza mais ampla que \u00c1frica exige. Alcan\u00e7ando e financiando jovens empreendedores em todos os pa\u00edses africanos, a abordagem Elumelu de financiamento inicial, orienta\u00e7\u00e3o e networking agn\u00f3sticos do sector produziu um impacto robusto.<\/p>\n\n\n\n<p>As Confer\u00eancias anuais da COP sobre Altera\u00e7\u00f5es Clim\u00e1ticas da ONU unem o mundo para avaliar o progresso no combate \u00e0s altera\u00e7\u00f5es clim\u00e1ticas. Elumelu \u00e9 um dos principais defensores de uma agenda equitativa para a ac\u00e7\u00e3o clim\u00e1tica em \u00c1frica e, atrav\u00e9s da Funda\u00e7\u00e3o Tony Elumelu, capacitou milhares de empreendedores verdes, moldando um futuro mais sustent\u00e1vel para \u00c1frica.<\/p>\n\n\n\n<p>A Funda\u00e7\u00e3o Tony Elumelu, em parceria com o Banco Unido para \u00c1frica (UBA), organizou uma sess\u00e3o de alto n\u00edvel, reunindo africanos e intervenientes-chave no Golfo, na Europa e nas Am\u00e9ricas, onde a UBA opera, sublinhando a necessidade urgente de iniciativas inovadoras abordagens \u00e0 adapta\u00e7\u00e3o e mitiga\u00e7\u00e3o das altera\u00e7\u00f5es clim\u00e1ticas, promovendo ao mesmo tempo o desenvolvimento sustent\u00e1vel e chamando a aten\u00e7\u00e3o para a posi\u00e7\u00e3o \u00fanica de \u00c1frica.<\/p>\n\n\n\n<p>Os palestrantes inclu\u00edram o Dr. Okonjo Iweala, Diretor Geral, Organiza\u00e7\u00e3o Mundial do Com\u00e9rcio; Ahunna Eziakonwa, Administradora Assistente e Diretora Regional para \u00c1frica, PNUD; Kevin Frey, CEO, UNICEF Generation Unlimited; Sergio Pimenta, VP \u00c1frica, IFC; Wendy Teleki, Chefe da Iniciativa Financeira para Mulheres Empreendedoras, Banco Mundial; Adam Wang-Levine, Vice-Secret\u00e1rio Adjunto para o Clima dos EUA; Joseph Nganga, vice-presidente, Alian\u00e7a Global de Energia para Pessoas e Planeta, Funda\u00e7\u00e3o Rockefeller; Hassan Al Hashemi, vice-presidente de rela\u00e7\u00f5es internacionais, Dubai Chambers; Serge Eku\u00e9, Presidente do Banco de Desenvolvimento da \u00c1frica Ocidental (BOAD); Muyiwa Akinyemi, Diretor Geral Adjunto do Grupo, United Bank for Africa; e Mattias Frumerie, Embaixador Sueco para o Clima e Chefe da Delega\u00e7\u00e3o da UNFCCC.<\/p>\n\n\n\n<p>\u201cAbordar as altera\u00e7\u00f5es clim\u00e1ticas \u00e9 o principal desafio da nossa era. A urg\u00eancia \u00e9 inconfund\u00edvel.\u201d Elumelu afirmou. \u201c\u00c9 fundamental que \u00c1frica, como continente, e as vozes africanas, desempenhem um papel fundamental nas conversa\u00e7\u00f5es sobre o clima global, como participantes significativos, e n\u00e3o mais como espectadores. \u00c1frica \u00e9 a menos respons\u00e1vel e \u00e9 desproporcionalmente afectada pelas altera\u00e7\u00f5es clim\u00e1ticas. Estou a investir numa gera\u00e7\u00e3o de empreendedores verdes e estamos a estender a m\u00e3o da parceria, para que outros possam beneficiar e utilizar a infraestrutura e a plataforma que cri\u00e1mos para alcan\u00e7ar empreendedores em toda a \u00c1frica.\u201d<\/p>\n\n\n\n<p>Elumelu representou o sector privado africano no Novo Pacto de Financiamento Global de 2023, em Paris, a convite do Presidente franc\u00eas Emmanuel Macron, e no F\u00f3rum de Mobiliza\u00e7\u00e3o Financeira Clim\u00e1tica, em Londres, a convite do Rei Carlos III do Reino Unido e do Presidente dos EUA, Biden. Na 78\u00aa Assembleia Geral das Na\u00e7\u00f5es Unidas (AGNU78), em Nova Iorque, a Funda\u00e7\u00e3o Tony Elumelu (TEF) lan\u00e7ou um Programa de Empreendedorismo Verde, o primeiro do seu g\u00e9nero, o <a href=\"https:\/\/www.tonyelumelufoundation.org\/pt\/begreen-africa\/\">Iniciativa #BeGreenAfrica<\/a>, em parceria com a Funda\u00e7\u00e3o IKEA, o governo holand\u00eas e a UNICEF GenU, para apoiar o empreendedorismo verde e o desenvolvimento dos jovens.<\/p>\n\n\n\n<p>Tony Elumelu A empreendedora de Madag\u00e1scar na economia verde, Marie-Christiana Kola, partilhou uma hist\u00f3ria de impacto convincente. \u201cComo benefici\u00e1rio do programa de Empreendedorismo da Funda\u00e7\u00e3o Tony Elumelu, consegui criar um sabonete para as m\u00e3os reciclado e biodegrad\u00e1vel 100% feito com \u00f3leo cozido residual \u2013 o principal poluidor da \u00e1gua nas cidades urbanas africanas. Estes sabonetes n\u00e3o s\u00f3 protegem o ambiente, mas tamb\u00e9m s\u00e3o sabonetes solid\u00e1rios. Tamb\u00e9m pude participar na confer\u00eancia COP27 no Egipto, onde ganhei o Pr\u00e9mio Inova\u00e7\u00e3o. Hoje, empreguei mais de 30 pessoas por causa da Funda\u00e7\u00e3o Tony Elumelu.\u201d<\/p>\n\n\n\n<p>Falando no evento de alto n\u00edvel TEF #COP28, o Dr. Okonjo Iweala, DG da Organiza\u00e7\u00e3o Mundial do Com\u00e9rcio declarou: \u201cEstou orgulhoso do que meu irm\u00e3o, Tony Elumelu, fez ao capacitar e inspirar tantos jovens empreendedores. N\u00f3s n\u00e3o temos escolha; o futuro \u00e9 verde. O futuro do crescimento consiste em duas coisas: \u00e9 verde e deve ser inclusivo. Estou muito interessado em parcerias com organiza\u00e7\u00f5es como a TEF.\u201d<\/p>\n\n\n<div class=\"wp-block-image\">\n<figure class=\"aligncenter size-full\"><img fetchpriority=\"high\" decoding=\"async\" width=\"582\" height=\"727\" src=\"https:\/\/www.tonyelumelufoundation.org\/wp-content\/uploads\/2023\/12\/image.jpg\" alt=\"empreendedores de \u00c1frica\" class=\"wp-image-23874\" srcset=\"https:\/\/www.tonyelumelufoundation.org\/wp-content\/uploads\/2023\/12\/image.jpg 582w, https:\/\/www.tonyelumelufoundation.org\/wp-content\/uploads\/2023\/12\/image-240x300.jpg 240w\" sizes=\"(max-width: 582px) 100vw, 582px\" \/><figcaption class=\"wp-element-caption\">Tony O. Elumelu CFR em conversa com o Dr. Ngozi Okonji-Iweala, Diretor Geral da Organiza\u00e7\u00e3o Mundial do Com\u00e9rcio, na Mesa Redonda de alto n\u00edvel TEF-UBA, na confer\u00eancia COP28 em andamento em Dubai.<\/figcaption><\/figure><\/div>\n\n\n<p>Ahunna Eziakonwa, Administradora Adjunta e Diretora Regional para \u00c1frica do PNUD, acrescentou: \u201cA raz\u00e3o pela qual o PNUD se associou \u00e0 Funda\u00e7\u00e3o Tony Elumelu h\u00e1 anos \u00e9 devido \u00e0 lideran\u00e7a e coragem da Funda\u00e7\u00e3o em confiar e investir nos jovens africanos. Foi uma das primeiras organiza\u00e7\u00f5es a faz\u00ea-lo nessa escala.\u201d<\/p>\n\n\n\n<h2 class=\"wp-block-heading\" id=\"h-tef-partnering-to-impact-young-african-entrepreneurs\">Parceria TEF para impactar jovens empreendedores africanos<\/h2>\n\n\n\n<p>A Funda\u00e7\u00e3o fez parceria com o PNUD para capacitar milhares de pessoas no Sahel, com um ambicioso projeto para impactar a vida de um milh\u00e3o de jovens africanos.<\/p>\n\n\n\n<p>Sergio Pimenta, VP para \u00c1frica da IFC, tamb\u00e9m declarou: \u201cTony, sa\u00fado-o a si e \u00e0 sua Funda\u00e7\u00e3o pelo que t\u00eam feito para apoiar jovens empreendedores em \u00c1frica. A IFC alocou $2 mil milh\u00f5es em financiamento para PMEs africanas no \u00faltimo ano fiscal e estamos muito entusiasmados por poder fazer mais, trabalhando consigo.\u201d<\/p>\n\n\n\n<p>Kevin Frey, CEO da UNICEF Generation Unlimited acrescentou: \u201cCom a TEF, migramos de forma concertada para o espa\u00e7o empreendedor. A Generation Unlimited tem agora um programa emblem\u00e1tico com a Funda\u00e7\u00e3o Tony Elumelu chamado #BeGreenAfrica, lan\u00e7ado no Qu\u00e9nia, e agora com o apoio da Funda\u00e7\u00e3o IKEA e do Governo Holand\u00eas, expandimos para a Nig\u00e9ria, Marrocos, \u00c1frica do Sul e Senegal. Treinaremos e semearemos 500 empreendedores verdes este ano no projeto piloto nesses pa\u00edses. Ent\u00e3o Tony, muito obrigado, voc\u00ea est\u00e1 certo, \u00e9 tudo uma quest\u00e3o de parcerias.\u201d<\/p>\n\n\n\n<p>Wendy Teleki, Chefe da Iniciativa Financeira para Mulheres Empreendedoras no Banco Mundial, anunciou: \u201cNossa iniciativa focada nas mulheres conseguiu garantir $3,6 bilh\u00f5es para financiar mulheres empreendedoras em 67 pa\u00edses em todo o mundo, e est\u00e1 preparada para lan\u00e7ar um novo programa focado no financiamento de mulheres empreendedoras africanas para impulsionar a transi\u00e7\u00e3o energ\u00e9tica verde do continente, e estamos interessados em trabalhar com a Funda\u00e7\u00e3o Tony Elumelu.\u201d<\/p>\n\n\n\n<p>Mattias Frumerie, Embaixador Sueco para o Clima e Chefe da Delega\u00e7\u00e3o da UNFCCC declarou: \u201cO meu governo e eu elogiamos o incr\u00edvel impacto da Funda\u00e7\u00e3o Tony Elumelu em \u00c1frica e facilitaremos as liga\u00e7\u00f5es entre a Funda\u00e7\u00e3o Tony Elumelu e as embaixadas suecas em \u00c1frica para impulsionar a inova\u00e7\u00e3o, a digitaliza\u00e7\u00e3o, e a transi\u00e7\u00e3o para a energia verde, que promete gerar novos empregos e crescimento.\u201d<\/p>\n\n\n\n<p>Adam Wang-Levine, vice-secret\u00e1rio adjunto para o Clima dos EUA, acrescentou: \u201cAntes de vir para o Tesouro dos Estados Unidos, trabalhava com capital de risco e sei em primeira m\u00e3o que \u00e9 extremamente importante o que a Funda\u00e7\u00e3o Tony Elumelu est\u00e1 a fazer. Tenho visto dois pilares do seu trabalho \u2013 financiamento e orienta\u00e7\u00e3o \u2013 tal como vi com Silicon Valley, que ajuda a impulsionar a inova\u00e7\u00e3o e a cria\u00e7\u00e3o de empregos. Estamos entusiasmados em iniciar conversas de parceria.\u201d<\/p>\n\n\n\n<p>Muyiwa Akinyemi, Vice-GMD, United Bank for Africa, anunciou: \u201cPara n\u00f3s, <a href=\"https:\/\/www.tonyelumelufoundation.org\/pt\/publicacoes-de-pesquisa-2\/a-fundacao-tony-elumelu-e-o-banco-unido-para-africa-uba-preparam-se-para-acolher-uma-mesa-redonda-de-alto-nivel-na-cop28-no-dubai-emirados-arabes-unidos\/\">UBA<\/a>, damos acesso ao mercado em 20 regi\u00f5es geogr\u00e1ficas em \u00c1frica. Tudo o que fazemos \u00e9 em torno de \u00c1frica, e \u00e9 por isso que estabelecemos uma parceria com o Banco Afrexim para lan\u00e7ar o fundo $6billion para PME com foco na substitui\u00e7\u00e3o de importa\u00e7\u00f5es, trabalhando em quatro \u00e1reas principais, incluindo a redu\u00e7\u00e3o das emiss\u00f5es clim\u00e1ticas.\u201d<\/p>\n\n\n\n<p>No in\u00edcio do dia, Tony Elumelu juntou-se a Ajay Banga, Presidente do Grupo Banco Mundial; Brian Moynihan, Presidente do Conselho e CEO do Bank of America; Sra. Ruth Porat, presidente da Alphabet e Google; e Laurene Powell Jobs, fundadora e presidente do Emerson Collective, como palestrante em uma sess\u00e3o intitulada \u201cGrande, audacioso e verde: uma converg\u00eancia de vision\u00e1rios\u201d, moderada por B\u00f8rge Brende, presidente do F\u00f3rum Econ\u00f4mico Mundial.<\/p>\n\n\n<div class=\"wp-block-image\">\n<figure class=\"aligncenter size-full\"><img decoding=\"async\" width=\"604\" height=\"650\" src=\"https:\/\/www.tonyelumelufoundation.org\/wp-content\/uploads\/2023\/12\/image-1.jpg\" alt=\"empreendedores de \u00c1frica\" class=\"wp-image-23875\" srcset=\"https:\/\/www.tonyelumelufoundation.org\/wp-content\/uploads\/2023\/12\/image-1.jpg 604w, https:\/\/www.tonyelumelufoundation.org\/wp-content\/uploads\/2023\/12\/image-1-279x300.jpg 279w\" sizes=\"(max-width: 604px) 100vw, 604px\" \/><figcaption class=\"wp-element-caption\">Tony O. Elumelu CFR em conversa com a secret\u00e1ria Hillary Rodham Clinton sobre \u201cAgir em conjunto para os mais vulner\u00e1veis no nexo clima-sa\u00fade\u201d, na confer\u00eancia COP28 em curso no Dubai.<\/figcaption><\/figure><\/div>\n\n\n<p>No domingo, 3 de dezembro, o Sr. Tony Elumelu tamb\u00e9m participou de uma conversa informal com a Sra. Teresa Ribera, Vice-Presidente do Governo da Espanha e Ministra da Transi\u00e7\u00e3o Ecol\u00f3gica e Mudan\u00e7a Demogr\u00e1fica, moderada pelo Sec. Hillary Rodham Clinton, e com coment\u00e1rios finais do Dr. Tedros Adhanom Ghebreyesus, Diretor-Geral da Organiza\u00e7\u00e3o Mundial da Sa\u00fade.<\/p>\n\n\n\n<h2 class=\"wp-block-heading\" id=\"h-about-the-tony-elumelu-foundation\"><strong>Sobre a Funda\u00e7\u00e3o Tony Elumelu:<\/strong><\/h2>\n\n\n\n<p>A Funda\u00e7\u00e3o Tony Elumelu \u00e9 a principal institui\u00e7\u00e3o filantr\u00f3pica que capacita uma nova gera\u00e7\u00e3o de empres\u00e1rios africanos, impulsionando a erradica\u00e7\u00e3o da pobreza, catalisando a cria\u00e7\u00e3o de emprego em todos os 54 pa\u00edses africanos e garantindo o empoderamento econ\u00f3mico inclusivo. Desde o lan\u00e7amento do Programa de Empreendedorismo TEF em 2015, a Funda\u00e7\u00e3o conectou mais de 1,5 milh\u00f5es de jovens africanos no seu centro digital, TEFConnect, e desembolsou quase $100 milh\u00f5es de d\u00f3lares em financiamento direto a 18.000 mulheres e homens africanos, que criaram coletivamente mais de 400.000 projetos diretos e empregos indiretos. A miss\u00e3o da Funda\u00e7\u00e3o est\u00e1 enraizada no Africapitalismo, que posiciona o sector privado, e mais importante ainda, os empres\u00e1rios, como o catalisador para o desenvolvimento social e econ\u00f3mico do continente africano.<\/p>\n\n\n\n<p><strong>Informa\u00e7\u00f5es de contato:<\/strong><\/p>\n\n\n\n<p><strong>Moyo Awotile<\/strong><\/p>\n\n\n\n<p>Chefe de Marketing e Comunica\u00e7\u00f5es Corporativas, Funda\u00e7\u00e3o Tony Elumelu<\/p>\n\n\n\n<p>E-mail: <a href=\"mailto:moyo.awotile@tonyelumelufoundation.org\">moyo.awotile@tonyelumelufoundation.org<\/a><\/p>\n\n\n\n<p>Telefone: +234 809 975 1482<\/p>","protected":false},"excerpt":{"rendered":"<p>Tony Elumelu fala aos l\u00edderes mundiais para impactar os empreendedores africanos: O Programa Tony Elumelu de Empoderamento de Empreendedores Africanos Numa s\u00e9rie de eventos durante a COP28, Tony Elumelu transmitiu uma \u00fanica mensagem aos l\u00edderes mundiais: \u00c1frica precisa de ser ouvida, o futuro de \u00c1frica \u00e9 o futuro do mundo e o continente que \u00e9 mais impactado e o\u2026<\/p>","protected":false},"author":25,"featured_media":23907,"comment_status":"closed","ping_status":"closed","sticky":false,"template":"","format":"standard","meta":{"_exactmetrics_skip_tracking":false,"_exactmetrics_sitenote_active":false,"_exactmetrics_sitenote_note":"","_exactmetrics_sitenote_category":0,"cybocfi_hide_featured_image":"","footnotes":""},"categories":[21],"tags":[636,637,44,46],"class_list":["post-23873","post","type-post","status-publish","format-standard","has-post-thumbnail","hentry","category-research-publications","tag-cop28","tag-roundtable","tag-tef","tag-toe"],"_links":{"self":[{"href":"https:\/\/www.tonyelumelufoundation.org\/pt\/wp-json\/wp\/v2\/posts\/23873","targetHints":{"allow":["GET"]}}],"collection":[{"href":"https:\/\/www.tonyelumelufoundation.org\/pt\/wp-json\/wp\/v2\/posts"}],"about":[{"href":"https:\/\/www.tonyelumelufoundation.org\/pt\/wp-json\/wp\/v2\/types\/post"}],"author":[{"embeddable":true,"href":"https:\/\/www.tonyelumelufoundation.org\/pt\/wp-json\/wp\/v2\/users\/25"}],"replies":[{"embeddable":true,"href":"https:\/\/www.tonyelumelufoundation.org\/pt\/wp-json\/wp\/v2\/comments?post=23873"}],"version-history":[{"count":0,"href":"https:\/\/www.tonyelumelufoundation.org\/pt\/wp-json\/wp\/v2\/posts\/23873\/revisions"}],"wp:featuredmedia":[{"embeddable":true,"href":"https:\/\/www.tonyelumelufoundation.org\/pt\/wp-json\/wp\/v2\/media\/23907"}],"wp:attachment":[{"href":"https:\/\/www.tonyelumelufoundation.org\/pt\/wp-json\/wp\/v2\/media?parent=23873"}],"wp:term":[{"taxonomy":"category","embeddable":true,"href":"https:\/\/www.tonyelumelufoundation.org\/pt\/wp-json\/wp\/v2\/categories?post=23873"},{"taxonomy":"post_tag","embeddable":true,"href":"https:\/\/www.tonyelumelufoundation.org\/pt\/wp-json\/wp\/v2\/tags?post=23873"}],"curies":[{"name":"wp","href":"https:\/\/api.w.org\/{rel}","templated":true}]}}