{"id":2411,"date":"2015-07-13T10:00:09","date_gmt":"2015-07-13T10:00:09","guid":{"rendered":"http:\/\/tonyelumelufoundation.org\/?post_type=pressrelease&#038;p=2411"},"modified":"2018-10-04T17:34:40","modified_gmt":"2018-10-04T17:34:40","slug":"fundacao-tony-elumelu-organiza-bootcamp-historico-1000-empreendedores-africanos-emergentes-51-paises-africanos-ota-nigeria","status":"publish","type":"post","link":"https:\/\/www.tonyelumelufoundation.org\/pt\/news\/tony-elumelu-foundation-hosts-historic-bootcamp-1000-emerging-african-entrepreneurs-51-african-countries-ota-nigeria","title":{"rendered":"Funda\u00e7\u00e3o Tony Elumelu organiza bootcamp hist\u00f3rico para 1.000 empreendedores africanos emergentes de 51 pa\u00edses africanos em Ota, Nig\u00e9ria"},"content":{"rendered":"<p style=\"color: #777779;\"><strong style=\"font-style: inherit;\">LAGOS, NIG\u00c9RIA<\/strong>\u00a0Como parte do compromisso de $100 milh\u00f5es de Tony Elumelu para capacitar empreendedores africanos, 1.000 empreendedores Tony Elumelu, representando 51 pa\u00edses africanos da turma de 2015 do Programa de Empreendedorismo Tony Elumelu (TEEP), convergiram perto de Lagos, na Nig\u00e9ria, para uma sess\u00e3o intensiva de treinamento de dois dias, um encontro sem precedentes de empreendedores africanos emergentes, de 10 a 12 de julho de 2015.<\/p>\n<p style=\"color: #777779;\">Os empreendedores viajaram de todo o continente \u2013 desde Madag\u00e1scar e Marrocos \u2013 e reuniram-se em Ota, na Nig\u00e9ria, para um campo de treino de empreendedorismo composto por sess\u00f5es interativas com empreendedores de sucesso, l\u00edderes pol\u00edticos e empresariais, e uma sess\u00e3o de microfone aberto com o Fundador, Tony O. Elumelu CON.<\/p>\n<p style=\"color: #777779;\">O gambiano Badje Modou Lamin, cujo neg\u00f3cio est\u00e1 no sector agr\u00edcola, disse: \u201cO campo de treino foi uma grande experi\u00eancia. Pude trocar ideias com v\u00e1rios empreendedores. Isto realmente mudou a minha perspectiva sobre \u00c1frica.\u201d<\/p>\n<p style=\"color: #777779;\">Maalainine Mohamed Bouya, do Marrocos, disse: \u201cO treinamento foi incr\u00edvel! Desde a nossa viagem do aeroporto at\u00e9 ao campo de treino, temos discutido e partilhado ideias entre n\u00f3s. \u00c1frica tem um enorme potencial.\u201d<\/p>\n<p style=\"color: #777779;\">A nigeriana Obinna Chukwu disse: \u201cO campo de treinamento foi uma experi\u00eancia maravilhosa \u2013 conheci pessoas de toda a \u00c1frica. Isso me deixa orgulhoso de ser nigeriano. Agrade\u00e7o a Tony Elumelu e \u00e0 Funda\u00e7\u00e3o Tony Elumelu por fazerem isso acontecer.\u201d<\/p>\n<p style=\"color: #777779;\">Elumelu, Presidente da Heirs Holdings, falou sobre as suas experi\u00eancias de vida e os princ\u00edpios que aprendeu com mentores, como o Chefe Ebitimi Banigo, que aplicou na sua pr\u00f3pria jornada de empreendedorismo de sucesso. Ele respondeu a uma s\u00e9rie de perguntas durante uma sess\u00e3o de perguntas e respostas de duas horas, oferecendo perspectivas sobre inova\u00e7\u00e3o, estrat\u00e9gia, governan\u00e7a, gest\u00e3o financeira e tomada de decis\u00f5es.<\/p>\n<p style=\"color: #777779;\">Ele disse: \u201cO empreendedorismo n\u00e3o \u00e9 uma jornada de curto prazo e estou satisfeito por podermos ajudar estes l\u00edderes emergentes, \u00e0 medida que procuram juntar-se a mim na transforma\u00e7\u00e3o de \u00c1frica. O meu compromisso de criar mil novos empreendedores que possam mudar \u00c1frica para sempre tornou-se agora uma realidade. Este \u00e9 apenas o come\u00e7o.&quot;<\/p>\n<p style=\"color: #777779;\">O Vice-Presidente da Nig\u00e9ria, Professor Yemi Osinbajo, GCON, deu as boas-vindas aos empres\u00e1rios de toda a \u00c1frica e apelou-lhes para que aproveitassem as redes constru\u00eddas em Ota para desenvolver redes pan-africanas de investimento e com\u00e9rcio. Segundo o vice-presidente Osinbajo, \u201cEste programa merece todos os elogios que est\u00e1 recebendo. Tony Elumelu corajosamente colocou o seu dinheiro onde est\u00e1 a boca. As sociedades n\u00e3o podem desenvolver-se sem empreendedores sociais. Eu ordeno que voc\u00ea seja o pequeno Elumelus e crie oportunidades para os outros.\u201d<\/p>\n<p style=\"color: #777779;\">O vice-presidente juntou-se a outros l\u00edderes pol\u00edticos seniores, incluindo o governador de Kaduna, Nasiru El Rufai, e Lionel Zinsou, o primeiro-ministro da Rep\u00fablica do Benin.<\/p>\n<p style=\"color: #777779;\">Outros palestrantes inclu\u00edram Parminder Vir, OBE, CEO da Funda\u00e7\u00e3o Tony Elumelu; Mo Abudu, fundador\/CEO da Ebony Life TV; \u00edcone da tela de Nollywood, Omotola Jalade-Ekeinde; Nimi Akinkugbe, CEO, Bestman Games; Rasheed Olaoluwa, CEO do Banco da Ind\u00fastria; ex-DG da SEC Arunma Oteh; o inspirador treinador Lanre Olusola; Martin Eigbike, Parcerias de Desenvolvimento da Accenture; a especialista em governan\u00e7a Angela Aneke; o dramaturgo e produtor Adewale Ajadi; Sam Nwanze, Diretor de Finan\u00e7as e Investimentos da Heirs Holdings; e David Rice, Diretor do Instituto Africapitalism.<\/p>\n<p style=\"color: #777779;\">Os Empreendedores Tony Elumelu da Turma TEEP de 2015 representam 51 pa\u00edses e territ\u00f3rios africanos. Abrangem todas as regi\u00f5es geopol\u00edticas de \u00c1frica \u2013 \u00c1frica do Norte, Leste, Sul, Central e Ocidental \u2013 e os principais blocos lingu\u00edsticos \u2013 \u00c1frica Angl\u00f3fona, Franc\u00f3fona, Lus\u00f3fona e \u00c1rabe \u2013 bem como todos os estados da Nig\u00e9ria. Representam uma diversidade de sectores, que v\u00e3o desde a agricultura \u00e0 educa\u00e7\u00e3o, passando pela energia, moda e TIC, enfatizando o potencial de \u00c1frica.<\/p>\n<p style=\"color: #777779;\">Na sua mensagem de boa vontade aos empres\u00e1rios Tony Elumelu, o presidente nigeriano Muhammadu Buhari, GCFR escreveu: \u201cEstou orgulhoso de que a Nig\u00e9ria (e um nigeriano) esteja a assumir a lideran\u00e7a neste esfor\u00e7o para promover a auto-estima, encorajar o empreendedorismo, criar empregos, construir e promover redes para o com\u00e9rcio intra-africano, colabora\u00e7\u00e3o empresarial e investimento. A nossa Administra\u00e7\u00e3o est\u00e1 empenhada em desbloquear todas essas oportunidades para restaurar a dignidade do nosso povo. Este programa \u00e9 um exemplo que espero que outros sigam e elogio Tony Elumelu e a sua Funda\u00e7\u00e3o pelo seu esfor\u00e7o e lideran\u00e7a nesta \u00e1rea. \u201d<\/p>\n<p style=\"color: #777779;\">Ao encerrar o bootcamp, o Sr. Elumelu desafiou todos os empreendedores dizendo: \u201cQuero ir para a Z\u00e2mbia quando tiver 80 anos e encontrar algu\u00e9m que me mostre o seu neg\u00f3cio de produ\u00e7\u00e3o ou institui\u00e7\u00e3o financeira e me diga que foi constru\u00eddo a partir de $10k de Tony Elumelu. \u00c9 disso que se trata e \u00e9 isso que voc\u00ea me deve. Ele acrescentou: \u201cO retorno que desejo deste investimento de $100 milh\u00f5es \u00e9 o seu sucesso, porque o seu sucesso \u00e9 o sucesso de \u00c1frica\u201d.<\/p>\n<p style=\"color: #777779;\">Ap\u00f3s o bootcamp, o Programa de Empreendedorismo Tony Elumelu ter\u00e1 como foco fornecer capital inicial e apoio para que os empreendedores coloquem em pr\u00e1tica o conhecimento adquirido no bootcamp e nas 12 semanas de treinamento realizadas antes do evento. Continuar\u00e1 tamb\u00e9m a promover uma maior colabora\u00e7\u00e3o entre eles e o resto da Rede de Empreendedorismo Tony Elumelu, \u00e0 medida que procura promover o com\u00e9rcio transfronteiri\u00e7o no continente. O portal de candidaturas ser\u00e1 reaberto em 1 de Janeiro de 2016 para empreendedores emergentes em toda a \u00c1frica competirem por vagas na Classe TEEP de 2016.<\/p>","protected":false},"excerpt":{"rendered":"<p>LAGOS, NIG\u00c9RIA Como parte do compromisso $100 milh\u00f5es de Tony Elumelu para capacitar os empres\u00e1rios africanos, 1.000 Empres\u00e1rios Tony Elumelu, representando 51 pa\u00edses africanos da Classe de 2015 do Programa de Empreendedorismo Tony Elumelu (TEEP), convergiram perto de Lagos, Nig\u00e9ria, para uma sess\u00e3o intensiva de dois dias de campo de treino, um encontro sem precedentes de empres\u00e1rios africanos emergentes, de 10 a 12 de julho de 2015. Os empres\u00e1rios viajaram ...<\/p>","protected":false},"author":21,"featured_media":2401,"comment_status":"open","ping_status":"open","sticky":false,"template":"","format":"standard","meta":{"_exactmetrics_skip_tracking":false,"_exactmetrics_sitenote_active":false,"_exactmetrics_sitenote_note":"","_exactmetrics_sitenote_category":0,"cybocfi_hide_featured_image":"","footnotes":""},"categories":[18],"tags":[],"class_list":["post-2411","post","type-post","status-publish","format-standard","has-post-thumbnail","hentry","category-news"],"_links":{"self":[{"href":"https:\/\/www.tonyelumelufoundation.org\/pt\/wp-json\/wp\/v2\/posts\/2411","targetHints":{"allow":["GET"]}}],"collection":[{"href":"https:\/\/www.tonyelumelufoundation.org\/pt\/wp-json\/wp\/v2\/posts"}],"about":[{"href":"https:\/\/www.tonyelumelufoundation.org\/pt\/wp-json\/wp\/v2\/types\/post"}],"author":[{"embeddable":true,"href":"https:\/\/www.tonyelumelufoundation.org\/pt\/wp-json\/wp\/v2\/users\/21"}],"replies":[{"embeddable":true,"href":"https:\/\/www.tonyelumelufoundation.org\/pt\/wp-json\/wp\/v2\/comments?post=2411"}],"version-history":[{"count":0,"href":"https:\/\/www.tonyelumelufoundation.org\/pt\/wp-json\/wp\/v2\/posts\/2411\/revisions"}],"wp:featuredmedia":[{"embeddable":true,"href":"https:\/\/www.tonyelumelufoundation.org\/pt\/wp-json\/"}],"wp:attachment":[{"href":"https:\/\/www.tonyelumelufoundation.org\/pt\/wp-json\/wp\/v2\/media?parent=2411"}],"wp:term":[{"taxonomy":"category","embeddable":true,"href":"https:\/\/www.tonyelumelufoundation.org\/pt\/wp-json\/wp\/v2\/categories?post=2411"},{"taxonomy":"post_tag","embeddable":true,"href":"https:\/\/www.tonyelumelufoundation.org\/pt\/wp-json\/wp\/v2\/tags?post=2411"}],"curies":[{"name":"wp","href":"https:\/\/api.w.org\/{rel}","templated":true}]}}