{"id":24263,"date":"2024-02-08T15:21:08","date_gmt":"2024-02-08T14:21:08","guid":{"rendered":"https:\/\/www.tonyelumelufoundation.org\/?p=24263"},"modified":"2024-02-08T15:27:52","modified_gmt":"2024-02-08T14:27:52","slug":"conheca-os-ex-alunos-do-tef-de-2017-olanrewaju-fadodun-que-iniciaram-o-negocio-de-processamento-de-alimentos-e-servicos-de-treinamento","status":"publish","type":"post","link":"https:\/\/www.tonyelumelufoundation.org\/pt\/alumni\/west-african-alumni\/meet-2017-tef-alumni-olanrewaju-fadodun-who-started-food-processing-and-training-services-business","title":{"rendered":"Conhe\u00e7a os ex-alunos do TEF de 2017, Olanrewaju Fadodun, que iniciou o neg\u00f3cio de processamento de alimentos e servi\u00e7os de treinamento"},"content":{"rendered":"<p><strong>Financiar neg\u00f3cios de processamento de alimentos na Nig\u00e9ria<\/strong>: Reduzir a perda de alimentos e criar oportunidades para os agricultores venderem os seus produtos agr\u00edcolas na \u00e9poca e fora da \u00e9poca era uma prioridade para Olarewaju Fadodun. Ele transforma produtos agr\u00edcolas perec\u00edveis em produtos n\u00e3o perec\u00edveis que podem ficar fora de seu prazo de validade normal.<\/p>\n\n\n\n<p>Em 2017, antes do <a href=\"https:\/\/www.tonyelumelufoundation.org\/pt\/noticias-2\/tef2024-um-guia-completo-para-perguntas-frequentes-sobre-seu-aplicativo-respondidas\/\">Programa TEF<\/a>, Olanrewaju vendia apenas um produto nas ruas da cidade. Actualmente tem sete produtos em cerca de nove estados da Nig\u00e9ria e criou empregos directos para 14 nigerianos. Ele oferece empregos agr\u00edcolas para mulheres \u2013 8 mulheres trabalhando em sua f\u00e1brica e v\u00e1rias mulheres vendendo seus produtos nos mercados com receitas mensais de cerca de 5.000 d\u00f3lares. Sua empresa possui parcerias locais e internacionais, com os produtos saindo da costa da Nig\u00e9ria para a Europa e Am\u00e9rica.\u00a0<\/p>\n\n\n\n<h2 class=\"wp-block-heading\">Hist\u00f3ria de sucesso africana em neg\u00f3cios de processamento de alimentos<\/h2>\n\n\n\n<p>Olarewaju disse que o capital inicial e as 12 semanas de forma\u00e7\u00e3o em empreendedorismo foram vitais para o seu neg\u00f3cio. Durante o f\u00f3rum TEF 2019, ele p\u00f4de expor no marketplace da UBA e se conectar com diversas pessoas que impactaram seu neg\u00f3cio em termos de finan\u00e7as e recomenda\u00e7\u00f5es.<\/p>\n\n\n\n<p><em><strong>\u201cOferecemos oportunidades de mercado aos agricultores \u2013 centenas de toneladas de produtos processados produzidos na agricultura. Fornecemos empregos fora da agricultura para mulheres - 8 mulheres trabalhando em nossa f\u00e1brica e v\u00e1rias mulheres vendendo nossos produtos nos mercados. Criamos oportunidades de integra\u00e7\u00e3o industrial para estudantes - 12 alunos treinados diretamente e mais de 500 em excurs\u00e3o.\u201d<\/strong><\/em><\/p>\n\n\n\n<h2 class=\"wp-block-heading\">Sobre a Funda\u00e7\u00e3o Tony Elumelu<\/h2>\n\n\n\n<p>A Funda\u00e7\u00e3o Tony Elumelu \u00e9 a principal institui\u00e7\u00e3o filantr\u00f3pica que capacita uma nova gera\u00e7\u00e3o de empreendedores africanos, impulsionando a erradica\u00e7\u00e3o da pobreza, catalisando a cria\u00e7\u00e3o de emprego em todos os 54 pa\u00edses africanos e assegurando a capacita\u00e7\u00e3o econ\u00f3mica inclusiva. Desde o lan\u00e7amento do Programa de Empreendedorismo TEF em 2015, a Funda\u00e7\u00e3o formou mais de 1,5 milh\u00f5es de jovens africanos no seu centro digital,&nbsp;<a href=\"http:\/\/tefconnect.com\/\" target=\"_blank\" rel=\"noreferrer noopener\">TEFconectar<\/a>e desembolsou quase USD $100 milh\u00f5es em financiamento direto a 18.000 mulheres e homens africanos, que criaram coletivamente mais de 400.000 empregos directos e indirectos. A miss\u00e3o da Funda\u00e7\u00e3o assenta no Africapitalismo, que posiciona o sector privado e, sobretudo, os empres\u00e1rios, como catalisadores do desenvolvimento social e econ\u00f3mico do continente africano.<\/p>","protected":false},"excerpt":{"rendered":"<p>Olarewaju disse que o capital inicial e as 12 semanas de forma\u00e7\u00e3o em empreendedorismo foram vitais para o seu neg\u00f3cio. Durante o f\u00f3rum TEF 2019, ele p\u00f4de expor no marketplace da UBA e se conectar com diversas pessoas que impactaram seu neg\u00f3cio em termos de finan\u00e7as e recomenda\u00e7\u00f5es.<\/p>","protected":false},"author":29,"featured_media":24264,"comment_status":"closed","ping_status":"closed","sticky":false,"template":"","format":"standard","meta":{"_exactmetrics_skip_tracking":false,"_exactmetrics_sitenote_active":false,"_exactmetrics_sitenote_note":"","_exactmetrics_sitenote_category":0,"cybocfi_hide_featured_image":"","footnotes":""},"categories":[366],"tags":[645,126,652],"class_list":["post-24263","post","type-post","status-publish","format-standard","has-post-thumbnail","hentry","category-west-african-alumni","tag-manufacturing-sector","tag-tef-alumni","tag-tef2024-2"],"_links":{"self":[{"href":"https:\/\/www.tonyelumelufoundation.org\/pt\/wp-json\/wp\/v2\/posts\/24263","targetHints":{"allow":["GET"]}}],"collection":[{"href":"https:\/\/www.tonyelumelufoundation.org\/pt\/wp-json\/wp\/v2\/posts"}],"about":[{"href":"https:\/\/www.tonyelumelufoundation.org\/pt\/wp-json\/wp\/v2\/types\/post"}],"author":[{"embeddable":true,"href":"https:\/\/www.tonyelumelufoundation.org\/pt\/wp-json\/wp\/v2\/users\/29"}],"replies":[{"embeddable":true,"href":"https:\/\/www.tonyelumelufoundation.org\/pt\/wp-json\/wp\/v2\/comments?post=24263"}],"version-history":[{"count":0,"href":"https:\/\/www.tonyelumelufoundation.org\/pt\/wp-json\/wp\/v2\/posts\/24263\/revisions"}],"wp:featuredmedia":[{"embeddable":true,"href":"https:\/\/www.tonyelumelufoundation.org\/pt\/wp-json\/wp\/v2\/media\/24264"}],"wp:attachment":[{"href":"https:\/\/www.tonyelumelufoundation.org\/pt\/wp-json\/wp\/v2\/media?parent=24263"}],"wp:term":[{"taxonomy":"category","embeddable":true,"href":"https:\/\/www.tonyelumelufoundation.org\/pt\/wp-json\/wp\/v2\/categories?post=24263"},{"taxonomy":"post_tag","embeddable":true,"href":"https:\/\/www.tonyelumelufoundation.org\/pt\/wp-json\/wp\/v2\/tags?post=24263"}],"curies":[{"name":"wp","href":"https:\/\/api.w.org\/{rel}","templated":true}]}}