{"id":2571,"date":"2015-10-14T11:55:16","date_gmt":"2015-10-14T11:55:16","guid":{"rendered":"http:\/\/tonyelumelufoundation.org\/?post_type=gallery&amp;p=2571"},"modified":"2015-10-14T11:55:16","modified_gmt":"2015-10-14T11:55:16","slug":"tony-o-elumelu-con-participa-da-reuniao-anual-do-banco-mundial-do-fmi-no-peru-3","status":"publish","type":"post","link":"https:\/\/www.tonyelumelufoundation.org\/pt\/photos\/tony-o-elumelu-con-attends-the-imf-world-bank-annual-meeting-in-peru-2","title":{"rendered":"Tony O. Elumelu CON participa da Reuni\u00e3o Anual do FMI e do Banco Mundial no Peru"},"content":{"rendered":"<p>Nosso fundador, Tony O. Elumelu CON, esteve em Lima, Peru, para discutir a implementa\u00e7\u00e3o da Agenda de Desenvolvimento p\u00f3s-2015 na Reuni\u00e3o Anual do Fundo Monet\u00e1rio Internacional (FMI) e do Banco Mundial, em 11 de outubro de 2015.<\/p>\n<div id=\"attachment_2572\" style=\"width: 610px\" class=\"wp-caption aligncenter\"><a href=\"https:\/\/tonyelumelufoundation.org\/wp-content\/uploads\/2015\/10\/11.jpg\"><img fetchpriority=\"high\" decoding=\"async\" aria-describedby=\"caption-attachment-2572\" class=\"wp-image-2572 size-large\" src=\"https:\/\/tonyelumelufoundation.org\/wp-content\/uploads\/2015\/10\/11-600x450.jpg\" alt=\"11\" width=\"600\" height=\"450\" \/><\/a><p id=\"caption-attachment-2572\" class=\"wp-caption-text\">LR: Claver Gatete, Ministro das Finan\u00e7as e do Planeamento Econ\u00f3mico, Ruanda; Nikiwe Bikitsha, jornalista e moderadora do painel; Magdalena Andersson, Ministra das Finan\u00e7as, Su\u00e9cia; Akinwumi Adesina, Presidente, Banco Africano de Desenvolvimento; Tony O. Elumelu CON, fundador da Funda\u00e7\u00e3o Tony Elumelu e presidente da Heirs Holdings; Joseph Stiglitz, Professor de Economia, Universidade de Columbia, ganhador do Pr\u00eamio Nobel Memorial em Ci\u00eancias Econ\u00f4micas de 2001; Min Zhu, Diretor-Geral Adjunto do FMI e Bertrand Badr\u00e9, Diretor-Geral e Diretor Financeiro do Grupo Banco Mundial.<\/p><\/div>\n<p>&nbsp;<\/p>\n<div id=\"attachment_2573\" style=\"width: 610px\" class=\"wp-caption aligncenter\"><a href=\"https:\/\/tonyelumelufoundation.org\/wp-content\/uploads\/2015\/10\/12.jpg\"><img decoding=\"async\" aria-describedby=\"caption-attachment-2573\" class=\"wp-image-2573 size-large\" src=\"https:\/\/tonyelumelufoundation.org\/wp-content\/uploads\/2015\/10\/12-600x450.jpg\" alt=\"12\" width=\"600\" height=\"450\" \/><\/a><p id=\"caption-attachment-2573\" class=\"wp-caption-text\">Moderador, Nikiwe Bikitsha falando durante o painel de discuss\u00e3o<\/p><\/div>\n<div id=\"attachment_2575\" style=\"width: 610px\" class=\"wp-caption aligncenter\"><a href=\"https:\/\/tonyelumelufoundation.org\/wp-content\/uploads\/2015\/10\/14.jpg\"><img decoding=\"async\" aria-describedby=\"caption-attachment-2575\" class=\"wp-image-2575 size-large\" src=\"https:\/\/tonyelumelufoundation.org\/wp-content\/uploads\/2015\/10\/14-600x450.jpg\" alt=\"14\" width=\"600\" height=\"450\" \/><\/a><p id=\"caption-attachment-2575\" class=\"wp-caption-text\">Tony O. Elumelu CON dirigindo-se ao p\u00fablico durante o painel de discuss\u00e3o<\/p><\/div>","protected":false},"excerpt":{"rendered":"<p>Nosso fundador, Tony O. Elumelu CON, esteve em Lima, Peru, para discutir a implementa\u00e7\u00e3o da Agenda de Desenvolvimento p\u00f3s-2015 na Reuni\u00e3o Anual do Fundo Monet\u00e1rio Internacional (FMI) e do Banco Mundial, em 11 de outubro de 2015. &nbsp;<\/p>","protected":false},"author":21,"featured_media":2572,"comment_status":"open","ping_status":"open","sticky":false,"template":"","format":"standard","meta":{"_exactmetrics_skip_tracking":false,"_exactmetrics_sitenote_active":false,"_exactmetrics_sitenote_note":"","_exactmetrics_sitenote_category":0,"cybocfi_hide_featured_image":"","footnotes":""},"categories":[13],"tags":[],"class_list":["post-2571","post","type-post","status-publish","format-standard","has-post-thumbnail","hentry","category-photos"],"_links":{"self":[{"href":"https:\/\/www.tonyelumelufoundation.org\/pt\/wp-json\/wp\/v2\/posts\/2571","targetHints":{"allow":["GET"]}}],"collection":[{"href":"https:\/\/www.tonyelumelufoundation.org\/pt\/wp-json\/wp\/v2\/posts"}],"about":[{"href":"https:\/\/www.tonyelumelufoundation.org\/pt\/wp-json\/wp\/v2\/types\/post"}],"author":[{"embeddable":true,"href":"https:\/\/www.tonyelumelufoundation.org\/pt\/wp-json\/wp\/v2\/users\/21"}],"replies":[{"embeddable":true,"href":"https:\/\/www.tonyelumelufoundation.org\/pt\/wp-json\/wp\/v2\/comments?post=2571"}],"version-history":[{"count":0,"href":"https:\/\/www.tonyelumelufoundation.org\/pt\/wp-json\/wp\/v2\/posts\/2571\/revisions"}],"wp:featuredmedia":[{"embeddable":true,"href":"https:\/\/www.tonyelumelufoundation.org\/pt\/wp-json\/"}],"wp:attachment":[{"href":"https:\/\/www.tonyelumelufoundation.org\/pt\/wp-json\/wp\/v2\/media?parent=2571"}],"wp:term":[{"taxonomy":"category","embeddable":true,"href":"https:\/\/www.tonyelumelufoundation.org\/pt\/wp-json\/wp\/v2\/categories?post=2571"},{"taxonomy":"post_tag","embeddable":true,"href":"https:\/\/www.tonyelumelufoundation.org\/pt\/wp-json\/wp\/v2\/tags?post=2571"}],"curies":[{"name":"wp","href":"https:\/\/api.w.org\/{rel}","templated":true}]}}