{"id":26038,"date":"2024-07-17T11:35:29","date_gmt":"2024-07-17T10:35:29","guid":{"rendered":"https:\/\/www.tonyelumelufoundation.org\/?p=26038"},"modified":"2024-07-17T11:40:06","modified_gmt":"2024-07-17T10:40:06","slug":"promover-o-empreendedorismo-das-mulheres-em-africa-uma-rececao-de-alto-nivel","status":"publish","type":"post","link":"https:\/\/www.tonyelumelufoundation.org\/pt\/news\/driving-women-entrepreneurship-in-africa-a-high-level-reception","title":{"rendered":"Impulsionar o empreendedorismo feminino em \u00c1frica: Uma Rece\u00e7\u00e3o de Alto N\u00edvel Organizada pela Funda\u00e7\u00e3o Tony Elumelu"},"content":{"rendered":"<p>Na segunda-feira, 15 de julho, a Funda\u00e7\u00e3o Tony Elumelu (TEF) acolheu a <a href=\"https:\/\/www.tonyelumelufoundation.org\/pt\/eventos\/a-decade-of-impact-unlocking-the-potential-of-young-women-entrepreneurs-in-africa\/\">Conselho Consultivo Presidencial dos Estados Unidos<\/a> sobre o envolvimento da di\u00e1spora africana (PAC-ADE) numa reuni\u00e3o de intervenientes importantes dos sectores p\u00fablico e privado, empres\u00e1rios criativos e parceiros de desenvolvimento. O objetivo? Promover o empreendedorismo feminino em \u00c1frica.<\/p>\n\n\n\n<h2 class=\"wp-block-heading\"><strong>Destaques do evento<\/strong><\/h2>\n\n\n\n<p>O encontro contou com a presen\u00e7a de not\u00e1veis <a href=\"https:\/\/www.tonyelumelufoundation.org\/pt\/marcacao-2\/tefalumnicorner\/\">#TEFAlunos<\/a> que partilharam hist\u00f3rias de sucesso convincentes catalisadas pelas interven\u00e7\u00f5es do TEF. Estes antigos alunos ofereceram uma vis\u00e3o \u00fanica das oportunidades de crescimento e dos desafios enfrentados pelas mulheres empres\u00e1rias em \u00c1frica.<\/p>\n\n\n\n<figure class=\"wp-block-gallery has-nested-images columns-default is-cropped wp-block-gallery-1 is-layout-flex wp-block-gallery-is-layout-flex\">\n<figure class=\"wp-block-image size-large\"><img fetchpriority=\"high\" decoding=\"async\" width=\"1024\" height=\"704\" data-id=\"26044\" src=\"https:\/\/www.tonyelumelufoundation.org\/wp-content\/uploads\/2024\/07\/1721125127859-1024x704.jpg\" alt=\"Impulsionar o empreendedorismo feminino 1\" class=\"wp-image-26044\" srcset=\"https:\/\/www.tonyelumelufoundation.org\/wp-content\/uploads\/2024\/07\/1721125127859-1024x704.jpg 1024w, https:\/\/www.tonyelumelufoundation.org\/wp-content\/uploads\/2024\/07\/1721125127859-300x206.jpg 300w, https:\/\/www.tonyelumelufoundation.org\/wp-content\/uploads\/2024\/07\/1721125127859-768x528.jpg 768w, https:\/\/www.tonyelumelufoundation.org\/wp-content\/uploads\/2024\/07\/1721125127859-1536x1055.jpg 1536w, https:\/\/www.tonyelumelufoundation.org\/wp-content\/uploads\/2024\/07\/1721125127859-18x12.jpg 18w, https:\/\/www.tonyelumelufoundation.org\/wp-content\/uploads\/2024\/07\/1721125127859.jpg 2048w\" sizes=\"(max-width: 1024px) 100vw, 1024px\" \/><\/figure>\n\n\n\n<figure class=\"wp-block-image size-large\"><img decoding=\"async\" width=\"768\" height=\"1024\" data-id=\"26043\" src=\"https:\/\/www.tonyelumelufoundation.org\/wp-content\/uploads\/2024\/07\/1721125128478-768x1024.jpg\" alt=\"D\u00e9cada de impacto 2\" class=\"wp-image-26043\" srcset=\"https:\/\/www.tonyelumelufoundation.org\/wp-content\/uploads\/2024\/07\/1721125128478-768x1024.jpg 768w, https:\/\/www.tonyelumelufoundation.org\/wp-content\/uploads\/2024\/07\/1721125128478-225x300.jpg 225w, https:\/\/www.tonyelumelufoundation.org\/wp-content\/uploads\/2024\/07\/1721125128478-300x400.jpg 300w, https:\/\/www.tonyelumelufoundation.org\/wp-content\/uploads\/2024\/07\/1721125128478-1152x1536.jpg 1152w, https:\/\/www.tonyelumelufoundation.org\/wp-content\/uploads\/2024\/07\/1721125128478-9x12.jpg 9w, https:\/\/www.tonyelumelufoundation.org\/wp-content\/uploads\/2024\/07\/1721125128478.jpg 1280w\" sizes=\"(max-width: 768px) 100vw, 768px\" \/><\/figure>\n\n\n\n<figure class=\"wp-block-image size-large\"><img decoding=\"async\" width=\"1024\" height=\"683\" data-id=\"26042\" src=\"https:\/\/www.tonyelumelufoundation.org\/wp-content\/uploads\/2024\/07\/1721125129391-1024x683.jpg\" alt=\"Imagem de grupo 3\" class=\"wp-image-26042\" srcset=\"https:\/\/www.tonyelumelufoundation.org\/wp-content\/uploads\/2024\/07\/1721125129391-1024x683.jpg 1024w, https:\/\/www.tonyelumelufoundation.org\/wp-content\/uploads\/2024\/07\/1721125129391-300x200.jpg 300w, https:\/\/www.tonyelumelufoundation.org\/wp-content\/uploads\/2024\/07\/1721125129391-768x512.jpg 768w, https:\/\/www.tonyelumelufoundation.org\/wp-content\/uploads\/2024\/07\/1721125129391-391x260.jpg 391w, https:\/\/www.tonyelumelufoundation.org\/wp-content\/uploads\/2024\/07\/1721125129391-1536x1024.jpg 1536w, https:\/\/www.tonyelumelufoundation.org\/wp-content\/uploads\/2024\/07\/1721125129391-18x12.jpg 18w, https:\/\/www.tonyelumelufoundation.org\/wp-content\/uploads\/2024\/07\/1721125129391.jpg 2048w\" sizes=\"(max-width: 1024px) 100vw, 1024px\" \/><\/figure>\n\n\n\n<figure class=\"wp-block-image size-large\"><img loading=\"lazy\" decoding=\"async\" width=\"1024\" height=\"683\" data-id=\"26047\" src=\"https:\/\/www.tonyelumelufoundation.org\/wp-content\/uploads\/2024\/07\/1721125128208-1024x683.jpg\" alt=\"Painelistas 4\" class=\"wp-image-26047\" srcset=\"https:\/\/www.tonyelumelufoundation.org\/wp-content\/uploads\/2024\/07\/1721125128208-1024x683.jpg 1024w, https:\/\/www.tonyelumelufoundation.org\/wp-content\/uploads\/2024\/07\/1721125128208-300x200.jpg 300w, https:\/\/www.tonyelumelufoundation.org\/wp-content\/uploads\/2024\/07\/1721125128208-768x512.jpg 768w, https:\/\/www.tonyelumelufoundation.org\/wp-content\/uploads\/2024\/07\/1721125128208-391x260.jpg 391w, https:\/\/www.tonyelumelufoundation.org\/wp-content\/uploads\/2024\/07\/1721125128208-1536x1024.jpg 1536w, https:\/\/www.tonyelumelufoundation.org\/wp-content\/uploads\/2024\/07\/1721125128208-18x12.jpg 18w, https:\/\/www.tonyelumelufoundation.org\/wp-content\/uploads\/2024\/07\/1721125128208.jpg 2048w\" sizes=\"(max-width: 1024px) 100vw, 1024px\" \/><\/figure>\n\n\n\n<figure class=\"wp-block-image size-large\"><img loading=\"lazy\" decoding=\"async\" width=\"683\" height=\"1024\" data-id=\"26041\" src=\"https:\/\/www.tonyelumelufoundation.org\/wp-content\/uploads\/2024\/07\/1721125129153-683x1024.jpg\" alt=\"Impulsionar o empreendedorismo feminino 5\" class=\"wp-image-26041\" srcset=\"https:\/\/www.tonyelumelufoundation.org\/wp-content\/uploads\/2024\/07\/1721125129153-683x1024.jpg 683w, https:\/\/www.tonyelumelufoundation.org\/wp-content\/uploads\/2024\/07\/1721125129153-200x300.jpg 200w, https:\/\/www.tonyelumelufoundation.org\/wp-content\/uploads\/2024\/07\/1721125129153-768x1152.jpg 768w, https:\/\/www.tonyelumelufoundation.org\/wp-content\/uploads\/2024\/07\/1721125129153-1024x1536.jpg 1024w, https:\/\/www.tonyelumelufoundation.org\/wp-content\/uploads\/2024\/07\/1721125129153-8x12.jpg 8w, https:\/\/www.tonyelumelufoundation.org\/wp-content\/uploads\/2024\/07\/1721125129153.jpg 1280w\" sizes=\"(max-width: 683px) 100vw, 683px\" \/><\/figure>\n\n\n\n<figure class=\"wp-block-image size-large\"><img loading=\"lazy\" decoding=\"async\" width=\"683\" height=\"1024\" data-id=\"26048\" src=\"https:\/\/www.tonyelumelufoundation.org\/wp-content\/uploads\/2024\/07\/1721125127000-683x1024.jpg\" alt=\"Impulsionar o esp\u00edrito empresarial das mulheres 6\" class=\"wp-image-26048\" srcset=\"https:\/\/www.tonyelumelufoundation.org\/wp-content\/uploads\/2024\/07\/1721125127000-683x1024.jpg 683w, https:\/\/www.tonyelumelufoundation.org\/wp-content\/uploads\/2024\/07\/1721125127000-200x300.jpg 200w, https:\/\/www.tonyelumelufoundation.org\/wp-content\/uploads\/2024\/07\/1721125127000-768x1152.jpg 768w, https:\/\/www.tonyelumelufoundation.org\/wp-content\/uploads\/2024\/07\/1721125127000-1024x1536.jpg 1024w, https:\/\/www.tonyelumelufoundation.org\/wp-content\/uploads\/2024\/07\/1721125127000-8x12.jpg 8w, https:\/\/www.tonyelumelufoundation.org\/wp-content\/uploads\/2024\/07\/1721125127000.jpg 1280w\" sizes=\"(max-width: 683px) 100vw, 683px\" \/><\/figure>\n\n\n\n<figure class=\"wp-block-image size-large\"><img loading=\"lazy\" decoding=\"async\" width=\"720\" height=\"1024\" data-id=\"26045\" src=\"https:\/\/www.tonyelumelufoundation.org\/wp-content\/uploads\/2024\/07\/1721125128204-720x1024.jpg\" alt=\"Impulsionar o esp\u00edrito empresarial das mulheres 7\" class=\"wp-image-26045\" srcset=\"https:\/\/www.tonyelumelufoundation.org\/wp-content\/uploads\/2024\/07\/1721125128204-720x1024.jpg 720w, https:\/\/www.tonyelumelufoundation.org\/wp-content\/uploads\/2024\/07\/1721125128204-211x300.jpg 211w, https:\/\/www.tonyelumelufoundation.org\/wp-content\/uploads\/2024\/07\/1721125128204-768x1093.jpg 768w, https:\/\/www.tonyelumelufoundation.org\/wp-content\/uploads\/2024\/07\/1721125128204-1080x1536.jpg 1080w, https:\/\/www.tonyelumelufoundation.org\/wp-content\/uploads\/2024\/07\/1721125128204-8x12.jpg 8w, https:\/\/www.tonyelumelufoundation.org\/wp-content\/uploads\/2024\/07\/1721125128204.jpg 1280w\" sizes=\"(max-width: 720px) 100vw, 720px\" \/><\/figure>\n\n\n\n<figure class=\"wp-block-image size-large\"><img loading=\"lazy\" decoding=\"async\" width=\"849\" height=\"1024\" data-id=\"26040\" src=\"https:\/\/www.tonyelumelufoundation.org\/wp-content\/uploads\/2024\/07\/1721125126996-849x1024.jpg\" alt=\"Impulsionar o empreendedorismo feminino 8\" class=\"wp-image-26040\" srcset=\"https:\/\/www.tonyelumelufoundation.org\/wp-content\/uploads\/2024\/07\/1721125126996-849x1024.jpg 849w, https:\/\/www.tonyelumelufoundation.org\/wp-content\/uploads\/2024\/07\/1721125126996-249x300.jpg 249w, https:\/\/www.tonyelumelufoundation.org\/wp-content\/uploads\/2024\/07\/1721125126996-768x926.jpg 768w, https:\/\/www.tonyelumelufoundation.org\/wp-content\/uploads\/2024\/07\/1721125126996-1273x1536.jpg 1273w, https:\/\/www.tonyelumelufoundation.org\/wp-content\/uploads\/2024\/07\/1721125126996-10x12.jpg 10w, https:\/\/www.tonyelumelufoundation.org\/wp-content\/uploads\/2024\/07\/1721125126996.jpg 1280w\" sizes=\"(max-width: 849px) 100vw, 849px\" \/><\/figure>\n\n\n\n<figure class=\"wp-block-image size-large\"><img loading=\"lazy\" decoding=\"async\" width=\"1024\" height=\"714\" data-id=\"26046\" src=\"https:\/\/www.tonyelumelufoundation.org\/wp-content\/uploads\/2024\/07\/1721125127724-1-1024x714.jpg\" alt=\"Impulsionar o esp\u00edrito empresarial das mulheres 9\" class=\"wp-image-26046\" srcset=\"https:\/\/www.tonyelumelufoundation.org\/wp-content\/uploads\/2024\/07\/1721125127724-1-1024x714.jpg 1024w, https:\/\/www.tonyelumelufoundation.org\/wp-content\/uploads\/2024\/07\/1721125127724-1-300x209.jpg 300w, https:\/\/www.tonyelumelufoundation.org\/wp-content\/uploads\/2024\/07\/1721125127724-1-768x535.jpg 768w, https:\/\/www.tonyelumelufoundation.org\/wp-content\/uploads\/2024\/07\/1721125127724-1-1536x1070.jpg 1536w, https:\/\/www.tonyelumelufoundation.org\/wp-content\/uploads\/2024\/07\/1721125127724-1-18x12.jpg 18w, https:\/\/www.tonyelumelufoundation.org\/wp-content\/uploads\/2024\/07\/1721125127724-1.jpg 2048w\" sizes=\"(max-width: 1024px) 100vw, 1024px\" \/><\/figure>\n<\/figure>\n\n\n\n<div style=\"height:37px\" aria-hidden=\"true\" class=\"wp-block-spacer\"><\/div>\n\n\n\n<p><strong>Compromisso com o empoderamento das mulheres<\/strong><\/p>\n\n\n\n<p>O evento sublinhou um forte empenhamento na capacita\u00e7\u00e3o das mulheres empres\u00e1rias. Os debates centraram-se na promo\u00e7\u00e3o de um ambiente prop\u00edcio, no acesso ao capital e no papel da orienta\u00e7\u00e3o no apoio \u00e0s empresas lideradas por mulheres.<\/p>\n\n\n\n<p><strong>Principais debates e perspectivas<\/strong><\/p>\n\n\n\n<p>Os participantes exploraram estrat\u00e9gias para aumentar o impacto do empreendedorismo no desenvolvimento econ\u00f3mico, particularmente atrav\u00e9s da lente da equidade de g\u00e9nero. A intersec\u00e7\u00e3o entre inova\u00e7\u00e3o, tecnologia e crescimento inclusivo foi um tema central, destacando o papel fundamental das mulheres na defini\u00e7\u00e3o do futuro econ\u00f3mico de \u00c1frica.<\/p>\n\n\n\n<p><strong>Olhando para o futuro<\/strong><\/p>\n\n\n\n<p>\u00c0 medida que a Funda\u00e7\u00e3o Tony Elumelu continua a defender o empreendedorismo e a capacitar as mulheres em toda a \u00c1frica, o evento constituiu um marco significativo na promo\u00e7\u00e3o da colabora\u00e7\u00e3o e na condu\u00e7\u00e3o de iniciativas acion\u00e1veis.<\/p>\n\n\n\n<p><strong>Veja a recapitula\u00e7\u00e3o do evento<\/strong><\/p>\n\n\n\n<p>Para uma an\u00e1lise aprofundada do evento e das ideias dos principais oradores, veja o v\u00eddeo abaixo;<\/p>\n\n\n\n<figure class=\"wp-block-embed is-type-video is-provider-youtube wp-block-embed-youtube wp-embed-aspect-16-9 wp-has-aspect-ratio\"><div class=\"wp-block-embed__wrapper\">\n<iframe  id=\"_ytid_84162\"  width=\"1220\" height=\"686\"  data-origwidth=\"1220\" data-origheight=\"686\" src=\"https:\/\/www.youtube.com\/embed\/HAZtRbxSZ3g?enablejsapi=1&#038;autoplay=0&#038;cc_load_policy=0&#038;cc_lang_pref=&#038;iv_load_policy=1&#038;loop=0&#038;rel=1&#038;fs=1&#038;playsinline=0&#038;autohide=2&#038;theme=dark&#038;color=red&#038;controls=1&#038;disablekb=0&#038;\" class=\"__youtube_prefs__  epyt-is-override  no-lazyload\" title=\"Leitor do YouTube\"  allow=\"fullscreen; accelerometer; autoplay; clipboard-write; encrypted-media; gyroscope; picture-in-picture; web-share\" referrerpolicy=\"strict-origin-when-cross-origin\" allowfullscreen data-no-lazy=\"1\" data-skipgform_ajax_framebjll=\"\"><\/iframe>\n<\/div><\/figure>\n\n\n\n<div style=\"height:35px\" aria-hidden=\"true\" class=\"wp-block-spacer\"><\/div>\n\n\n\n<p><strong>Junte-se \u00e0 conversa<\/strong><\/p>\n\n\n\n<p>Junte-se a n\u00f3s na promo\u00e7\u00e3o do empreendedorismo feminino em \u00c1frica. Siga o nosso percurso e descubra como pode fazer parte deste movimento transformador. Veja a nossa <a href=\"https:\/\/www.instagram.com\/p\/C9es83XIDx_\/?utm_source=ig_web_copy_link&amp;igsh=MzRlODBiNWFlZA==\" target=\"_blank\" rel=\"noreferrer noopener\">Identificador do Instagram<\/a><\/p>\n\n\n\n<h2 class=\"wp-block-heading\"><strong>Sobre a Funda\u00e7\u00e3o Tony Elumelu<\/strong><\/h2>\n\n\n\n<p>A Funda\u00e7\u00e3o Tony Elumelu \u00e9 a principal institui\u00e7\u00e3o filantr\u00f3pica que capacita uma nova gera\u00e7\u00e3o de empres\u00e1rios africanos, impulsionando a erradica\u00e7\u00e3o da pobreza, catalisando a cria\u00e7\u00e3o de emprego em todos os 54 pa\u00edses africanos e garantindo o empoderamento econ\u00f3mico inclusivo. Desde o lan\u00e7amento do Programa de Empreendedorismo TEF em 2015, a Funda\u00e7\u00e3o treinou mais de 1,5 milh\u00f5es de jovens africanos no seu centro digital, TEFConnect, e desembolsou quase $100 milh\u00f5es de d\u00f3lares em financiamento direto a 18.000 mulheres e homens africanos, que criaram coletivamente mais de 400.000 projetos diretos e empregos indiretos. A miss\u00e3o da Funda\u00e7\u00e3o est\u00e1 enraizada no Africapitalismo, que posiciona o sector privado, e mais importante ainda, os empres\u00e1rios, como o catalisador para o desenvolvimento social e econ\u00f3mico do continente africano.<\/p>","protected":false},"excerpt":{"rendered":"<p>Na segunda-feira, 15 de julho, a Funda\u00e7\u00e3o Tony Elumelu (TEF) acolheu o Conselho Consultivo Presidencial dos Estados Unidos sobre o Envolvimento da Di\u00e1spora Africana (PAC-ADE) numa reuni\u00e3o de actores-chave dos sectores p\u00fablico e privado, empres\u00e1rios criativos e parceiros de desenvolvimento. O objetivo? Promover o empreendedorismo feminino em \u00c1frica. Destaques do evento O encontro incluiu not\u00e1veis ex-alunos do #TEFAlumni que partilharam ...<\/p>","protected":false},"author":29,"featured_media":26046,"comment_status":"closed","ping_status":"closed","sticky":false,"template":"","format":"standard","meta":{"_exactmetrics_skip_tracking":false,"_exactmetrics_sitenote_active":false,"_exactmetrics_sitenote_note":"","_exactmetrics_sitenote_category":0,"cybocfi_hide_featured_image":"","footnotes":""},"categories":[18],"tags":[699,461],"class_list":["post-26038","post","type-post","status-publish","format-standard","has-post-thumbnail","hentry","category-news","tag-tef-events","tag-women-entrepreneurship-for-africa"],"_links":{"self":[{"href":"https:\/\/www.tonyelumelufoundation.org\/pt\/wp-json\/wp\/v2\/posts\/26038","targetHints":{"allow":["GET"]}}],"collection":[{"href":"https:\/\/www.tonyelumelufoundation.org\/pt\/wp-json\/wp\/v2\/posts"}],"about":[{"href":"https:\/\/www.tonyelumelufoundation.org\/pt\/wp-json\/wp\/v2\/types\/post"}],"author":[{"embeddable":true,"href":"https:\/\/www.tonyelumelufoundation.org\/pt\/wp-json\/wp\/v2\/users\/29"}],"replies":[{"embeddable":true,"href":"https:\/\/www.tonyelumelufoundation.org\/pt\/wp-json\/wp\/v2\/comments?post=26038"}],"version-history":[{"count":0,"href":"https:\/\/www.tonyelumelufoundation.org\/pt\/wp-json\/wp\/v2\/posts\/26038\/revisions"}],"wp:featuredmedia":[{"embeddable":true,"href":"https:\/\/www.tonyelumelufoundation.org\/pt\/wp-json\/wp\/v2\/media\/26046"}],"wp:attachment":[{"href":"https:\/\/www.tonyelumelufoundation.org\/pt\/wp-json\/wp\/v2\/media?parent=26038"}],"wp:term":[{"taxonomy":"category","embeddable":true,"href":"https:\/\/www.tonyelumelufoundation.org\/pt\/wp-json\/wp\/v2\/categories?post=26038"},{"taxonomy":"post_tag","embeddable":true,"href":"https:\/\/www.tonyelumelufoundation.org\/pt\/wp-json\/wp\/v2\/tags?post=26038"}],"curies":[{"name":"wp","href":"https:\/\/api.w.org\/{rel}","templated":true}]}}